{"id":631743,"date":"2025-12-31T08:58:18","date_gmt":"2025-12-31T08:58:18","guid":{"rendered":"https:\/\/www.europesays.com\/fr\/631743\/"},"modified":"2025-12-31T08:58:18","modified_gmt":"2025-12-31T08:58:18","slug":"le-best-of-2025-de-mediacites-lille","status":"publish","type":"post","link":"https:\/\/www.europesays.com\/fr\/631743\/","title":{"rendered":"le \u00ab best of 2025 \u00bb de Mediacit\u00e9s Lille"},"content":{"rendered":"<p>Alors que l\u2019ann\u00e9e 2025 touche \u00e0 sa fin, voici venue l\u2019heure du traditionnel coup d\u2019oeil dans le r\u00e9tro. A Mediacit\u00e9s Lille, nous sacrifions d\u2019autant plus volontiers \u00e0 cette habitude des classements et autre \u00ab\u202fbest of\u202f\u00bb que l\u2019ann\u00e9e \u00e9coul\u00e9e a \u00e9t\u00e9 riche en \u00ab\u202fbons\u202f\u00bb sujets. Nous vous proposons donc deux \u00ab\u202fTop 5\u202f\u00bb. Celui, compl\u00e8tement subjectif, de la r\u00e9daction\u202f; et celui, plus statistique, des articles ou des s\u00e9ries d\u2019articles les plus consult\u00e9s. Avec, en cadeau de No\u00ebl, une rediffusion de notre \u00ab\u202fs\u00e9rie d\u2019\u00e9t\u00e9\u202f\u00bb consacr\u00e9e \u00e0 la c\u00e9l\u00e8bre p\u00e2tisserie lilloise, M\u00e9ert, et \u00e0 sa non moins c\u00e9l\u00e8bre gaufre. Alors bonne lecture\u2026 et bonne ann\u00e9e\u00a02026\u202f!<\/p>\n<p>LA S\u00c9LECTION DE LA R\u00c9DACTION<br \/>\n1\/ L\u2019enqu\u00eate la plus \u00e9pineuse<\/p>\n<p>C\u2019est un huis\u2010clos, dont les protagonistes relaient des r\u00e9cits tr\u00e8s diff\u00e9rents. Aux Arts et M\u00e9tiers de Lille, c\u00e9l\u00e8bre \u00e9cole d\u2019ing\u00e9nieurs install\u00e9e depuis plus d\u2019un si\u00e8cle dans d\u2019imposants b\u00e2timents du boulevard Louis XIV, nous d\u00e9couvrons en d\u00e9but d\u2019ann\u00e9e l\u2019ampleur d\u2019une crise qui chahute depuis de longs mois l\u2019institution.<\/p>\n<p><img loading=\"lazy\" decoding=\"async\" class=\"size-large wp-image-383581\" src=\"https:\/\/www.europesays.com\/fr\/wp-content\/uploads\/2025\/12\/Ensam-6-1024x683.jpg\" alt=\"Ensam\" width=\"696\" height=\"464\"  \/>En crise depuis plusieurs mois, le campus lillois d\u2019Arts et M\u00e9tiers est vis\u00e9 par une enqu\u00eate du minist\u00e8re de l\u2019Enseignement sup\u00e9rieur. Photo\u00a0: Matthieu Slisse \/ Mediacit\u00e9s<\/p>\n<p>\u00c0 l\u2019automne 2024, une \u00e9l\u00e8ve de premi\u00e8re ann\u00e9e accuse la directrice du campus de l\u2019avoir \u00ab\u202f\u00e9trangl\u00e9e\u202f\u00bb \u2013 selon les termes repris par La Voix du Nord. Les faits se seraient d\u00e9roul\u00e9s en marge d\u2019une soir\u00e9e d\u2019int\u00e9gration qui avait lieu dans une cour de l\u2019\u00e9cole, le 11 novembre. \u00c9l\u00e8ves, anciens \u00e9l\u00e8ves, repr\u00e9sentants \u00e9tudiants, professeurs\u2026 Mediacit\u00e9s multiplie les entretiens pour retracer le cours des \u00e9v\u00e9nements. Au fil de nos \u00e9changes, nous comprenons de mieux en mieux le contexte d\u2019intenses tensions qui\u00a0couve.<\/p>\n<p>En avril, nous apprenons que l\u2019Inspection g\u00e9n\u00e9rale de l\u2019enseignement sup\u00e9rieur (IGESR) travaille \u00e9galement \u00e0 \u00e9claircir les \u00e9v\u00e9nements. Selon des extraits de son rapport, la mission a conclu \u00e0 une absence d\u2019\u00e9tranglement\u2026 mais malgr\u00e9 nos nombreuses demandes en ce sens, l\u2019int\u00e9gralit\u00e9 de ce document n\u2019a toujours pas \u00e9t\u00e9 rendu public. Depuis notre article, la justice, saisie par l\u2019avocat de l\u2019\u00e9tudiante plaignante,<a href=\"https:\/\/www.mediacites.fr\/complement-denquete\/lille\/2025\/11\/18\/arts-et-metiers-de-lille-la-directrice-demissionne-et-linstitution-senfonce-dans-la-crise\/\" target=\"_blank\" rel=\"noopener\"> a refus\u00e9 de se prononcer sur le fond de l\u2019affaire et la directrice a d\u00e9missionn\u00e9<\/a>.<\/p>\n<blockquote class=\"wp-embedded-content\" data-secret=\"Ik6A384p1A\">\n<p><a href=\"https:\/\/www.mediacites.fr\/enquete\/lille\/2025\/04\/08\/agression-harcelement-enquete-du-ministere-de-lenseignement-superieur-aux-arts-et-metiers-de-lille\/\" target=\"_blank\" rel=\"noopener\">\u00ab\u202fAgression\u202f\u00bb, \u00ab\u202fharc\u00e8lement \u00bb\u2026 Enqu\u00eate du minist\u00e8re de l\u2019Enseignement sup\u00e9rieur aux Arts et M\u00e9tiers de\u00a0Lille<\/a><\/p>\n<\/blockquote>\n<p>2\/ Les r\u00e9v\u00e9lations les plus choquantes<\/p>\n<p>Andr\u00e9 Dupon, pr\u00e9sident de l\u2019entreprise lilloise d\u2019insertion Vitamine T et figure de l\u2019\u00e9conomie sociale et solidaire en France, devait se voir remis les insignes d\u2019officier de la L\u00e9gion d\u2019honneur le 3 d\u00e9cembre. Il n\u2019en sera finalement rien. La publication par Mediacit\u00e9s d\u2019un article r\u00e9v\u00e9lant son pass\u00e9 d\u2019\u00e9ducateur au foyer traditionaliste catholique de Riaumont, \u00e0 Li\u00e9vin, \u00e0 la fin des ann\u00e9es 1970, et une lettre ouverte de protestation de nombreux anciens pensionnaires a conduit la Grande chancellerie de l\u2019ordre \u00e0 annuler la c\u00e9r\u00e9monie.<\/p>\n<p><img loading=\"lazy\" decoding=\"async\" class=\"size-large wp-image-422041\" src=\"https:\/\/www.europesays.com\/fr\/wp-content\/uploads\/2025\/12\/2025-11-Lille-ADupon-1024x683.jpeg\" alt=\"\" width=\"696\" height=\"464\"  \/>Andr\u00e9 Dupon, pr\u00e9sident du groupe Vitamine T, r\u00e9compens\u00e9 du prix d\u2019honneur du management humain lors de la remise des troph\u00e9es des territoires en 2021. Il fait l\u2019objet de trois plaintes pour violence d\u2019anciens pensionnaires du foyer de Riaumont. Photo\u00a0: Facebook Groupe Vitamine T<\/p>\n<p>Publi\u00e9e le 27 novembre, notre enqu\u00eate a d\u00e9voil\u00e9 le contenu de trois plaintes d\u2019ex-pensionnaires qui accusent Andr\u00e9 Dupon d\u2019agression sexuelle et de violences physiques dans une institution <a href=\"https:\/\/www.mediacites.fr\/interview\/lille\/2022\/02\/28\/a-riaumont-cetait-une-violence-systemique-instauree\/\" target=\"_blank\" rel=\"noopener\">o\u00f9 la violence \u00e9tait syst\u00e9mique<\/a> de la part de pr\u00eatres et d\u2019encadrants la\u00efcs. Les faits reproch\u00e9s \u00e0 Andr\u00e9 Dupon, d\u00e9crit comme \u00ab\u202fun des pires\u202f\u00bb \u00e9ducateurs, sont particuli\u00e8rement choquants, s\u2019agissant de coups de pied, de coups de poing, de violences qui auraient \u00e9t\u00e9 jusqu\u2019\u00e0 assommer l\u2019un des plaignants ou de marches forc\u00e9es de nuit\u2026 Ces faits remontant \u00e0 une cinquantaine d\u2019ann\u00e9es \u00e9tant prescrits, ils n\u2019ont pas fait l\u2019objet d\u2019une enqu\u00eate par la justice et Andr\u00e9 Dupon reste pr\u00e9sum\u00e9 innocent.<\/p>\n<p>Mais la lettre envoy\u00e9e la m\u00eame semaine par un collectif de victimes du foyer a convaincu la Grande chancellerie de la l\u00e9gion d\u2019honneur <a href=\"https:\/\/www.mediacites.fr\/complement-denquete\/lille\/2025\/12\/01\/pensionnat-de-riaumont-la-ceremonie-de-remise-de-la-legion-dhonneur-a-andre-dupon-suspendue\/\" target=\"_blank\" rel=\"noopener\">d\u2019ordonner la suspension de la remise de la d\u00e9coration<\/a>. \u00ab\u202fIl n\u2019est pas tole\u0301rable que Monsieur Dupon continue a\u0300 parader devant les me\u0301dias donnant l\u2019image d\u2019un homme vertueux, notable lillois, reconnu dans la re\u0301gion Hauts\u2010de\u2010France et me\u0302me au\u2010dela\u0300, \u00e9crivent notamment ces anciens pensionnaires\u202f\u00bb. Et d\u2019ajouter\u00a0: \u00ab\u202fChaque encadrant de Riaumont qui a pratique\u0301 des actes de violences re\u0301pe\u0301te\u0301es sur des enfants doit re\u0301pondre de ses actes. Nous avons e\u0301te\u0301 traumatise\u0301s a\u0300 vie. Nous porterons ces blessures jusqu\u2019a\u0300 la fin. (\u2026) Nous sommes des survivants.\u202f\u00bb<\/p>\n<blockquote class=\"wp-embedded-content\" data-secret=\"kf3IwdU07k\">\n<p><a href=\"https:\/\/www.mediacites.fr\/enquete\/lille\/2025\/11\/27\/andre-dupon-patron-de-vitamine-t-rattrape-par-les-accusations-denfants-martyrs-de-riaumont\/\" target=\"_blank\" rel=\"noopener\">Andr\u00e9 Dupon, patron de Vitamine T, rattrap\u00e9 par les accusations d\u2019enfants martyrs de Riaumont<\/a><\/p>\n<\/blockquote>\n<p>3\/ L\u2019enqu\u00eate la plus longue faire aboutir<\/p>\n<p>Le d\u00e9partement du Nord a \u00e9t\u00e9 l\u2019un des premiers \u00e0 durcir le syst\u00e8me de sanctions visant les citoyens les plus pr\u00e9caires qui b\u00e9n\u00e9ficient du Revenu de solidarit\u00e9 active (RSA). Son pr\u00e9sident divers\u2010droite, Christian Poiret, a d\u00e9cid\u00e9 fin octobre 2024 de supprimer 80 % du montant de l\u2019allocation en cas de premier manquement (une simple absence \u00e0 un rendez\u2010vous peut suffire), et jusqu\u2019\u00e0 100 % si cela se reproduit. D\u00e8s cette annonce, Mediacit\u00e9s a cherch\u00e9 le bon moyen de rendre compte de cette nouvelle politique embl\u00e9matique du durcissement des conditions d\u2019attribution de cette aide sociale, dans un d\u00e9partement particuli\u00e8rement touch\u00e9 par la pauvret\u00e9. Mais mener cette enqu\u00eate s\u2019est av\u00e9r\u00e9 plus difficile que\u00a0pr\u00e9vu.<\/p>\n<p><img loading=\"lazy\" decoding=\"async\" class=\"size-large wp-image-422830\" src=\"https:\/\/www.europesays.com\/fr\/wp-content\/uploads\/2025\/12\/Poiret-Becue-1024x682.jpg\" alt=\"\" width=\"696\" height=\"464\"  \/>Christian Poiret et Doriane B\u00e9cue lors de la semaine \u00ab\u202fR\u00e9ussir sans attendre\u202f\u00bb organis\u00e9e par le d\u00e9partement en octobre. Source\u00a0: Facebook de Christian Poiret.<\/p>\n<p>Pendant plusieurs mois, Mediacit\u00e9s a analys\u00e9 cette r\u00e9forme opaque, tr\u00e8s peu \u00e9valu\u00e9e et abord\u00e9e par le d\u00e9partement en s\u00e9ance publique. Sans chiffres, sans acc\u00e8s aux Maisons Nord Emploi qui s\u2019occupent de l\u2019appliquer et sans possibilit\u00e9 de recueillir le t\u00e9moignage des principaux responsables de cette politique publique, nous avons d\u00fb redoubler d\u2019efforts pour trouver des donn\u00e9es et des t\u00e9moignages pour confirmer les informations qui nous avaient \u00e9t\u00e9 transmises.<\/p>\n<p>Nous avons \u00e9galement pris le temps de discuter avec un maximum d\u2019allocataires concern\u00e9s \u2013 en lien avec des structures syndicales et associatives ou non \u2013 afin de retransmettre le plus fid\u00e8lement leurs appr\u00e9hensions. La parution de cet article <a href=\"https:\/\/www.mediacites.fr\/breve\/lille\/2025\/12\/09\/rsa-dans-le-nord-doriane-becue-accuse-mediacites-de-mensonge-sans-vraiment-lire-notre-article\/\" target=\"_blank\" rel=\"noopener\">a suscit\u00e9 de multiples r\u00e9actions, \u00e0 commencer par celle de Doriane B\u00e9cue<\/a>, la vice\u2010pr\u00e9sidente du d\u00e9partement charg\u00e9e du Retour \u00e0 l\u2019emploi et \u00e0 l\u2019insertion, qui n\u2019avait pas souhait\u00e9 nous rencontrer en\u00a0amont.<\/p>\n<blockquote class=\"wp-embedded-content\" data-secret=\"sA02oXxL8Z\">\n<p><a href=\"https:\/\/www.mediacites.fr\/enquete\/lille\/2025\/12\/04\/allocataires-plus-sanctionnes-et-angoisses-personnels-deprimes-le-rsa-renove-fait-des-degats-dans-le-nord\/\" target=\"_blank\" rel=\"noopener\">Allocataires plus sanctionn\u00e9s et angoiss\u00e9s, personnels d\u00e9prim\u00e9s\u00a0: le \u00ab\u202fRSA r\u00e9nov\u00e9\u202f\u00bb fait des d\u00e9g\u00e2ts dans le\u00a0Nord<\/a><\/p>\n<\/blockquote>\n<p>4\/ L\u2019enqu\u00eate la plus internationale<\/p>\n<p>Les centaines de millions investis dans la r\u00e9novation urbaine permettent\u2010ils de lutter efficacement contre le trafic de drogue\u202f? C\u2019est de cette interrogation qu\u2019est venue l\u2019id\u00e9e de la collaboration nou\u00e9e \u00e0 la fin 2024 avec Vers Beton, un journal en ligne d\u2019investigation locale bas\u00e9 \u00e0 Rotterdam. Le projet\u202f? Mener une enqu\u00eate crois\u00e9e sur l\u2019impact du narcotrafic sur les projets de requalification de deux quartiers populaires\u00a0: Lille\u2010Sud et Rotterdam Sud. Le tout \u00e9tant financ\u00e9 par une bourse de l\u2019ONG Journalismfund qui nous a permis de consacrer une petite \u00e9quipe \u00e0 ce sujet pendant plusieurs mois. Car enqu\u00eater sur le trafic de drogue est difficile et prend du temps. Or, comme dit l\u2019adage, le temps, c\u2019est de l\u2019argent\u2026<\/p>\n<p><img loading=\"lazy\" decoding=\"async\" class=\"size-large wp-image-390166\" src=\"https:\/\/www.europesays.com\/fr\/wp-content\/uploads\/2025\/12\/Voiture-Police-Lille-Sud-3-1024x768.jpg\" alt=\"Voiture Police Lille Sud 3\" width=\"696\" height=\"522\"  \/>Une camionnette de police en patrouille rue de l\u2019Arbrisseau, \u00e0 Lille Sud. Photo\u00a0: Nadia\u00a0Daki<\/p>\n<p>De ce travail au long cours est sortie une s\u00e9rie de cinq articles qui dressent l\u2019\u00e9tat des lieux du trafic de drogue \u00e0 Lille\u2010Sud depuis les nombreux travaux de transformation du quartier, avec, en prime, le regard d\u2019une journaliste n\u00e9erlandaise sur cette situation. Mais nous ne nous ne sommes pas content\u00e9s d\u2019effectuer des constats. Nous avons \u00e9galement examin\u00e9 les solutions. Celles mises en oeuvre, notamment au niveau du coll\u00e8ge du quartier, pour essayer de d\u00e9tourner les jeunes des opportunit\u00e9s faciles offertes par le deal. Mais aussi celles employ\u00e9es \u00e0 Rotterdam pour endiguer les trafics et changer les quartiers.<\/p>\n<ol>\n<li><a href=\"https:\/\/www.mediacites.fr\/enquete\/lille\/2025\/05\/07\/a-lille-sud-les-grands-moyens-de-la-renovation-urbaine-buttent-toujours-sur-le-trafic-de-drogue\/\" target=\"_blank\" rel=\"noopener\">A Lille\u2010Sud, les grands moyens de la r\u00e9novation urbaine buttent toujours sur le trafic de drogue<\/a><\/li>\n<li><a href=\"https:\/\/www.mediacites.fr\/enquete\/lille\/2025\/05\/15\/partage-du-business-guetteurs-a-trottinette-et-toxicos-sdf-a-lille-sud-le-trafic-de-drogue-senracine\/\" target=\"_blank\" rel=\"noopener\">Partage du bsiness, guetteurs \u00e0 trottinette et toxicos SDF\u00a0: \u00e0 Lille\u2010Sud, le trafic de drogue s\u2019enracine<\/a><\/li>\n<li><a href=\"https:\/\/www.mediacites.fr\/enquete\/lille\/2025\/05\/21\/nouvelles-maisons-vieux-problemes-le-regard-dun-media-neerlandais-sur-la-renovation-de-lille-sud\/\" target=\"_blank\" rel=\"noopener\">Nouvelles maisons, vieux probl\u00e8mes\u00a0: le regard d\u2019un m\u00e9dia n\u00e9erlandais sur la r\u00e9novation de Lille\u2010Sud<\/a><\/li>\n<li><a href=\"https:\/\/www.mediacites.fr\/solutions\/lille\/2025\/05\/07\/la-tactique-de-rotterdam-dont-lille-pourrait-sinspirer-face-au-trafic-de-drogue\/\" target=\"_blank\" rel=\"noopener\">La tactique de Rotterdam dont Lille pourrait s\u2019inspirer face au trafic de drogue<\/a>&lt;:$\/li&gt;<\/li>\n<li><a href=\"https:\/\/www.mediacites.fr\/solutions\/lille\/2025\/05\/15\/la-bataille-de-lille-sud-pour-empecher-ses-jeunes-de-basculer-dans-le-trafic-de-stups\/\" target=\"_blank\" rel=\"noopener\">La bataille de Lille\u2010Sud pour emp\u00eacher ses jeunes de basculer dans le trafic de\u00a0stups<\/a><\/li>\n<\/ol>\n<p>5\/ L\u2019enqu\u00eate la plus technique<br \/>\n<img loading=\"lazy\" decoding=\"async\" class=\"size-large wp-image-374683\" src=\"https:\/\/www.europesays.com\/fr\/wp-content\/uploads\/2025\/12\/Dunkerque-CO2-Petrochimie-1024x683.png\" alt=\"Dunkerque \u2013 CO2 P\u00e9trochimie\" width=\"696\" height=\"464\"  \/>L\u2019usine p\u00e9trochimique de Mardyck compte parmi les trois sites industriels les plus polluants de la zone industrialo\u2010portuaire de Dunkerque. Photo\u00a0: Matthieu Slisse (retouch\u00e9e par Mediacit\u00e9s)<\/p>\n<p>Se d\u00e9carboner\u2026 sans pour autant rogner ses marges. C\u2019est la difficile, sinon impossible, \u00e9quation qui est pos\u00e9e aux principaux industriels du Dunkerquois, la capitale fran\u00e7aise de l\u2019aluminium, de l\u2019acier ou encore de la p\u00e9trochimie.<\/p>\n<p>Alors que la France vise la neutralit\u00e9 carbone en 2050, la baisse drastique de ces sites qui comptent parmi les plus polluants du pays est une absolue n\u00e9cessit\u00e9. Mod\u00e8les \u00e9conomiques, fili\u00e8res d\u2019approvisionnement, proc\u00e9d\u00e9s techniques\u2026 Mediacit\u00e9s s\u2019est plong\u00e9 dans les coulisses du \u201cverdissement\u201d de l\u2019industrie pour proposer une s\u00e9rie d\u2019articles pointus et accessibles sur un enjeu soci\u00e9tal majeur au traitement m\u00e9diatique le plus souvent cantonn\u00e9 aux quotidiens sp\u00e9cialis\u00e9s.<\/p>\n<blockquote class=\"wp-embedded-content\" data-secret=\"3YdzfHxe9c\">\n<p><a href=\"https:\/\/www.mediacites.fr\/enquete\/lille\/2025\/02\/20\/a-dunkerque-capitale-francaise-de-la-pollution-le-mirage-dune-industrie-verte\/\" target=\"_blank\" rel=\"noopener\">\u00c0 Dunkerque, capitale fran\u00e7aise de la pollution, le mirage d\u2019une industrie \u00ab\u202fverte\u202f\u00bb<\/a><\/p>\n<\/blockquote>\n<p>LE TOP 5 DES ARTICLES LES PLUS\u00a0LUS<br \/>\n1 \/ Le rapport qui confirme le sur\u2010contr\u00f4le des \u00e9tablissements musulmans<br \/>\n<img loading=\"lazy\" decoding=\"async\" class=\"size-large wp-image-386014\" src=\"https:\/\/www.europesays.com\/fr\/wp-content\/uploads\/2025\/12\/SIPA_01155925_000028_Spillebout-1024x683.jpg\" alt=\"\" width=\"696\" height=\"464\"  \/>Violette Spillebout, co\u2010rapporteure de la commission d\u2019enqu\u00eate sur les modalit\u00e9s du contr\u00f4le par l\u2019\u00c9tat dans les \u00e9tablissements scolaires\u202f juge que le lyc\u00e9e musulman Averro\u00e8s a connu un \u00ab\u202ftraitement particulier\u202f\u00bb. Photo\u00a0: Jacques Witt\/SIPA\/2404301944<\/p>\n<p>Comme l\u2019ann\u00e9e pr\u00e9c\u00e9dente, l\u2019article le plus consult\u00e9 en 2024 concerne le lyc\u00e9e priv\u00e9 musulman Averro\u00e8s. Alors que l\u2019\u00e9tablissement confessionnel de Lille\u2010Sud a vu ses subventions r\u00e9tablies par le tribunal administratif, Mediacit\u00e9s s\u2019est entretenu avec la d\u00e9put\u00e9 nordiste Violette Spillebout. Aux c\u00f4t\u00e9s du parlementaire insoumis Paul Vannier, elle s\u2019est plong\u00e9e durant de longs mois dans les lacunes du contr\u00f4le des \u00e9tablissements priv\u00e9s. Elle confirme qu\u2019au cours de la derni\u00e8re d\u00e9cennie, les \u00e9tablissements musulmans sous\u2010contrat (pourtant tr\u00e8s rares en France) ont fait l\u2019objet d\u2019une vigilance plus intense de la part des services de l\u2019\u00c9tat que les \u00e9tablissements priv\u00e9s catholiques, qui, eux, connaissent une absence quasi totale de contr\u00f4les.<\/p>\n<blockquote class=\"wp-embedded-content\" data-secret=\"VUY7T2okmW\">\n<p><a href=\"https:\/\/www.mediacites.fr\/entretien\/lille\/2025\/04\/23\/violette-spillebout-il-y-a-une-inegalite-de-traitement-entre-les-etablissements-musulmans-et-les-autres\/\" target=\"_blank\" rel=\"noopener\">Violette Spillebout\u00a0: \u00ab\u202fIl y a une in\u00e9galit\u00e9 de traitement entre les \u00e9tablissements musulmans et les autres\u202f\u00bb<\/a><\/p>\n<\/blockquote>\n<p>2 \/ Les agents municipaux lillois rappel\u00e9s \u00e0 l\u2019obligation de parler fran\u00e7ais<br \/>\n<img loading=\"lazy\" decoding=\"async\" class=\"size-large wp-image-401680\" src=\"https:\/\/www.europesays.com\/fr\/wp-content\/uploads\/2025\/12\/Illu-Note-DGS-Lille-1-1024x576.jpg\" alt=\"Illu Note DGS Lille (1)\" width=\"696\" height=\"392\"  \/>Le 30 juin, le directeur g\u00e9n\u00e9ral des services de la ville de Lille a diffus\u00e9 une note \u00e0 l\u2019ensemble des agents pour les rappeler \u00e0 leur obligation d\u2019employer le fran\u00e7ais. Face aux nombreuses r\u00e9actions indign\u00e9es, le DGS a retir\u00e9 son\u00a0texte.<\/p>\n<p>Patrick Pincet, le directeur g\u00e9n\u00e9ral des services de la ville de Lille, se serait bien pass\u00e9 de cette pol\u00e9mique juste avant le grand d\u00e9part en vacances d\u2019\u00e9t\u00e9 des agents municipaux. Le patron des fonctionnaires lillois s\u2019est retrouv\u00e9 au c\u0153ur d\u2019une temp\u00eate interne apr\u00e8s la diffusion d\u2019une note rappelant aux agents leur obligation d\u2019utiliser le fran\u00e7ais dans leurs \u00e9changes. Un texte v\u00e9cu comme stigmatisant par beaucoup d\u2019entre elles et eux, qui a incit\u00e9 les syndicats \u00e0 monter au cr\u00e9neau. Apr\u00e8s avoir d\u00e9fendu son r\u00f4le de devoir rappeler parfois certaines r\u00e8gles, le DGS s\u2019est excus\u00e9 pour la forme employ\u00e9e, avant de finalement retirer son\u00a0texte.<\/p>\n<blockquote class=\"wp-embedded-content\" data-secret=\"9ChhzWCLrs\">\n<p><a href=\"https:\/\/www.mediacites.fr\/pouvoirs\/lille\/2025\/07\/17\/agents-de-la-ville-de-lille-sommes-de-parler-francais-apres-la-polemique-le-mea-culpa-du-patron-des-services\/\" target=\"_blank\" rel=\"noopener\">Agents de la ville de Lille somm\u00e9s de parler fran\u00e7ais\u00a0: apr\u00e8s la pol\u00e9mique, le mea culpa du patron des services<\/a><\/p>\n<\/blockquote>\n<p>3 \/ La difficile concertation sur la r\u00e9novation urbaine \u00e0 Wazemmes<br \/>\n<img loading=\"lazy\" decoding=\"async\" class=\"size-large wp-image-398887\" src=\"https:\/\/www.europesays.com\/fr\/wp-content\/uploads\/2025\/12\/Rue-muree-2-1024x662.jpg\" alt=\"Rue mur\u00e9e 2\" width=\"696\" height=\"450\"  \/>Dans le quartier de Wazemmes concern\u00e9 par un projet de r\u00e9novation urbaine, les maisons pr\u00e9empt\u00e9es et mur\u00e9es sont de plus en plus nombreuses, au d\u00e9triment du cadre de vie des habitants encore pr\u00e9sents. Photo St\u00e9phanie Maurice.<\/p>\n<p>Comme ailleurs dans la ville, le quartier populaire de Wazemmes poursuit sa mue. Dans le secteur I\u00e9na\u2010Mexico, les maisons pr\u00e9empt\u00e9es et mur\u00e9es sont de plus en plus nombreuses, rendant la vie plus difficile aux riverains. La Fabrique des quartiers, op\u00e9rateur de la m\u00e9tropole pour la r\u00e9novation urbaine, missionn\u00e9 pour porter l\u2019op\u00e9ration de requalification doit trouver les moyens de faire vivre une participation des habitants pour renforcer l\u2019adh\u00e9sion au projet. Mais le temps de l\u2019am\u00e9nagement public n\u2019est pas celui du quotidien des riverains. Entre les ambitions de la ville, incarn\u00e9e par La Fabrique des quartiers, et les attentes des habitants, Mediacit\u00e9s a pu saisir \u00e0 quel point il est difficile pour les deux parties de se comprendre.<\/p>\n<blockquote class=\"wp-embedded-content\" data-secret=\"BIPIM9pNFb\">\n<p><a href=\"https:\/\/www.mediacites.fr\/reportage\/lille\/2025\/07\/03\/renovation-urbaine-a-wazemmes-on-leur-a-dit-cest-un-truc-de-bobos-ce-nest-pas-ca-quon-a-envie-de-faire\/\" target=\"_blank\" rel=\"noopener\">R\u00e9novation urbaine \u00e0 Wazemmes\u00a0: \u00ab\u202fOn leur a dit, c\u2019est un truc de bobos, ce n\u2019est pas \u00e7a qu\u2019on a envie de\u00a0faire\u202f\u00bb<\/a><\/p>\n<\/blockquote>\n<p>4\/ La saga de la succession de Martine Aubry<br \/>\n<img loading=\"lazy\" decoding=\"async\" class=\"size-large wp-image-377872\" src=\"https:\/\/www.europesays.com\/fr\/wp-content\/uploads\/2025\/12\/Conf-Aubry-2-1024x683.jpg\" alt=\"Conf Aubry 2\" width=\"696\" height=\"464\"  \/>Martine Aubry lors de sa conf\u00e9rence de presse le 6 mars\u00a02025<\/p>\n<p>Martine Aubry a quitt\u00e9 le fauteuil de maire de Lille en mars 2025, apr\u00e8s 24 ans pass\u00e9s au beffroi. \u00c0 un an de la fin de son quatri\u00e8me mandat, elle a pass\u00e9 la main \u00e0 son premier adjoint Arnaud Deslandes, mettant un terme \u00e0 une bataille interne avec la s\u00e9natrice Audrey Linkenheld, pourtant longtemps pr\u00e9sent\u00e9e comme sa favorite. Pendant des mois, au fil d\u2019articles successifs, Mediacit\u00e9s a suivi les coulisses de cette succession embl\u00e9matique, qui s\u2019est d\u00e9nou\u00e9e dans le secret de quelques bureaux \u00e0 l\u2019h\u00f4tel de ville. Le d\u00e9part tardif de Martine Aubry rend le scrutin particuli\u00e8rement ouvert apr\u00e8s sa courte victoire arrach\u00e9e au Vert St\u00e9phane Baly lors de l\u2019\u00e9lection municipale de 2020. Six ans plus tard, \u00e9cologistes et insoumis sont en ordre de bataille pour tenter de prendre le pouvoir aux socialistes qui r\u00e8gnent sur Lille depuis soixante\u2010dix ans. Une saga \u00e0 suivre jusqu\u2019en mars\u00a02026.<\/p>\n<ol>\n<li><a href=\"https:\/\/www.mediacites.fr\/pouvoirs\/politique\/lille\/2025\/01\/09\/succession-de-martine-aubry-recit-dune-vraie-fausse-indecision\/\" target=\"_blank\" rel=\"noopener\">Succession de Martine Aubry\u00a0: r\u00e9cit d\u2019une vraie\u2010fausse ind\u00e9cision<\/a><\/li>\n<li><a href=\"https:\/\/www.mediacites.fr\/pouvoirs\/lille\/2025\/02\/06\/succession-de-martine-aubry-le-trio-baly-spillebout-et-delemer-dans-la-course-a-lalternance\/\" target=\"_blank\" rel=\"noopener\">De Martine Aubry \u00e0 Arnaud Deslandes, les coulisses d\u2019un choix de raison<\/a><\/li>\n<li><a href=\"https:\/\/www.mediacites.fr\/reportage\/lille\/2025\/03\/06\/demission-de-martine-aubry-un-show-dadieu-et-une-intronisation-darnaud-deslandes-tres-sobre\/\" target=\"_blank\" rel=\"noopener\">D\u00e9mission de Martine Aubry\u00a0: un show d\u2019adieu et une intronisation d\u2019Arnaud Deslandes tr\u00e8s\u00a0sobre<\/a><\/li>\n<\/ol>\n<p>5\/ L\u2019\u00e9pilogue de l\u2019affaire \u00ab\u202fDamien Castelain\u202f\u00bb<br \/>\n<img loading=\"lazy\" decoding=\"async\" class=\"size-large wp-image-424387\" src=\"https:\/\/www.europesays.com\/fr\/wp-content\/uploads\/2025\/12\/1767171498_470_Damien-Castelain-Proces-Fevrier-2024-14-1024x683.jpg\" alt=\"\" width=\"696\" height=\"464\"  \/>Damien Castelain, ici lors de son proc\u00e8s de premi\u00e8re instance \u00e0 Lille, en f\u00e9vrier 2024. Photo Matthieu Slisse pour Mediacit\u00e9s.<\/p>\n<p>La justice a tranch\u00e9 en cette fin d\u2019ann\u00e9e 2025 pour Damien Castelain. Celui qui \u00e9tait pr\u00e9sident de la M\u00e9tropole europ\u00e9enne de Lille (MEL) depuis 2014 a \u00e9t\u00e9 contraint de d\u00e9missionner apr\u00e8s avoir \u00e9t\u00e9 d\u00e9finitivement condamn\u00e9 pour d\u00e9tournements de fonds publics, prise ill\u00e9gale d\u2019int\u00e9r\u00eats et recel d\u2019abus de confiance. Pour Mediacit\u00e9s, la d\u00e9cision de la cour d\u2019appel de Douai rendue le 16 d\u00e9cembre marque l\u2019\u00e9pilogue d\u2019une trop longue affaire n\u00e9e en grande partie avec nos r\u00e9v\u00e9lations. Celles qui nous ont valu la \u00ab\u202fhaine\u202f\u00bb publique du pr\u00e9sident Castelain, la censure constante de son institution et l\u2019hostilit\u00e9 de trop nombreux \u00e9lus qui nous ont jug\u00e9 trop s\u00e9v\u00e8re avec Damien Castelain. Nous nous r\u00e9p\u00e9tons mais il faut\u00a0: Mediacit\u00e9s n\u2019est ni s\u00e9v\u00e8re ni laxiste. Surtout, Mediacit\u00e9s ne rend pas la justice. Notre journal se contente de r\u00e9v\u00e9ler des faits dont la justice, parfois, doit se saisir. Notre r\u00f4le est ni plus ni moins que celui d\u2019un contre\u2010pouvoir d\u00e9mocratique.<\/p>\n<ol>\n<li><a href=\"https:\/\/www.mediacites.fr\/justice\/lille\/2025\/09\/23\/la-grosse-bourde-qui-condamne-deja-le-president-de-la-metropole-de-lille\/\" target=\"_blank\" rel=\"noopener\">La grosse bourde qui condamne d\u00e9j\u00e0 le pr\u00e9sident de la m\u00e9tropole de\u00a0Lille<\/a><\/li>\n<li><a href=\"https:\/\/www.mediacites.fr\/complement-denquete\/lille\/2025\/12\/16\/condamne-en-appel-damien-castelain-va-devoir-quitter-la-presidence-de-la-metropole-de-lille\/\" target=\"_blank\" rel=\"noopener\">Condamn\u00e9 en appel, Damien Castelain va devoir quitter la pr\u00e9sidence de la M\u00e9tropole de\u00a0Lille<\/a><\/li>\n<li><a href=\"https:\/\/www.mediacites.fr\/complement-denquete\/lille\/2025\/12\/12\/proces-castelain-un-verdict-aux-lourdes-consequences-pour-la-metropole-de-lille\/\" target=\"_blank\" rel=\"noopener\">Proc\u00e8s Castelain\u00a0: un verdict aux lourdes cons\u00e9quences pour la M\u00e9tropole de\u00a0Lille<\/a><\/li>\n<li><a href=\"https:\/\/www.mediacites.fr\/decryptage\/lille\/2025\/12\/24\/jugement-castelain-la-severite-des-juges-face-a-la-tres-grande-mansuetude-des-elus-de-la-mel\/\" target=\"_blank\" rel=\"noopener\">Jugement Castelain\u00a0: la s\u00e9v\u00e9rit\u00e9 des juges face \u00e0 la tr\u00e8s grande mansu\u00e9tude des \u00e9lus de la\u00a0MEL<\/a><\/li>\n<\/ol>\n<p>3\/ M\u00c9ERT, UNE SAGA LILLOISE<br \/>\n<img loading=\"lazy\" decoding=\"async\" class=\"size-large wp-image-401563\" src=\"https:\/\/www.europesays.com\/fr\/wp-content\/uploads\/2025\/12\/Couv-Ep1-Meert-1024x683.jpg\" alt=\"Couv Ep1 Meert\" width=\"696\" height=\"464\"  \/>Yero Diallo, 28 ans, p\u00e2tissier chez M\u00e9ert depuis 2019, a la lourde t\u00e2che d\u2019\u00e9laborer les c\u00e9l\u00e8bres gaufres. Ici dans le laboratoire parisien que la maison a ouvert au printemps 2024. Photo\u00a0: Matthieu Slisse \/ Mediacit\u00e9s<\/p>\n<p>Le nom, indissociable de Lille, est celui de l\u2019une des plus anciennes p\u00e2tisseries de France encore en activit\u00e9. Ses patrons actuels, Thierry Landron et Paul\u2010Henry Guermonprez ont fait de son histoire une v\u00e9ritable success\u2010story. Mais connaissez\u2010vous vraiment tous les secrets de M\u00e9ert\u202f? En proposant une s\u00e9rie de six \u00e9pisodes, Mediacit\u00e9s a gratt\u00e9 le vernis de la l\u00e9gende pour vous raconter \u00e0 sa mani\u00e8re l\u2019histoire de l\u2019iconique maison et de sa c\u00e9l\u00e8bre gaufre. L\u2019occasion de revenir sur son origine, sa fabrication, ou sur la boutique mythique de la rue Esquermoise, qui voit chaque ann\u00e9e d\u00e9filer c\u00e9l\u00e9brit\u00e9s et centaines de milliers de touristes, rachet\u00e9e il y a trente ans par un duo d\u00e9tonnant form\u00e9 par un expert\u2010comptable et un promoteur immobilier. Deux entrepreneurs qui r\u00e9p\u00e8tent depuis des ann\u00e9es leur envie d\u2019aller faire le tour du monde, en implantant des boutiques \u00e0 Duba\u00ef, Londres, New York ou Tokyo. Visiblement, il faudra encore patienter. Le dernier point de vente en date a ouvert en octobre 2025\u2026 \u00e0 Marcq\u2010en\u2010Baroeul.<\/p>\n<ol>\n<li><a href=\"https:\/\/www.mediacites.fr\/serie-dete\/lille\/2025\/07\/24\/aussi-mythique-que-mythifiee-les-secrets-du-succes-de-la-gaufre-meert\/\" target=\"_blank\" rel=\"noopener\">Aussi mythique que mythifi\u00e9e\u00a0: les secrets du succ\u00e8s de la gaufre M\u00e9ert<\/a><\/li>\n<li><a href=\"https:\/\/www.mediacites.fr\/serie-dete\/lille\/2025\/07\/24\/les-gaufres-meert-les-preferees-du-general-de-gaulle-et-de-marguerite-yourcenar-vraiment\/\" target=\"_blank\" rel=\"noopener\">Les gaufres M\u00e9ert, les pr\u00e9f\u00e9r\u00e9es du g\u00e9n\u00e9ral De Gaulle et de Marguerite Yourcenar\u00a0: vraiment\u202f?<\/a><\/li>\n<li><a href=\"http:\/\/mediacites.fr\/serie-dete\/lille\/2025\/07\/31\/ce-que-vous-ne-saviez-probablement-pas-sur-lhistoire-de-meert\/#:~:text=Pourtant%2C%20les%20M\u00e9ert%20ont%20dirig\u00e9,la%20rach\u00e8te%20au%20XXe%20si\u00e8cle.\" target=\"_blank\" rel=\"noopener\">Ce que vous ne saviez probablement pas sur l\u2019histoire de\u00a0M\u00e9ert<\/a><\/li>\n<li><a href=\"https:\/\/www.mediacites.fr\/serie-dete\/lille\/2025\/08\/07\/pourvu-que-ca-brille-au-27-rue-esquermoise-les-dessous-de-lesprit-meert\/\" target=\"_blank\" rel=\"noopener\">Pourvu que \u00e7a brille\u00a0: au 27 rue Esquermoise, les dessous de l\u2019esprit M\u00e9ert<\/a><\/li>\n<li><a href=\"https:\/\/www.mediacites.fr\/serie-dete\/lille\/2025\/08\/14\/apres-bien-des-deboires-la-gaufre-meert-va-t-elle-reussir-un-jour-a-conquerir-le-monde\/\" target=\"_blank\" rel=\"noopener\">Apr\u00e8s bien des d\u00e9boires, la gaufre M\u00e9ert va\u2010t\u2010elle r\u00e9ussir un jour \u00e0 conqu\u00e9rir le\u00a0monde\u202f?<\/a><\/li>\n<li><a href=\"https:\/\/www.mediacites.fr\/serie-dete\/lille\/2025\/08\/21\/comment-un-promoteur-immobilier-et-un-expert-comptable-ont-mis-la-main-sur-meert\/\" target=\"_blank\" rel=\"noopener\">Comment un promoteur immobilier et un expert\u2010comptable ont mis la main sur\u00a0M\u00e9ert<\/a><\/li>\n<\/ol>\n","protected":false},"excerpt":{"rendered":"Alors que l\u2019ann\u00e9e 2025 touche \u00e0 sa fin, voici venue l\u2019heure du traditionnel coup d\u2019oeil dans le r\u00e9tro.&hellip;\n","protected":false},"author":2,"featured_media":631744,"comment_status":"","ping_status":"","sticky":false,"template":"","format":"standard","meta":{"footnotes":""},"categories":[2815],"tags":[1111,11,1777,674,1011,27,811,1307,12,25,1650],"class_list":{"0":"post-631743","1":"post","2":"type-post","3":"status-publish","4":"format-standard","5":"has-post-thumbnail","7":"category-lille","8":"tag-actu","9":"tag-actualites","10":"tag-eu","11":"tag-europe","12":"tag-fr","13":"tag-france","14":"tag-hauts-de-france","15":"tag-lille","16":"tag-news","17":"tag-republique-francaise","18":"tag-selection"},"share_on_mastodon":{"url":"https:\/\/pubeurope.com\/@fr\/115813358852087667","error":""},"_links":{"self":[{"href":"https:\/\/www.europesays.com\/fr\/wp-json\/wp\/v2\/posts\/631743","targetHints":{"allow":["GET"]}}],"collection":[{"href":"https:\/\/www.europesays.com\/fr\/wp-json\/wp\/v2\/posts"}],"about":[{"href":"https:\/\/www.europesays.com\/fr\/wp-json\/wp\/v2\/types\/post"}],"author":[{"embeddable":true,"href":"https:\/\/www.europesays.com\/fr\/wp-json\/wp\/v2\/users\/2"}],"replies":[{"embeddable":true,"href":"https:\/\/www.europesays.com\/fr\/wp-json\/wp\/v2\/comments?post=631743"}],"version-history":[{"count":0,"href":"https:\/\/www.europesays.com\/fr\/wp-json\/wp\/v2\/posts\/631743\/revisions"}],"wp:featuredmedia":[{"embeddable":true,"href":"https:\/\/www.europesays.com\/fr\/wp-json\/wp\/v2\/media\/631744"}],"wp:attachment":[{"href":"https:\/\/www.europesays.com\/fr\/wp-json\/wp\/v2\/media?parent=631743"}],"wp:term":[{"taxonomy":"category","embeddable":true,"href":"https:\/\/www.europesays.com\/fr\/wp-json\/wp\/v2\/categories?post=631743"},{"taxonomy":"post_tag","embeddable":true,"href":"https:\/\/www.europesays.com\/fr\/wp-json\/wp\/v2\/tags?post=631743"}],"curies":[{"name":"wp","href":"https:\/\/api.w.org\/{rel}","templated":true}]}}