{"id":631745,"date":"2025-12-31T08:59:11","date_gmt":"2025-12-31T08:59:11","guid":{"rendered":"https:\/\/www.europesays.com\/fr\/631745\/"},"modified":"2025-12-31T08:59:11","modified_gmt":"2025-12-31T08:59:11","slug":"plongee-dans-le-mystere-de-la-grotte-cosquer-en-presence-de-son-decouvreur","status":"publish","type":"post","link":"https:\/\/www.europesays.com\/fr\/631745\/","title":{"rendered":"plong\u00e9e dans le myst\u00e8re de la grotte Cosquer, en pr\u00e9sence de son d\u00e9couvreur"},"content":{"rendered":"<p class=\"fs-5 \">\u00c0 une cinquantaine de kilom\u00e8tres \u00e0 vol d\u2019oiseau de la commune, sous la surface tranquille de la M\u00e9diterran\u00e9e, se dissimule un site arch\u00e9ologique sans \u00e9quivalent : la grotte Cosquer. L\u2019entr\u00e9e, aujourd\u2019hui immerg\u00e9e \u00e0 plus de trente m\u00e8tres de profondeur, en fait un cas unique \u00e0 l\u2019\u00e9chelle mondiale et un t\u00e9moignage pr\u00e9cieux de la pr\u00e9histoire m\u00e9diterran\u00e9enne.<\/p>\n<p>                                                                                Une d\u00e9couverte sans certitude et un secret gard\u00e9<\/p>\n<p class=\"fs-5 \">En 1985, le plongeur professionnel Henri Cosquer explore les fonds marins des calanques. Apr\u00e8s un long tunnel noy\u00e9, il d\u00e9bouche sur une cavit\u00e9 s\u00e8che. Sur les parois, des formes apparaissent. Des marques. Rien qui ne s\u2019impose imm\u00e9diatement comme une r\u00e9v\u00e9lation. \u00ab Je ne savais pas ce que j\u2019avais d\u00e9couvert au d\u00e9but. Mais c\u2019est en voyant une main peinte sur un mur que je me suis interrog\u00e9. Je n\u2019ai pas pens\u00e9 \u00e0 quelque chose qui ait travers\u00e9 le temps. Je viens de Marseille : dans la ville, les tagueurs sont nombreux. Ma premi\u00e8re pens\u00e9e a \u00e9t\u00e9 : \u201cM\u00eame l\u00e0, ils viennent ? \u00c0 37 m\u00e8tres de fond ! \u00bb<\/p>\n<p class=\"fs-5 \">Peu \u00e0 peu, le doute devient certitude. Et avec elle, une d\u00e9cision lourde : se taire. Henri Cosquer comprend que la reconnaissance officielle du site signifiera aussi la fin de ses plong\u00e9es, pour des raisons de s\u00e9curit\u00e9 autant que de pr\u00e9servation. Alors, avant que le secret ne lui \u00e9chappe, il redescend. \u00c0 plusieurs reprises. Photographie, filme, consigne, archive. Non par m\u00e9thode scientifique, mais par intuition, conscient de la fragilit\u00e9 de ce qu\u2019il observe.<\/p>\n<p class=\"fs-5 \">Officiellement, le secret demeure. Officieusement, il circule. Dans la communaut\u00e9 des plongeurs, l\u2019existence d\u2019une cavit\u00e9 myst\u00e9rieuse se murmure. Au d\u00e9but des ann\u00e9es 1990, trois hommes tentent de s\u2019y rendre. Pris au pi\u00e8ge dans le long tunnel immerg\u00e9, ils n\u2019en ressortiront pas. L\u2019acc\u00e8s \u00e0 la grotte est aussit\u00f4t condamn\u00e9 par une grille m\u00e9tallique, ferm\u00e9e par un cadenas, afin d\u2019en interdire d\u00e9finitivement l\u2019entr\u00e9e.<\/p>\n<p>                                                                                Des phoques et des pingouins en Provence ?<\/p>\n<p class=\"fs-5 \">Lorsque les scientifiques s\u2019en saisissent, l\u2019ampleur de la d\u00e9couverte appara\u00eet dans toute sa dimension : plus de 500 figures pari\u00e9tales, dat\u00e9es de 19 000 \u00e0 27 000 ans, repr\u00e9sentant chevaux, bisons, bouquetins, mais aussi phoques et pingouins, des animaux inattendus en notre r\u00e9gion, t\u00e9moins d\u2019un climat et d\u2019un paysage aujourd\u2019hui disparus.<\/p>\n<p class=\"fs-5 \">Ces repr\u00e9sentations racontent une Provence m\u00e9connaissable. \u00c0 l\u2019\u00e9poque, le niveau de la mer est bien plus bas et l\u2019entr\u00e9e de la grotte se trouve \u00e0 l\u2019air libre. Le climat est plus froid, les paysages diff\u00e9rents. La grotte Cosquer devient alors plus qu\u2019un chef-d\u2019\u0153uvre pari\u00e9tal : un rep\u00e8re dans le temps long, un t\u00e9moin des bouleversements anciens&#8230; et un miroir tendu \u00e0 notre \u00e9poque. Car ce site exceptionnel est aujourd\u2019hui menac\u00e9. La mont\u00e9e progressive du niveau de la mer a d\u00e9j\u00e0 englouti une partie de la grotte. Les \u0153uvres restantes sont fragiles, vou\u00e9es \u00e0 dispara\u00eetre \u00e0 terme.<\/p>\n<p>                                                                                Une rencontre d\u2019exception<\/p>\n<p class=\"fs-5 \">Pour permettre au public d\u2019en appr\u00e9hender la richesse, une r\u00e9plique fid\u00e8le, Cosquer M\u00e9diterran\u00e9e, a \u00e9t\u00e9 ouverte \u00e0 Marseille. Mais l\u2019association les Matriochkas vous propose bien mieux ce dimanche 4 janvier, avec une rencontre exceptionnelle avec Henri Cosquer et Thierry F\u00e9lix, pr\u00e9historien, \u00e0 l\u2019Espace Malraux. Les deux hommes d\u00e9voileront les images prises sous les eaux et r\u00e9pondront aux questions.<\/p>\n<p class=\"fs-5 \"><strong>Pratique <\/strong>dimanche 4 janvier \u00e0 16 h \u00e0 l\u2019Espace Malraux de Six-Fours. R\u00e9servation obligatoire par mail \u00e0 Matriochkavar83@gmail.com ou au 06.70.09.01.80.<\/p>\n","protected":false},"excerpt":{"rendered":"\u00c0 une cinquantaine de kilom\u00e8tres \u00e0 vol d\u2019oiseau de la commune, sous la surface tranquille de la M\u00e9diterran\u00e9e,&hellip;\n","protected":false},"author":2,"featured_media":631746,"comment_status":"","ping_status":"","sticky":false,"template":"","format":"standard","meta":{"footnotes":""},"categories":[2814],"tags":[1111,11,1777,674,1011,27,884,12,882,25],"class_list":{"0":"post-631745","1":"post","2":"type-post","3":"status-publish","4":"format-standard","5":"has-post-thumbnail","7":"category-marseille","8":"tag-actu","9":"tag-actualites","10":"tag-eu","11":"tag-europe","12":"tag-fr","13":"tag-france","14":"tag-marseille","15":"tag-news","16":"tag-provence-alpes-cote-dazur","17":"tag-republique-francaise"},"share_on_mastodon":{"url":"https:\/\/pubeurope.com\/@fr\/115813362371923377","error":""},"_links":{"self":[{"href":"https:\/\/www.europesays.com\/fr\/wp-json\/wp\/v2\/posts\/631745","targetHints":{"allow":["GET"]}}],"collection":[{"href":"https:\/\/www.europesays.com\/fr\/wp-json\/wp\/v2\/posts"}],"about":[{"href":"https:\/\/www.europesays.com\/fr\/wp-json\/wp\/v2\/types\/post"}],"author":[{"embeddable":true,"href":"https:\/\/www.europesays.com\/fr\/wp-json\/wp\/v2\/users\/2"}],"replies":[{"embeddable":true,"href":"https:\/\/www.europesays.com\/fr\/wp-json\/wp\/v2\/comments?post=631745"}],"version-history":[{"count":0,"href":"https:\/\/www.europesays.com\/fr\/wp-json\/wp\/v2\/posts\/631745\/revisions"}],"wp:featuredmedia":[{"embeddable":true,"href":"https:\/\/www.europesays.com\/fr\/wp-json\/wp\/v2\/media\/631746"}],"wp:attachment":[{"href":"https:\/\/www.europesays.com\/fr\/wp-json\/wp\/v2\/media?parent=631745"}],"wp:term":[{"taxonomy":"category","embeddable":true,"href":"https:\/\/www.europesays.com\/fr\/wp-json\/wp\/v2\/categories?post=631745"},{"taxonomy":"post_tag","embeddable":true,"href":"https:\/\/www.europesays.com\/fr\/wp-json\/wp\/v2\/tags?post=631745"}],"curies":[{"name":"wp","href":"https:\/\/api.w.org\/{rel}","templated":true}]}}