{"id":631747,"date":"2025-12-31T09:00:10","date_gmt":"2025-12-31T09:00:10","guid":{"rendered":"https:\/\/www.europesays.com\/fr\/631747\/"},"modified":"2025-12-31T09:00:10","modified_gmt":"2025-12-31T09:00:10","slug":"un-bain-du-nouvel-an-festif-et-gratuit-ce-jeudi-1er-janvier-a-midi-sur-la-plage-du-petit-roucas-a-marseille","status":"publish","type":"post","link":"https:\/\/www.europesays.com\/fr\/631747\/","title":{"rendered":"Un bain du nouvel An \u00ab\u00a0festif et gratuit\u00a0\u00bb ce jeudi 1er janvier \u00e0 midi sur la plage du Petit Roucas \u00e0 Marseille"},"content":{"rendered":"<p>2026 ne d\u00e9rogera pas \u00e0 <a href=\"https:\/\/www.laprovence.com\/article\/region\/1304048258984615\/a-marseille-plonger-dans-la-mediterranee-l-hiver-pour-un-grand-bain-de-liberte\" target=\"_blank\" rel=\"noopener\">la tradition du bain du nouvel An<\/a>. \u00c0 Marseille, se baigner pour c\u00e9l\u00e9brer la nouvelle ann\u00e9e, c\u2019est le rendez-vous incontournable du 1er\u00a0janvier. Ce jeudi \u00e0 midi sur la petite plage du Petit Roucas (8e), les <a href=\"https:\/\/www.laprovence.com\/article\/region\/58221445136114\/il-y-a-juste-a-mettre-des-bouees-les-libres-nageurs-veulent-faire-trempette-au-pied-du-mucem\" target=\"_blank\" rel=\"noopener\">Libres Nageurs<\/a> organisent le bain du nouvel An comme chaque ann\u00e9e.<\/p>\n<p>Gratuit et festif, cet \u00e9v\u00e9nement est accessible \u00e0 tous entre trempette rapide ou longue baignade pour les plus courageux.<\/p>\n<p>Une tradition givr\u00e9e<\/p>\n<p>Attention, chaque nageur qui pr\u00e9voit de se baigner devra simplement le faire en assurant sa propre s\u00e9curit\u00e9. \u00ab\u00a0Participation \u00e0 ses risques et p\u00e9rils. Aucune nage loin du rivage, aucun encadrement ne sont pr\u00e9vus dans l\u2019eau. Les enfants sont sous l\u2019autorit\u00e9 exclusive de leurs parents\u00a0\u00bb, rappelle Benjamin Clasen pour les Libres Nageurs.<\/p>\n<p>D\u2019\u00c9dimbourg \u00e0 Berlin, en passant par Lisbonne, Antibes et Marseille\u2026 Partout en Europe les baigneurs les plus t\u00e9m\u00e9raires se jettent dans des eaux plus ou moins glac\u00e9es pour c\u00e9l\u00e9brer le passage \u00e0 la nouvelle ann\u00e9e, le cercle des nageurs invite de son c\u00f4t\u00e9 \u00e0 se lancer \u00e0 l\u2019eau ce samedi 3\u00a0janvier \u00e0 midi. L\u2019an dernier, les Marseillais n\u2019avaient pas d\u00e9rog\u00e9 \u00e0 la tradition avec un rassemblement populaire sur la plage des Catalans mais aussi au Prado.<\/p>\n","protected":false},"excerpt":{"rendered":"2026 ne d\u00e9rogera pas \u00e0 la tradition du bain du nouvel An. \u00c0 Marseille, se baigner pour c\u00e9l\u00e9brer&hellip;\n","protected":false},"author":2,"featured_media":631748,"comment_status":"","ping_status":"","sticky":false,"template":"","format":"standard","meta":{"footnotes":""},"categories":[2814],"tags":[15467,17,1111,11,27245,1777,674,14012,1011,27,326,25104,9272,884,12,10542,882,16,25],"class_list":{"0":"post-631747","1":"post","2":"type-post","3":"status-publish","4":"format-standard","5":"has-post-thumbnail","7":"category-marseille","8":"tag-1er","9":"tag-17","10":"tag-actu","11":"tag-actualites","12":"tag-bain","13":"tag-eu","14":"tag-europe","15":"tag-festif","16":"tag-fr","17":"tag-france","18":"tag-gratuit","19":"tag-janvier","20":"tag-jeudi","21":"tag-marseille","22":"tag-news","23":"tag-nouvel","24":"tag-provence-alpes-cote-dazur","25":"tag-region","26":"tag-republique-francaise"},"share_on_mastodon":{"url":"https:\/\/pubeurope.com\/@fr\/115813366091559808","error":""},"_links":{"self":[{"href":"https:\/\/www.europesays.com\/fr\/wp-json\/wp\/v2\/posts\/631747","targetHints":{"allow":["GET"]}}],"collection":[{"href":"https:\/\/www.europesays.com\/fr\/wp-json\/wp\/v2\/posts"}],"about":[{"href":"https:\/\/www.europesays.com\/fr\/wp-json\/wp\/v2\/types\/post"}],"author":[{"embeddable":true,"href":"https:\/\/www.europesays.com\/fr\/wp-json\/wp\/v2\/users\/2"}],"replies":[{"embeddable":true,"href":"https:\/\/www.europesays.com\/fr\/wp-json\/wp\/v2\/comments?post=631747"}],"version-history":[{"count":0,"href":"https:\/\/www.europesays.com\/fr\/wp-json\/wp\/v2\/posts\/631747\/revisions"}],"wp:featuredmedia":[{"embeddable":true,"href":"https:\/\/www.europesays.com\/fr\/wp-json\/wp\/v2\/media\/631748"}],"wp:attachment":[{"href":"https:\/\/www.europesays.com\/fr\/wp-json\/wp\/v2\/media?parent=631747"}],"wp:term":[{"taxonomy":"category","embeddable":true,"href":"https:\/\/www.europesays.com\/fr\/wp-json\/wp\/v2\/categories?post=631747"},{"taxonomy":"post_tag","embeddable":true,"href":"https:\/\/www.europesays.com\/fr\/wp-json\/wp\/v2\/tags?post=631747"}],"curies":[{"name":"wp","href":"https:\/\/api.w.org\/{rel}","templated":true}]}}