{"id":631749,"date":"2025-12-31T09:01:11","date_gmt":"2025-12-31T09:01:11","guid":{"rendered":"https:\/\/www.europesays.com\/fr\/631749\/"},"modified":"2025-12-31T09:01:11","modified_gmt":"2025-12-31T09:01:11","slug":"lyon-ces-deux-lyonnaises-racontent-comment-leur-coup-de-foudre-amical-a-commence-sur-facebook","status":"publish","type":"post","link":"https:\/\/www.europesays.com\/fr\/631749\/","title":{"rendered":"Lyon. Ces deux Lyonnaises racontent comment leur \u00ab\u00a0coup de foudre amical\u00a0\u00bb a commenc\u00e9 sur Facebook"},"content":{"rendered":"<p>C\u2019est dans les grandes villes que l\u2019on trouve le plus grand nombre de c\u00e9libataires. Et cela va de pair, c\u2019est au sein de ces m\u00eames grandes villes que la solitude est la plus pr\u00e9gnante. La derni\u00e8re \u00e9tude Ipsos sur le sujet, r\u00e9alis\u00e9e en avril\u00a02025 et intitul\u00e9e \u00ab\u00a0les Fran\u00e7ais et la solitude\u00a0\u00bb, fait d\u2019ailleurs \u00e9tat d\u2019un Fran\u00e7ais sur cinq qui se sent seul souvent, voire tout le temps\u00a0; et pr\u00e8s de six sur dix, au moins de temps en temps.<\/p>\n<p>Dans une large majorit\u00e9, ils vivent dans les grandes villes ou les m\u00e9tropoles. Ils sont venus y changer de vie, suivre leur conjoint, faire des \u00e9tudes ou ont \u00e9t\u00e9 mut\u00e9s professionnellement. Certains en souffrent, d\u2019autre non. Mais \u00e0 93\u00a0%, ils \u00e9voquent \u00ab\u00a0un lien social distendu pour cause de repli sur soi et&#8230;<\/p>\n","protected":false},"excerpt":{"rendered":"C\u2019est dans les grandes villes que l\u2019on trouve le plus grand nombre de c\u00e9libataires. Et cela va de&hellip;\n","protected":false},"author":2,"featured_media":631750,"comment_status":"","ping_status":"","sticky":false,"template":"","format":"standard","meta":{"footnotes":""},"categories":[1889],"tags":[1111,11,2430,2757,1777,674,1011,27,2428,2756,12,25,2429,3151,104],"class_list":{"0":"post-631749","1":"post","2":"type-post","3":"status-publish","4":"format-standard","5":"has-post-thumbnail","7":"category-lyon","8":"tag-actu","9":"tag-actualites","10":"tag-auvergne-rhone-alpes","11":"tag-edition-lyon-villeurbanne","12":"tag-eu","13":"tag-europe","14":"tag-fr","15":"tag-france","16":"tag-lyon","17":"tag-lyon-bassin","18":"tag-news","19":"tag-republique-francaise","20":"tag-rhone","21":"tag-selection-de-la-redaction-69","22":"tag-societe"},"share_on_mastodon":{"url":"https:\/\/pubeurope.com\/@fr\/115813370059993989","error":""},"_links":{"self":[{"href":"https:\/\/www.europesays.com\/fr\/wp-json\/wp\/v2\/posts\/631749","targetHints":{"allow":["GET"]}}],"collection":[{"href":"https:\/\/www.europesays.com\/fr\/wp-json\/wp\/v2\/posts"}],"about":[{"href":"https:\/\/www.europesays.com\/fr\/wp-json\/wp\/v2\/types\/post"}],"author":[{"embeddable":true,"href":"https:\/\/www.europesays.com\/fr\/wp-json\/wp\/v2\/users\/2"}],"replies":[{"embeddable":true,"href":"https:\/\/www.europesays.com\/fr\/wp-json\/wp\/v2\/comments?post=631749"}],"version-history":[{"count":0,"href":"https:\/\/www.europesays.com\/fr\/wp-json\/wp\/v2\/posts\/631749\/revisions"}],"wp:featuredmedia":[{"embeddable":true,"href":"https:\/\/www.europesays.com\/fr\/wp-json\/wp\/v2\/media\/631750"}],"wp:attachment":[{"href":"https:\/\/www.europesays.com\/fr\/wp-json\/wp\/v2\/media?parent=631749"}],"wp:term":[{"taxonomy":"category","embeddable":true,"href":"https:\/\/www.europesays.com\/fr\/wp-json\/wp\/v2\/categories?post=631749"},{"taxonomy":"post_tag","embeddable":true,"href":"https:\/\/www.europesays.com\/fr\/wp-json\/wp\/v2\/tags?post=631749"}],"curies":[{"name":"wp","href":"https:\/\/api.w.org\/{rel}","templated":true}]}}