{"id":631751,"date":"2025-12-31T09:02:10","date_gmt":"2025-12-31T09:02:10","guid":{"rendered":"https:\/\/www.europesays.com\/fr\/631751\/"},"modified":"2025-12-31T09:02:10","modified_gmt":"2025-12-31T09:02:10","slug":"lyon-deux-hommes-blesses-par-balles-secroulent-a-lhopital-la-police-intervient","status":"publish","type":"post","link":"https:\/\/www.europesays.com\/fr\/631751\/","title":{"rendered":"Lyon. Deux hommes bless\u00e9s par balles s&rsquo;\u00e9croulent \u00e0 l&rsquo;h\u00f4pital, la police intervient"},"content":{"rendered":"<p>                    Par<br \/>\n        <strong><br \/>\n            <a href=\"https:\/\/actu.fr\/auteur\/anthony-soudani\" title=\"Consulter tous les articles de Anthony Soudani\" target=\"_blank\" rel=\"noopener\">Anthony Soudani<\/a><br \/>\n                    <\/strong><\/p>\n<p>        Publi\u00e9 le<\/p>\n<p>            31 d\u00e9c. 2025 \u00e0 8h28        <\/p>\n<p>La soir\u00e9e a \u00e9t\u00e9 agit\u00e9e dans le 3e arrondissement. <strong>Deux hommes bless\u00e9s par balles<\/strong> se sont pr\u00e9sent\u00e9s \u00e0 l\u2019h\u00f4pital Edouard-Herriot de Lyon, mardi 30 d\u00e9cembre, vers 23h15.<\/p>\n<p class=\" wall-content\">Selon les informations d\u2019actu Lyon confirmant celles du <a href=\"https:\/\/www.leprogres.fr\/faits-divers-justice\/2025\/12\/31\/blesses-par-balles-ils-se-rendent-a-l-hopital-et-tombent-sur-la-police-municipale\" target=\"_blank\" rel=\"noopener\">Progr\u00e8s<\/a>, ils auraient \u00e9t\u00e9 victimes de tirs d\u2019arme \u00e0 feu dans le secteur de la rue Sainte-Anne de Baraban, dans le quartier Villette, pas loin de la gare Part-Dieu.<\/p>\n<p>    <a href=\"https:\/\/www.google.com\/maps\/embed?pb=!1m18!1m12!1m3!1d10221.776045996572!2d4.862252394815635!3d45.75753041950275!2m3!1f0!2f0!3f0!3m2!1i1024!2i768!4f13.1!3m3!1m2!1s0x47f4c1d5f1fec149%3A0xabeffa16dc210cc7!2sRue%20Sainte-Anne%20de%20Baraban%2C%2069003%20Lyon!5e0!3m2!1sfr!2sfr!4v1767165568733!5m2!1sfr!2sfr\" title=\"Ouvrie le lien\" target=\"_blank\" rel=\"noopener\">Cliquez ici pour visualiser le contenu<\/a><\/p>\n<p>Les deux victimes prises en charge d\u2019urgence \u00e0 l\u2019h\u00f4pital<\/p>\n<p class=\" wall-content\">Les deux victimes, l\u2019une touch\u00e9e au cou et l\u2019autre au niveau du bras et de la cuisse, ont \u00e9t\u00e9 accompagn\u00e9es \u00e0 l\u2019h\u00f4pital par une troisi\u00e8me personne. \u00c0 leur arriv\u00e9e, <strong>elles sont tomb\u00e9es sur des effectifs de police municipale d\u00e9j\u00e0 pr\u00e9sents<\/strong> sur place.\u00a0<\/p>\n<p class=\" wall-content\">Les victimes se sont \u00e9croul\u00e9es au sol. Les agents ont rapidement r\u00e9alis\u00e9 les gestes de premiers secours et ont maintenu la troisi\u00e8me personne sur les lieux.<\/p>\n<p class=\" wall-content\">Les deux hommes touch\u00e9s par balles ont ensuite \u00e9t\u00e9 pris en charge par les soignants de l\u2019h\u00f4pital. Leur pronostic vital n\u2019est pas connu.\u00a0<\/p>\n<p class=\" wall-content\">Personnalisez votre actualit\u00e9 en ajoutant vos villes et m\u00e9dias en favori avec <a href=\"https:\/\/moncompte.actu.fr\" title=\"D\u00e9couvez Mon Actu\" rel=\"nofollow noopener\" data-trk=\"{&quot;cta&quot;:{&quot;action&quot;:&quot;https:\\\/\\\/moncompte.actu.fr&quot;,&quot;category&quot;:&quot;mon compte&quot;,&quot;from&quot;:&quot;article footer&quot;,&quot;name&quot;:&quot;Mon actu&quot;,&quot;type&quot;:&quot;cta&quot;}}\" target=\"_blank\">Mon Actu<\/a>.<\/p>\n","protected":false},"excerpt":{"rendered":"Par Anthony Soudani Publi\u00e9 le 31 d\u00e9c. 2025 \u00e0 8h28 La soir\u00e9e a \u00e9t\u00e9 agit\u00e9e dans le 3e&hellip;\n","protected":false},"author":2,"featured_media":631752,"comment_status":"","ping_status":"","sticky":false,"template":"","format":"standard","meta":{"footnotes":""},"categories":[1889],"tags":[1111,11,2430,1777,674,118,1011,27,23742,2428,12,1072,25],"class_list":{"0":"post-631751","1":"post","2":"type-post","3":"status-publish","4":"format-standard","5":"has-post-thumbnail","7":"category-lyon","8":"tag-actu","9":"tag-actualites","10":"tag-auvergne-rhone-alpes","11":"tag-eu","12":"tag-europe","13":"tag-faits-divers","14":"tag-fr","15":"tag-france","16":"tag-hospices-civils-de-lyon-hcl","17":"tag-lyon","18":"tag-news","19":"tag-police","20":"tag-republique-francaise"},"share_on_mastodon":{"url":"https:\/\/pubeurope.com\/@fr\/115813373891523558","error":""},"_links":{"self":[{"href":"https:\/\/www.europesays.com\/fr\/wp-json\/wp\/v2\/posts\/631751","targetHints":{"allow":["GET"]}}],"collection":[{"href":"https:\/\/www.europesays.com\/fr\/wp-json\/wp\/v2\/posts"}],"about":[{"href":"https:\/\/www.europesays.com\/fr\/wp-json\/wp\/v2\/types\/post"}],"author":[{"embeddable":true,"href":"https:\/\/www.europesays.com\/fr\/wp-json\/wp\/v2\/users\/2"}],"replies":[{"embeddable":true,"href":"https:\/\/www.europesays.com\/fr\/wp-json\/wp\/v2\/comments?post=631751"}],"version-history":[{"count":0,"href":"https:\/\/www.europesays.com\/fr\/wp-json\/wp\/v2\/posts\/631751\/revisions"}],"wp:featuredmedia":[{"embeddable":true,"href":"https:\/\/www.europesays.com\/fr\/wp-json\/wp\/v2\/media\/631752"}],"wp:attachment":[{"href":"https:\/\/www.europesays.com\/fr\/wp-json\/wp\/v2\/media?parent=631751"}],"wp:term":[{"taxonomy":"category","embeddable":true,"href":"https:\/\/www.europesays.com\/fr\/wp-json\/wp\/v2\/categories?post=631751"},{"taxonomy":"post_tag","embeddable":true,"href":"https:\/\/www.europesays.com\/fr\/wp-json\/wp\/v2\/tags?post=631751"}],"curies":[{"name":"wp","href":"https:\/\/api.w.org\/{rel}","templated":true}]}}