{"id":631753,"date":"2025-12-31T09:04:12","date_gmt":"2025-12-31T09:04:12","guid":{"rendered":"https:\/\/www.europesays.com\/fr\/631753\/"},"modified":"2025-12-31T09:04:12","modified_gmt":"2025-12-31T09:04:12","slug":"15-maisons-medicales-de-seine-et-marne-labellisees-france-sante","status":"publish","type":"post","link":"https:\/\/www.europesays.com\/fr\/631753\/","title":{"rendered":"15 maisons m\u00e9dicales de Seine-et-Marne labellis\u00e9es France Sant\u00e9"},"content":{"rendered":"<p><img loading=\"lazy\" decoding=\"async\" alt=\"\u00a9 Pr\u00e9fecture de Seine-et-Marne - H\u00e9l\u00e8ne Marie (directrice d\u00e9partementale de l\u2019ARS), Beno\u00eet Kaplan (pr\u00e9fet d\u00e9l\u00e9gu\u00e9) et Anne Gbiorczyk (vice-pr\u00e9sidente du D\u00e9partement) ont labellis\u00e9 les premi\u00e8res maisons France Sant\u00e9 de Seine-et-Marne.\" data-zoom-src=\"https:\/\/www.europesays.com\/fr\/wp-content\/uploads\/2025\/12\/initial-maisons-france-sante.jpg\" data-zoomable=\"\" height=\"702\" src=\"https:\/\/www.europesays.com\/fr\/wp-content\/uploads\/2025\/12\/initial-maisons-france-sante.jpg\" width=\"1248\"\/>  <\/p>\n<p class=\"article-desc\">\u00a9 Pr\u00e9fecture de Seine-et-Marne &#8211; H\u00e9l\u00e8ne Marie (directrice d\u00e9partementale de l\u2019ARS), Beno\u00eet Kaplan (pr\u00e9fet d\u00e9l\u00e9gu\u00e9) et Anne Gbiorczyk (vice-pr\u00e9sidente du D\u00e9partement) ont labellis\u00e9 les premi\u00e8res maisons France Sant\u00e9 de Seine-et-Marne. <\/p>\n<p>Calqu\u00e9 sur le mod\u00e8le des structures <a href=\"https:\/\/mesinfos.fr\/ile-de-france\/france-services-le-public-au-rendez-vous-208541.html\" rel=\"noopener\" target=\"_blank\">France Services<\/a>, le r\u00e9seau <strong>France Sant\u00e9 <\/strong>doit permettre \u00e0 chaque Fran\u00e7ais d\u2019acc\u00e9der \u00e0 une solution de sant\u00e9 en moins de 30 minutes et d\u2019obtenir un rendez-vous m\u00e9dical sous 48 heures si son \u00e9tat de sant\u00e9 le n\u00e9cessite. <\/p>\n<p>Le but est aussi de faciliter le <a href=\"https:\/\/mesinfos.fr\/ile-de-france\/acces-aux-soins-le-departement-lance-un-plan-de-reconquete-medicale-44970.html\" rel=\"noopener\" target=\"_blank\">niveau d\u2019accessibilit\u00e9 et de qualit\u00e9 des soins<\/a> de proximit\u00e9 et d\u2019am\u00e9liorer la lisibilit\u00e9 de l\u2019offre de sant\u00e9 sur le territoire national. <\/p>\n<p><strong>Le d\u00e9ploiement du r\u00e9seau France Sant\u00e9 se poursuit<\/strong> <\/p>\n<p>En Seine-et-Marne, 15 premi\u00e8res maisons m\u00e9dicales<strong>*<\/strong> ont \u00e9t\u00e9 labellis\u00e9es jeudi 18 d\u00e9cembre \u00e0 l&rsquo;occasion d\u2019une premi\u00e8re phase de d\u00e9ploiement. Ces labellisations ont \u00e9t\u00e9 sign\u00e9es conjointement par <a href=\"https:\/\/mesinfos.fr\/ile-de-france\/benoit-kaplan-l-egalite-des-chances-est-un-combat-au-quotidien-222459.html\" rel=\"noopener\" target=\"_blank\">Beno\u00eet Kaplan<\/a> (pr\u00e9fet d\u00e9l\u00e9gu\u00e9 pour l\u2019\u00c9galit\u00e9 des chances), H\u00e9l\u00e8ne Marie (directrice d\u00e9partementale de l\u2019Agence r\u00e9gionale de sant\u00e9 \u00cele-de-France) et Anne Gbiorczyk (vice-pr\u00e9sidente du D\u00e9partement en charge, notamment, de la pr\u00e9sence m\u00e9dicale). <\/p>\n<p>Le d\u00e9ploiement du <strong>r\u00e9seau France Sant\u00e9<\/strong> en Seine-et-Marne va se poursuivre en collaboration avec les \u00e9lus locaux, afin d\u2019identifier les prochaines structures m\u00e9dicales \u00e0 labelliser. <\/p>\n<p><strong>Plus de 100 maisons France Sant\u00e9 labellis\u00e9es en \u00cele-de-France<\/strong> <\/p>\n<p>\u201cLa labellisation ouvrira droit \u00e0 un financement p\u00e9renne d\u00e8s 2026 jusqu\u2019\u00e0 50 000 euros, mobilisable pour renforcer les \u00e9quipes soignantes, am\u00e9liorer l\u2019accompagnement des patients et moderniser les \u00e9quipements\u2019\u2019, indique le communiqu\u00e9 de l\u2019<a href=\"https:\/\/mesinfos.fr\/ile-de-france\/l-agence-regionale-de-sante-a-inspecte-90-ehpad-106668.html\" rel=\"noopener\" target=\"_blank\">Agence r\u00e9gionale de Sant\u00e9<\/a> (<strong>ARS<\/strong>) \u00cele-de-France.<\/p>\n<p>Au total, plus de <strong>100 maisons France Sant\u00e9<\/strong> viennent d\u2019\u00eatre labellis\u00e9es en \u00cele-de-France. En 2026, <strong>130 millions d\u2019euros<\/strong> seront allou\u00e9s pour d\u00e9velopper ce r\u00e9seau avec l\u2019objectif de 2 000 structures labellis\u00e9es d&rsquo;ici la fin du premier semestre 2026. <\/p>\n<p><strong>*<\/strong>Centre de sant\u00e9 (CDS) Cannes-Ecluse (75 bis rue D\u00e9sir\u00e9 Thoison), centre municipal de sant\u00e9 (CMS) Champagne-sur-Seine (126 rue du G\u00e9n\u00e9ral de Gaulle), CDS Sud 77 Ch\u00e2telet-en-Brie (37 all\u00e9e des Pignons Blancs), CDS Saint-Mamm\u00e8s (57 rue Gambetta), CDS Sud 77 Moissy-Cramayel (12 avenue Jean-Jaur\u00e8s), CMS Mitry-Mory (4 place Nelson Mandela), CDS h\u00f4pital Forcilles (9 rue du Plessis, Pontault-Combault), CMS du G\u00e2tinais (98 avenue de Fontainebleau, Saint-Fargeau-Ponthierry), CDS du Provinois (25 place Honor\u00e9 de Balzac, Provins), centre intercommunal de sant\u00e9 (CIC) Fresnes-sur-Marne (68 rue de l\u2019Ourcq), maison de sant\u00e9 pluridisciplinaire (MSP) Bois des Granges (3 boulevard de Soave, Claye-Souilly), maison de sant\u00e9 pluridisciplinaire universitaire (MSPU) Torcy (3 rue Charlie Chaplin), MSP de l\u2019Orvanne et du Lunain (23 hameau de Villenouette, Lorrez-le-Bocage-Pr\u00e9aux), maison de sant\u00e9 Emerainville (16 all\u00e9e de la Pierre Rouge), MSP Hippocrate (199 rue Nelson-Almeida, Le M\u00e9e-sur-Seine).<\/p>\n","protected":false},"excerpt":{"rendered":"\u00a9 Pr\u00e9fecture de Seine-et-Marne &#8211; H\u00e9l\u00e8ne Marie (directrice d\u00e9partementale de l\u2019ARS), Beno\u00eet Kaplan (pr\u00e9fet d\u00e9l\u00e9gu\u00e9) et Anne Gbiorczyk&hellip;\n","protected":false},"author":2,"featured_media":631754,"comment_status":"","ping_status":"","sticky":false,"template":"","format":"standard","meta":{"footnotes":""},"categories":[1592],"tags":[1111,11,57728,1777,674,1011,27,662,12,626,25],"class_list":{"0":"post-631753","1":"post","2":"type-post","3":"status-publish","4":"format-standard","5":"has-post-thumbnail","7":"category-ile-de-france","8":"tag-actu","9":"tag-actualites","10":"tag-du00e9serts-mu00e9dicaux","11":"tag-eu","12":"tag-europe","13":"tag-fr","14":"tag-france","15":"tag-ile-de-france","16":"tag-news","17":"tag-paris","18":"tag-republique-francaise"},"share_on_mastodon":{"url":"https:\/\/pubeurope.com\/@fr\/115813381880683411","error":""},"_links":{"self":[{"href":"https:\/\/www.europesays.com\/fr\/wp-json\/wp\/v2\/posts\/631753","targetHints":{"allow":["GET"]}}],"collection":[{"href":"https:\/\/www.europesays.com\/fr\/wp-json\/wp\/v2\/posts"}],"about":[{"href":"https:\/\/www.europesays.com\/fr\/wp-json\/wp\/v2\/types\/post"}],"author":[{"embeddable":true,"href":"https:\/\/www.europesays.com\/fr\/wp-json\/wp\/v2\/users\/2"}],"replies":[{"embeddable":true,"href":"https:\/\/www.europesays.com\/fr\/wp-json\/wp\/v2\/comments?post=631753"}],"version-history":[{"count":0,"href":"https:\/\/www.europesays.com\/fr\/wp-json\/wp\/v2\/posts\/631753\/revisions"}],"wp:featuredmedia":[{"embeddable":true,"href":"https:\/\/www.europesays.com\/fr\/wp-json\/wp\/v2\/media\/631754"}],"wp:attachment":[{"href":"https:\/\/www.europesays.com\/fr\/wp-json\/wp\/v2\/media?parent=631753"}],"wp:term":[{"taxonomy":"category","embeddable":true,"href":"https:\/\/www.europesays.com\/fr\/wp-json\/wp\/v2\/categories?post=631753"},{"taxonomy":"post_tag","embeddable":true,"href":"https:\/\/www.europesays.com\/fr\/wp-json\/wp\/v2\/tags?post=631753"}],"curies":[{"name":"wp","href":"https:\/\/api.w.org\/{rel}","templated":true}]}}