{"id":631755,"date":"2025-12-31T09:05:10","date_gmt":"2025-12-31T09:05:10","guid":{"rendered":"https:\/\/www.europesays.com\/fr\/631755\/"},"modified":"2025-12-31T09:05:10","modified_gmt":"2025-12-31T09:05:10","slug":"deux-poids-deux-mesures-une-ministre-deleguee-deplore-la-naturalisation-francaise-de-george-clooney","status":"publish","type":"post","link":"https:\/\/www.europesays.com\/fr\/631755\/","title":{"rendered":"\u00ab\u00a0Deux poids, deux mesures\u00a0\u00bb : une ministre d\u00e9l\u00e9gu\u00e9e d\u00e9plore la naturalisation fran\u00e7aise de George Clooney"},"content":{"rendered":"<p class=\"paragraph text_align_left lp-f-body-02\">\u00ab J\u2019aimerais conna\u00eetre l\u2019enti\u00e8ret\u00e9 de la proc\u00e9dure. \u00bb Marie-Pierre Vedrenne, ministre d\u00e9l\u00e9gu\u00e9e aupr\u00e8s du ministre de l\u2019Int\u00e9rieur, a r\u00e9agi ce mercredi \u00e0 la naturalisation George Clooney. <a href=\"https:\/\/www.leparisien.fr\/culture-loisirs\/cinema\/amel-et-george-clooney-ainsi-que-leurs-deux-enfants-ont-obtenu-la-nationalite-francaise-29-12-2025-VUOYCEXLCVHILANMV5QHPTRCCE.php\" target=\"_blank\" rel=\"noreferrer noopener\">Le com\u00e9dien am\u00e9ricain de 64 ans, sa femme Amal<\/a>, d\u2019origine libano-britannique, et leurs jumeaux Ella et Alexander ont obtenu la nationalit\u00e9 fran\u00e7aise, le 26 d\u00e9cembre dernier.<\/p>\n<p class=\"\">\u00ab \u00c0 titre personnel, je peux comprendre l\u2019appr\u00e9ciation de certains Fran\u00e7ais sur ce sujet du deux poids, deux mesures \u00bb, d\u00e9clare la ministre d\u00e9l\u00e9gu\u00e9e aupr\u00e8s du ministre de l\u2019Int\u00e9rieur sur Franceinfo qui \u00ab ne mesure pas \u00bb si l\u2019acteur a b\u00e9n\u00e9fici\u00e9 d\u2019un passe-droit.<\/p>\n<p class=\"\">\u00ab Je ne m\u2019engage qu\u2019\u00e0 titre personnel, j\u2019aimerais conna\u00eetre et (je) vais voir l\u2019enti\u00e8ret\u00e9 de la proc\u00e9dure, parce que je pense que ce n\u2019est pas le bon message qui est envoy\u00e9 \u00bb, estime-t-elle.<\/p>\n<p>\u00ab Faire attention au message qu\u2019on peut envoyer \u00bb<\/p>\n<p class=\"\">Marie-Pierre Vedrenne reconna\u00eet qu\u2019elle peut \u00eatre \u00ab tr\u00e8s fi\u00e8re \u00bb que George Clooney \u00ab demande la nationalit\u00e9 fran\u00e7aise \u00bb. \u00ab C\u2019est tr\u00e8s bien, il vit en France \u00bb. Elle insiste : \u00ab Mais je crois qu\u2019il faut faire attention au message qu\u2019on peut envoyer. Il y a un sujet d\u2019\u00e9quit\u00e9 qui est absolument essentiel, mais je le redis, c\u2019est un positionnement personnel \u00bb.<\/p>\n<p class=\"\">La naturalisation de l\u2019acteur et de sa famille a \u00e9t\u00e9 confirm\u00e9e par le d\u00e9cret du 26 d\u00e9cembre 2025, dont la publication au Journal officiel est intervenue le 27 d\u00e9cembre.<\/p>\n<p class=\"title-embed-dailymotion lp-color-text lp-f-subtitle-04\">Vid\u00e9oLes Clooney obtiennent la nationalit\u00e9 fran\u00e7aise<\/p>\n<p class=\"\"><a href=\"https:\/\/www.legifrance.gouv.fr\/jorf\/id\/JORFTEXT000053175492#:~:text=mineurs%20b%C3%A9n%C3%A9ficiant%20...-,D%C3%A9cret%20du%2026%20d%C3%A9cembre%202025%20portant%20naturalisation%2C%20r%C3%A9int%C3%A9gration%2C%20mention%20d,&#039;all%C3%A9geance%20fran%C3%A7aise%20(Acc%C3%A8s%20prot%C3%A9g%C3%A9)\" rel=\"noopener\" target=\"_blank\">Ce d\u00e9cret<\/a>, dont l\u2019intitul\u00e9 complet est \u00ab portant naturalisation, r\u00e9int\u00e9gration, mention d\u2019enfants mineurs b\u00e9n\u00e9ficiant de l\u2019effet collectif attach\u00e9 \u00e0 l\u2019acquisition de la nationalit\u00e9 fran\u00e7aise par leurs parents, francisation de noms et de pr\u00e9noms et lib\u00e9ration de l\u2019all\u00e9geance fran\u00e7aise \u00bb, officialise une nouvelle \u00e9tape dans la vie de la famille Clooney.<\/p>\n","protected":false},"excerpt":{"rendered":"\u00ab J\u2019aimerais conna\u00eetre l\u2019enti\u00e8ret\u00e9 de la proc\u00e9dure. \u00bb Marie-Pierre Vedrenne, ministre d\u00e9l\u00e9gu\u00e9e aupr\u00e8s du ministre de l\u2019Int\u00e9rieur, a&hellip;\n","protected":false},"author":2,"featured_media":631756,"comment_status":"","ping_status":"","sticky":false,"template":"","format":"standard","meta":{"footnotes":""},"categories":[1888],"tags":[1111,1928,11,1927,650,872,1777,674,1011,27,12,1926,626,1925,316,25],"class_list":{"0":"post-631755","1":"post","2":"type-post","3":"status-publish","4":"format-standard","5":"has-post-thumbnail","7":"category-paris","8":"tag-actu","9":"tag-actu-paris","10":"tag-actualites","11":"tag-actualites-paris","12":"tag-cinema","13":"tag-culture-et-loisirs","14":"tag-eu","15":"tag-europe","16":"tag-fr","17":"tag-france","18":"tag-news","19":"tag-news-paris","20":"tag-paris","21":"tag-paris-news","22":"tag-politique","23":"tag-republique-francaise"},"share_on_mastodon":{"url":"https:\/\/pubeurope.com\/@fr\/115813385736094128","error":""},"_links":{"self":[{"href":"https:\/\/www.europesays.com\/fr\/wp-json\/wp\/v2\/posts\/631755","targetHints":{"allow":["GET"]}}],"collection":[{"href":"https:\/\/www.europesays.com\/fr\/wp-json\/wp\/v2\/posts"}],"about":[{"href":"https:\/\/www.europesays.com\/fr\/wp-json\/wp\/v2\/types\/post"}],"author":[{"embeddable":true,"href":"https:\/\/www.europesays.com\/fr\/wp-json\/wp\/v2\/users\/2"}],"replies":[{"embeddable":true,"href":"https:\/\/www.europesays.com\/fr\/wp-json\/wp\/v2\/comments?post=631755"}],"version-history":[{"count":0,"href":"https:\/\/www.europesays.com\/fr\/wp-json\/wp\/v2\/posts\/631755\/revisions"}],"wp:featuredmedia":[{"embeddable":true,"href":"https:\/\/www.europesays.com\/fr\/wp-json\/wp\/v2\/media\/631756"}],"wp:attachment":[{"href":"https:\/\/www.europesays.com\/fr\/wp-json\/wp\/v2\/media?parent=631755"}],"wp:term":[{"taxonomy":"category","embeddable":true,"href":"https:\/\/www.europesays.com\/fr\/wp-json\/wp\/v2\/categories?post=631755"},{"taxonomy":"post_tag","embeddable":true,"href":"https:\/\/www.europesays.com\/fr\/wp-json\/wp\/v2\/tags?post=631755"}],"curies":[{"name":"wp","href":"https:\/\/api.w.org\/{rel}","templated":true}]}}