{"id":631763,"date":"2025-12-31T09:09:11","date_gmt":"2025-12-31T09:09:11","guid":{"rendered":"https:\/\/www.europesays.com\/fr\/631763\/"},"modified":"2025-12-31T09:09:11","modified_gmt":"2025-12-31T09:09:11","slug":"la-russie-sinquiete-du-programme-strategique-entre-lue-et-larmenie","status":"publish","type":"post","link":"https:\/\/www.europesays.com\/fr\/631763\/","title":{"rendered":"La Russie s&rsquo;inqui\u00e8te du \u00ab programme strat\u00e9gique \u00bb entre l&rsquo;UE et l&rsquo;Arm\u00e9nie"},"content":{"rendered":"<p><b>La Russie a exprim\u00e9 son inqui\u00e9tude concernant un nouveau cadre politique visant \u00e0 approfondir les relations entre l\u2019Arm\u00e9nie et l\u2019Union europ\u00e9enne, affirmant que cela remettait en question le maintien de l\u2019adh\u00e9sion de ce pays du Caucase du Sud au bloc commercial dirig\u00e9 par la Russie.<\/b><\/p>\n<p>Le nouvel agenda strat\u00e9gique pour le partenariat entre l\u2019UE et l\u2019Arm\u00e9nie a \u00e9t\u00e9 sign\u00e9 \u00e0 Bruxelles le 2 d\u00e9cembre. Il vise \u00e0 s\u2019appuyer sur l\u2019accord de partenariat renforc\u00e9 (CEPA) sign\u00e9 par Bruxelles et Erevan en 2017.<\/p>\n<p>\u00ab La coop\u00e9ration est une chose, l\u2019int\u00e9gration en est une autre, a d\u00e9clar\u00e9 le vice-ministre russe des Affaires \u00e9trang\u00e8res, Mikha\u00efl Galouzine, au quotidien Izvestia dans une interview publi\u00e9e mardi. Ce que nous voyons dans le nouvel agenda strat\u00e9gique pour le partenariat Arm\u00e9nie-UE, c\u2019est pr\u00e9cis\u00e9ment l\u2019int\u00e9gration, telle que nous la comprenons, qui comprend l\u2019harmonisation du cadre juridique arm\u00e9nien avec les normes europ\u00e9ennes pertinentes dans des domaines cl\u00e9s tels que la politique, la s\u00e9curit\u00e9, l\u2019\u00e9conomie, l\u2019\u00e9nergie, l\u2019\u00e9cologie, etc. \u00bb<\/p>\n<p>\u00ab Et nous disons franchement et ouvertement \u00e0 nos coll\u00e8gues arm\u00e9niens qu\u2019une telle harmonisation du cadre juridique avec l\u2019UE entrera in\u00e9vitablement en conflit avec les normes pertinentes de l\u2019Union \u00e9conomique eurasienne (UEE), dont l\u2019Arm\u00e9nie est membre \u00bb, a-t-il d\u00e9clar\u00e9.<\/p>\n<p>L\u2019ambassadeur russe \u00e0 Erevan, Sergei Kopyrkin, a \u00e9galement fait part du m\u00e9contentement de Moscou concernant le document de 64 pages sign\u00e9 par la chef de la politique \u00e9trang\u00e8re de l\u2019UE, Kaja Kallas, et le ministre arm\u00e9nien des Affaires \u00e9trang\u00e8res, Ararat Mirzoyan. Selon lui, Mme Kallas a clairement indiqu\u00e9 que le bloc des 27 nations attendait de l\u2019Arm\u00e9nie qu\u2019elle se joigne aux sanctions impos\u00e9es par l\u2019UE \u00e0 la Russie \u00e0 la suite de son invasion de l\u2019Ukraine.<\/p>\n<p>\u00ab Les hauts responsables de l\u2019UE ne cachent pas leur intention d\u2019inscrire les relations de l\u2019UE avec Erevan dans le cadre de leur projet d\u2019infliger une \u00ab d\u00e9faite strat\u00e9gique \u00bb \u00e0 la Russie, alli\u00e9e de l\u2019Arm\u00e9nie \u00bb, a d\u00e9clar\u00e9 M. Kopyrkin au journal russo-arm\u00e9nien Noev Kovcheg.<\/p>\n<p>Les responsables russes ont lanc\u00e9 des avertissements similaires apr\u00e8s que le gouvernement arm\u00e9nien a fait adopter par le Parlement en avril une loi appelant au \u00ab lancement du processus d\u2019adh\u00e9sion de l\u2019Arm\u00e9nie \u00e0 l\u2019Union europ\u00e9enne \u00bb. Ils ont averti que l\u2019Arm\u00e9nie risquait de perdre son acc\u00e8s en franchise de droits au vaste march\u00e9 russe et de devoir payer beaucoup plus cher le gaz naturel et les denr\u00e9es alimentaires russes.<\/p>\n<p>Erevan maintient qu\u2019elle n\u2019a pas l\u2019intention de quitter l\u2019UEE. Le Premier ministre Nikol Pashinian a assist\u00e9 la semaine derni\u00e8re \u00e0 Saint-P\u00e9tersbourg \u00e0 un sommet r\u00e9unissant les dirigeants de la Russie et des quatre autres \u00c9tats ex-sovi\u00e9tiques qui composent le bloc commercial.<\/p>\n<p>Pachinian a d\u00e9clar\u00e9 cet \u00e9t\u00e9 que l\u2019Arm\u00e9nie devra finalement choisir entre l\u2019UE et le bloc dirig\u00e9 par la Russie. La Russie repr\u00e9sentait plus de 35 % du commerce ext\u00e9rieur de l\u2019Arm\u00e9nie au premier semestre de cette ann\u00e9e, contre 12 % pour l\u2019UE.<\/p>\n<p>M. Galuzin a soulign\u00e9 l\u2019augmentation des \u00e9changes commerciaux entre la Russie et l\u2019Arm\u00e9nie et les autres \u00ab avantages consid\u00e9rables \u00bb de l\u2019adh\u00e9sion de l\u2019Arm\u00e9nie \u00e0 l\u2019UEE.<\/p>\n<p>\u00ab Par exemple, lorsque l\u2019Arm\u00e9nie a rejoint l\u2019UEE en 2015, son PIB \u00e9tait d\u2019environ 10,5 milliards de dollars, alors qu\u2019il est d\u00e9j\u00e0 de 26 milliards de dollars aujourd\u2019hui \u00bb, a fait valoir le diplomate russe.<\/p>\n<p>\u00a0<\/p>\n<p>Reprinted with permission from RFE\/RL Copyright(c)2007 Radio Free Europe \/ Radio Liberty, Inc.1201 Connecticut Ave, t N.W. Washington DC 20<\/p>\n<p>\u00a0<\/p>\n","protected":false},"excerpt":{"rendered":"La Russie a exprim\u00e9 son inqui\u00e9tude concernant un nouveau cadre politique visant \u00e0 approfondir les relations entre l\u2019Arm\u00e9nie&hellip;\n","protected":false},"author":2,"featured_media":631764,"comment_status":"","ping_status":"","sticky":false,"template":"","format":"standard","meta":{"footnotes":""},"categories":[1591],"tags":[50876,11,5950,312,33,1887,12,1885,1886,132,1778],"class_list":{"0":"post-631763","1":"post","2":"type-post","3":"status-publish","4":"format-standard","5":"has-post-thumbnail","7":"category-russie","8":"tag-02-la-deux","9":"tag-actualites","10":"tag-armenie","11":"tag-diplomatie","12":"tag-economie","13":"tag-federation-de-russie","14":"tag-news","15":"tag-russia","16":"tag-russian-federation","17":"tag-russie","18":"tag-ue"},"share_on_mastodon":{"url":"https:\/\/pubeurope.com\/@fr\/115813401508406696","error":""},"_links":{"self":[{"href":"https:\/\/www.europesays.com\/fr\/wp-json\/wp\/v2\/posts\/631763","targetHints":{"allow":["GET"]}}],"collection":[{"href":"https:\/\/www.europesays.com\/fr\/wp-json\/wp\/v2\/posts"}],"about":[{"href":"https:\/\/www.europesays.com\/fr\/wp-json\/wp\/v2\/types\/post"}],"author":[{"embeddable":true,"href":"https:\/\/www.europesays.com\/fr\/wp-json\/wp\/v2\/users\/2"}],"replies":[{"embeddable":true,"href":"https:\/\/www.europesays.com\/fr\/wp-json\/wp\/v2\/comments?post=631763"}],"version-history":[{"count":0,"href":"https:\/\/www.europesays.com\/fr\/wp-json\/wp\/v2\/posts\/631763\/revisions"}],"wp:featuredmedia":[{"embeddable":true,"href":"https:\/\/www.europesays.com\/fr\/wp-json\/wp\/v2\/media\/631764"}],"wp:attachment":[{"href":"https:\/\/www.europesays.com\/fr\/wp-json\/wp\/v2\/media?parent=631763"}],"wp:term":[{"taxonomy":"category","embeddable":true,"href":"https:\/\/www.europesays.com\/fr\/wp-json\/wp\/v2\/categories?post=631763"},{"taxonomy":"post_tag","embeddable":true,"href":"https:\/\/www.europesays.com\/fr\/wp-json\/wp\/v2\/tags?post=631763"}],"curies":[{"name":"wp","href":"https:\/\/api.w.org\/{rel}","templated":true}]}}