{"id":631765,"date":"2025-12-31T09:10:12","date_gmt":"2025-12-31T09:10:12","guid":{"rendered":"https:\/\/www.europesays.com\/fr\/631765\/"},"modified":"2025-12-31T09:10:12","modified_gmt":"2025-12-31T09:10:12","slug":"quatre-blesses-dont-trois-enfants-dans-des-frappes-russes-a-odessa","status":"publish","type":"post","link":"https:\/\/www.europesays.com\/fr\/631765\/","title":{"rendered":"Quatre bless\u00e9s, dont trois enfants, dans des frappes russes \u00e0 Odessa\u2026"},"content":{"rendered":"<p>Quatre bless\u00e9s, dont trois enfants, dans des frappes russes \u00e0 Odessa<\/p>\n<p>Quatre personnes, dont trois enfants, ont \u00e9t\u00e9 bless\u00e9es dans des frappes russes dans la nuit de mardi \u00e0 ce mercredi \u00e0 Odessa en Ukraine, a indiqu\u00e9 sur Telegram Sergui\u00ef Lyssak, chef de l\u2019administration militaire de la ville.<\/p>\n<p>\u00ab\u00a0Des drones ont attaqu\u00e9 des infrastructures r\u00e9sidentielles, logistiques et \u00e9nerg\u00e9tiques dans notre r\u00e9gion\u00a0\u00bb, a pour sa part affirm\u00e9 sur Telegram Oleh Kiper, chef de l\u2019administration militaire r\u00e9gionale, pr\u00e9cisant que les frappes ont endommag\u00e9 des immeubles et provoqu\u00e9 des incendies.<\/p>\n<p>Deux enfants de 8 ans et 14 ans ainsi qu\u2019un b\u00e9b\u00e9 de 7 mois ont \u00e9t\u00e9 bless\u00e9s. Un homme de 42 ans est dans un \u00e9tat grave, selon Sergui\u00ef Lyssak.<\/p>\n<p>L\u2019entourage de Macron rejette les accusations de Moscou contre Kiev sur une attaque d\u2019une r\u00e9sidence de Poutine<\/p>\n<p>Les assertions du Kremlin, qui accuse l\u2019Ukraine d\u2019avoir attaqu\u00e9 une r\u00e9sidence de Vladimir Poutine, ne reposent sur \u00ab\u00a0aucune preuve solide y compris apr\u00e8s recoupement des informations avec nos partenaires\u00a0\u00bb, a d\u00e9clar\u00e9 mardi l\u2019entourage d\u2019Emmanuel Macron. \u00ab\u00a0Les autorit\u00e9s russes elles-m\u00eames disent tout et son contraire sur ce qui s\u2019est r\u00e9ellement produit\u00a0\u00bb, selon la m\u00eame source.<\/p>\n<p>Bienvenue dans ce nouveau Live<\/p>\n<p>Bonjour \u00e0 toutes et \u00e0 tous. Comme chaque jour, la r\u00e9daction de 20 Minutes est mobilis\u00e9e pour vous donner l\u2019ensemble des informations sur le conflit entre Kiev et Moscou. Les tensions entre l\u2019Ukraine et la Russie s\u2019intensifient depuis le d\u00e9but de la semaine, alors que durant le week-end des d\u00e9clarations am\u00e9ricaines et ukrainiennes faisaient \u00e9tat de progr\u00e8s dans les discussions en vue d\u2019un accord pouvant faire cesser l\u2019invasion russe.<\/p>\n","protected":false},"excerpt":{"rendered":"Quatre bless\u00e9s, dont trois enfants, dans des frappes russes \u00e0 Odessa Quatre personnes, dont trois enfants, ont \u00e9t\u00e9&hellip;\n","protected":false},"author":2,"featured_media":631766,"comment_status":"","ping_status":"","sticky":false,"template":"","format":"standard","meta":{"footnotes":""},"categories":[1590],"tags":[47,11,75,73,1777,674,131,74,12,132,220,555,133,135,134],"class_list":{"0":"post-631765","1":"post","2":"type-post","3":"status-publish","4":"format-standard","5":"has-post-thumbnail","7":"category-ukraine","8":"tag-actualite","9":"tag-actualites","10":"tag-donald-trump","11":"tag-etats-unis","12":"tag-eu","13":"tag-europe","14":"tag-guerre-en-ukraine","15":"tag-monde","16":"tag-news","17":"tag-russie","18":"tag-ukraine","19":"tag-union-europeenne-ue","20":"tag-video","21":"tag-vladimir-poutine","22":"tag-volodymyr-zelensky"},"share_on_mastodon":{"url":"https:\/\/pubeurope.com\/@fr\/115813405419587991","error":""},"_links":{"self":[{"href":"https:\/\/www.europesays.com\/fr\/wp-json\/wp\/v2\/posts\/631765","targetHints":{"allow":["GET"]}}],"collection":[{"href":"https:\/\/www.europesays.com\/fr\/wp-json\/wp\/v2\/posts"}],"about":[{"href":"https:\/\/www.europesays.com\/fr\/wp-json\/wp\/v2\/types\/post"}],"author":[{"embeddable":true,"href":"https:\/\/www.europesays.com\/fr\/wp-json\/wp\/v2\/users\/2"}],"replies":[{"embeddable":true,"href":"https:\/\/www.europesays.com\/fr\/wp-json\/wp\/v2\/comments?post=631765"}],"version-history":[{"count":0,"href":"https:\/\/www.europesays.com\/fr\/wp-json\/wp\/v2\/posts\/631765\/revisions"}],"wp:featuredmedia":[{"embeddable":true,"href":"https:\/\/www.europesays.com\/fr\/wp-json\/wp\/v2\/media\/631766"}],"wp:attachment":[{"href":"https:\/\/www.europesays.com\/fr\/wp-json\/wp\/v2\/media?parent=631765"}],"wp:term":[{"taxonomy":"category","embeddable":true,"href":"https:\/\/www.europesays.com\/fr\/wp-json\/wp\/v2\/categories?post=631765"},{"taxonomy":"post_tag","embeddable":true,"href":"https:\/\/www.europesays.com\/fr\/wp-json\/wp\/v2\/tags?post=631765"}],"curies":[{"name":"wp","href":"https:\/\/api.w.org\/{rel}","templated":true}]}}