{"id":631771,"date":"2025-12-31T09:13:15","date_gmt":"2025-12-31T09:13:15","guid":{"rendered":"https:\/\/www.europesays.com\/fr\/631771\/"},"modified":"2025-12-31T09:13:15","modified_gmt":"2025-12-31T09:13:15","slug":"braquage-dune-succursale-de-la-caisse-depargne-dallemagne-le-butin-estime-a-30-millions-deuros","status":"publish","type":"post","link":"https:\/\/www.europesays.com\/fr\/631771\/","title":{"rendered":"Braquage d&rsquo;une succursale de la Caisse d\u2019\u00e9pargne d\u2019Allemagne, le butin estim\u00e9 \u00e0 30 millions d\u2019euros"},"content":{"rendered":"<p style=\"text-align: justify\"><strong>Une succursale de la Caisse d\u2019\u00e9pargne d\u2019Allemagne \u00e0 Gelsenkirchen, dans l\u2019ouest du pays, a \u00e9t\u00e9, le week-end dernier, la cible d\u2019un cambriolage dont le pr\u00e9judice a \u00e9t\u00e9 estim\u00e9 \u00e0 30 millions d\u2019euros par la police.<\/strong><\/p>\n<p style=\"text-align: justify\">Plus de 3.000 coffres-forts, contenant de l\u2019argent liquide, des bijoux ou de l\u2019or, ont \u00e9t\u00e9 d\u00e9rob\u00e9s, dans cette banque, rest\u00e9e ferm\u00e9e mardi \u00ab\u00a0pour des raisons de s\u00e9curit\u00e9\u00a0\u00bb \u00e0 cause des clients inquiets venus en masse s\u2019informer apr\u00e8s l\u2019annonce de l\u2019incident, souligne la police locale, cit\u00e9 par les m\u00e9dias allemands.<\/p>\n<p style=\"text-align: justify\">La presse a qualifi\u00e9 ce braquage de spectaculaire dans la mesure o\u00f9 les voleurs ont perc\u00e9 un trou dans la salle des coffres \u00e0 l\u2019aide d\u2019une immense perceuse, profitant de la f\u00eate du No\u00ebl pour commettre leur forfait.<\/p>\n<p style=\"text-align: justify\">Des t\u00e9moins auraient aper\u00e7u plusieurs hommes dans la nuit de samedi \u00e0 dimanche, munis de grands sacs dans la cage d\u2019escalier d\u2019un parking voisin et les vid\u00e9os-surveillance exploit\u00e9es par la police ont montr\u00e9 une voiture noire, \u00e0 la plaque d\u2019immatriculation vol\u00e9e, conduite par des hommes masqu\u00e9s, quitter ce m\u00eame parking lundi au petit matin.<\/p>\n<p style=\"text-align: justify\">L\u2019enqu\u00eate est toujours en cours et l\u2019identit\u00e9 des auteurs et le moment exact du braquage demeurent incertains.<\/p>\n","protected":false},"excerpt":{"rendered":"Une succursale de la Caisse d\u2019\u00e9pargne d\u2019Allemagne \u00e0 Gelsenkirchen, dans l\u2019ouest du pays, a \u00e9t\u00e9, le week-end dernier,&hellip;\n","protected":false},"author":2,"featured_media":631772,"comment_status":"","ping_status":"","sticky":false,"template":"","format":"standard","meta":{"footnotes":""},"categories":[1587],"tags":[11,672,1804,1805,1803,1777,674,1801,12,1802],"class_list":{"0":"post-631771","1":"post","2":"type-post","3":"status-publish","4":"format-standard","5":"has-post-thumbnail","7":"category-allemagne","8":"tag-actualites","9":"tag-allemagne","10":"tag-bundesrepublik-deutschland","11":"tag-de","12":"tag-deutschland","13":"tag-eu","14":"tag-europe","15":"tag-germany","16":"tag-news","17":"tag-republique-federale-dallemagne"},"share_on_mastodon":{"url":"https:\/\/pubeurope.com\/@fr\/115813417235606334","error":""},"_links":{"self":[{"href":"https:\/\/www.europesays.com\/fr\/wp-json\/wp\/v2\/posts\/631771","targetHints":{"allow":["GET"]}}],"collection":[{"href":"https:\/\/www.europesays.com\/fr\/wp-json\/wp\/v2\/posts"}],"about":[{"href":"https:\/\/www.europesays.com\/fr\/wp-json\/wp\/v2\/types\/post"}],"author":[{"embeddable":true,"href":"https:\/\/www.europesays.com\/fr\/wp-json\/wp\/v2\/users\/2"}],"replies":[{"embeddable":true,"href":"https:\/\/www.europesays.com\/fr\/wp-json\/wp\/v2\/comments?post=631771"}],"version-history":[{"count":0,"href":"https:\/\/www.europesays.com\/fr\/wp-json\/wp\/v2\/posts\/631771\/revisions"}],"wp:featuredmedia":[{"embeddable":true,"href":"https:\/\/www.europesays.com\/fr\/wp-json\/wp\/v2\/media\/631772"}],"wp:attachment":[{"href":"https:\/\/www.europesays.com\/fr\/wp-json\/wp\/v2\/media?parent=631771"}],"wp:term":[{"taxonomy":"category","embeddable":true,"href":"https:\/\/www.europesays.com\/fr\/wp-json\/wp\/v2\/categories?post=631771"},{"taxonomy":"post_tag","embeddable":true,"href":"https:\/\/www.europesays.com\/fr\/wp-json\/wp\/v2\/tags?post=631771"}],"curies":[{"name":"wp","href":"https:\/\/api.w.org\/{rel}","templated":true}]}}