{"id":631773,"date":"2025-12-31T09:14:12","date_gmt":"2025-12-31T09:14:12","guid":{"rendered":"https:\/\/www.europesays.com\/fr\/631773\/"},"modified":"2025-12-31T09:14:12","modified_gmt":"2025-12-31T09:14:12","slug":"europe-fin-de-vie-service-national-utilisation-des-ecrans-que-va-dire-emmanuel-macron-lors-de-ses-voeux-aux-francais-ce-31-decembre","status":"publish","type":"post","link":"https:\/\/www.europesays.com\/fr\/631773\/","title":{"rendered":"Europe, fin de vie, Service national, utilisation des \u00e9crans\u2026 Que va dire Emmanuel Macron lors de ses v\u0153ux aux Fran\u00e7ais ce 31\u00a0d\u00e9cembre\u00a0?"},"content":{"rendered":"<p>\n                                                                Malgr\u00e9 un pouvoir affaibli, le chef de l\u2019\u00c9tat souhaite que 2026 soit une ann\u00e9e utile.\n                            <\/p>\n<p>Ce seront les neuvi\u00e8mes du genre mais surtout les derniers \u00ab\u00a0utiles\u00a0\u00bb\u2026 Durant ses courtes vacances au fort de Br\u00e9gan\u00e7on, Emmanuel Macron a donc soupes\u00e9 chaque mot de ses v\u0153ux aux Fran\u00e7ais, \u00e0 tel point que le texte n\u2019\u00e9tait toujours pas finalis\u00e9 \u00e0 l\u2019heure o\u00f9 ces lignes s\u2019\u00e9crivaient.<\/p>\n<p>Le Pr\u00e9sident remaniera sa mouture jusqu\u2019\u00e0 la derni\u00e8re seconde et peut-\u00eatre m\u00eame apr\u00e8s. Car l\u2019exercice est encore plus complexe en cette derni\u00e8re ann\u00e9e de mandat. Le locataire de l\u2019\u00c9lys\u00e9e doit dire au revoir sans encore fermer la porte. Il veut faire de l\u2019ann\u00e9e qui vient une ann\u00e9e utile, donc, et faire mentir ceux qui assurent que rien ne se passera avant la prochaine pr\u00e9sidentielle. Exister encore\u2026<\/p>\n<p>Ukraine, la toile de fond<\/p>\n<p>\u00ab\u00a0Unis, d\u00e9termin\u00e9s et solidaires\u00a0\u00bb, ces trois mots martel\u00e9s lors de son allocution du 31\u00a0d\u00e9cembre 2024 devraient \u00e0 nouveau \u00eatre au c\u0153ur de l\u2019intervention du Pr\u00e9sident, ce mercredi. Comme si en une ann\u00e9e, rien n\u2019avait chang\u00e9. Comme si les urgences, rest\u00e9es les m\u00eames, imposaient toujours cette union et cette d\u00e9termination auxquelles Emmanuel Macron encourageait alors les Fran\u00e7ais.<\/p>\n<p>Durant cette allocution d\u2019une dizaine de minutes, qui sera enregistr\u00e9e en toute fin de journ\u00e9e, le contexte international occupera une place pr\u00e9dominante. Selon les mots de l\u2019\u00c9lys\u00e9e, il en sera m\u00eame \u00ab\u00a0la toile de fond\u00a0\u00bb. Les menaces qui restent pr\u00e9sentes aux fronti\u00e8res de l\u2019Hexagone seront rappel\u00e9es par le chef de l\u2019\u00c9tat, et notamment la menace russe. D\u00e9lest\u00e9 de ses autres fonctions, le pr\u00e9sident sera plus que jamais chef des arm\u00e9es.<\/p>\n<p>French bashing<\/p>\n<p>Mais Emmanuel Macron n\u2019en oubliera pas pour autant la situation nationale. Il entend notamment combattre une forme de french bashing, de d\u00e9nigrement, qu\u2019il entend monter de part et d\u2019autre de la sph\u00e8re politique. Il souhaite rappeler les succ\u00e8s de l\u2019\u00e9conomie fran\u00e7aise et se f\u00e9liciter que la France ait emport\u00e9 cette ann\u00e9e deux prix Nobel. Michel Devoret vient de recevoir le Prix Nobel de physique pour ses travaux en m\u00e9canique quantique macroscopique et le prix Nobel d\u2019\u00e9conomie a \u00e9t\u00e9 attribu\u00e9 en octobre \u00e0 Philippe Aghion. Une mani\u00e8re pour le pr\u00e9sident de r\u00e9habiliter son bilan, de montrer que les deux secteurs dans lesquels il s\u2019est beaucoup investi, l\u2019\u00e9conomie et la recherche, n\u2019ont pas eu \u00e0 souffrir de sa d\u00e9cision de dissoudre l\u2019Assembl\u00e9e, qui paralyse la France depuis un an.<\/p>\n<p>D\u2019ailleurs, s\u2019il n\u2019entend pas dire un mot des tractations budg\u00e9taires en cours, selon l\u2019\u00c9lys\u00e9e, Emmanuel Macron aura \u00e0 c\u0153ur de souligner que l\u2019Assembl\u00e9e fonctionne mieux qu\u2019en 2024. Les compromis qui n\u2019avaient alors pas \u00e9t\u00e9 possibles pour faire voter les budgets l\u2019ont \u00e9t\u00e9 au moins autour du financement de la s\u00e9curit\u00e9 sociale.<\/p>\n<p>\u00ab\u00a0On progresse\u00a0\u00bb<\/p>\n<p>\u00ab\u00a0On progresse\u00a0\u00bb, commentait l\u2019\u00c9lys\u00e9e, mardi. Mani\u00e8re de dire que la d\u00e9cision du 9\u00a0juin 2024 n\u2019est finalement pas si funeste et qu\u2019il est possible qu\u2019elle ne reste pas \u00e9ternellement reproch\u00e9e au chef de l\u2019\u00c9tat.<\/p>\n<p>Enfin, ce dernier se projettera sur 2026, car il veut montrer que, bien qu\u2019emp\u00each\u00e9, il agit encore. Emmanuel Macron \u00e9voquera la future mise en place du service national, qui doit d\u00e9buter \u00e0 l\u2019\u00e9t\u00e9\u00a0; des annonces concernant la r\u00e9gulation de l\u2019utilisation des \u00e9crans qui interviendront d\u00e8s janvier et la mise en place de la loi sur la fin de vie.<\/p>\n<p>Si la r\u00e9forme devait s\u2019enliser au S\u00e9nat, le chef de l\u2019\u00c9tat envisage de recourir \u00e0 un r\u00e9f\u00e9rendum. Il entend faire passer le message que, dans cinq ou peut-\u00eatre dix ans, l\u2019ann\u00e9e 2026 sera retenue comme une ann\u00e9e utile au pays. Cinq ans\u00a0? Dix ans\u00a0? L\u2019\u00e9ch\u00e9ance sonne comme un rendez-vous. Un rendez-vous pour l\u2019histoire mais peut-\u00eatre aussi un rendez-vous donn\u00e9 aux \u00e9lecteurs.<\/p>\n<p>    Un emprunt record de 310\u00a0milliards<\/p>\n<p>La France devrait emprunter, comme pr\u00e9vu, le montant record de 310 Md\u20ac en 2026 sur les march\u00e9s, malgr\u00e9 l\u2019absence de budget, a confirm\u00e9, ce mardi 30\u00a0d\u00e9cembre 2025, l\u2019Agence France Tr\u00e9sor (AFT), charg\u00e9e de la gestion de la dette de l\u2019\u00c9tat. Somme qui sera \u00ab\u00a0susceptible d\u2019\u00eatre ajust\u00e9e, si n\u00e9cessaire, en fonction de la loi de finances pour 2026\u00a0\u00bb.<\/p>\n<p>Faute de budget adopt\u00e9 avant l\u2019\u00e9ch\u00e9ance du 31\u00a0d\u00e9cembre, Bercy a publi\u00e9, mardi, comme l\u2019an dernier, des intentions fiscales, confirmant sa volont\u00e9 de maintenir des avantages fiscaux pour l\u2019agriculture, ou encore l\u2019Outre-Mer avec un effet r\u00e9troactif au 1er\u00a0janvier.<\/p>\n<p>Le Conseil constitutionnel, saisi par LFI, a valid\u00e9, \u00e9galement mardi, la plupart des mesures du budget 2026 de la S\u00e9curit\u00e9 sociale, censurant une disposition red\u00e9finissant l\u2019incapacit\u00e9 de travail.<\/p>\n","protected":false},"excerpt":{"rendered":"Malgr\u00e9 un pouvoir affaibli, le chef de l\u2019\u00c9tat souhaite que 2026 soit une ann\u00e9e utile. Ce seront les&hellip;\n","protected":false},"author":2,"featured_media":631774,"comment_status":"","ping_status":"","sticky":false,"template":"","format":"standard","meta":{"footnotes":""},"categories":[1586],"tags":[1111,11,1777,674,1011,27,12,316,25],"class_list":{"0":"post-631773","1":"post","2":"type-post","3":"status-publish","4":"format-standard","5":"has-post-thumbnail","7":"category-europe","8":"tag-actu","9":"tag-actualites","10":"tag-eu","11":"tag-europe","12":"tag-fr","13":"tag-france","14":"tag-news","15":"tag-politique","16":"tag-republique-francaise"},"share_on_mastodon":{"url":"https:\/\/pubeurope.com\/@fr\/115813421178980212","error":""},"_links":{"self":[{"href":"https:\/\/www.europesays.com\/fr\/wp-json\/wp\/v2\/posts\/631773","targetHints":{"allow":["GET"]}}],"collection":[{"href":"https:\/\/www.europesays.com\/fr\/wp-json\/wp\/v2\/posts"}],"about":[{"href":"https:\/\/www.europesays.com\/fr\/wp-json\/wp\/v2\/types\/post"}],"author":[{"embeddable":true,"href":"https:\/\/www.europesays.com\/fr\/wp-json\/wp\/v2\/users\/2"}],"replies":[{"embeddable":true,"href":"https:\/\/www.europesays.com\/fr\/wp-json\/wp\/v2\/comments?post=631773"}],"version-history":[{"count":0,"href":"https:\/\/www.europesays.com\/fr\/wp-json\/wp\/v2\/posts\/631773\/revisions"}],"wp:featuredmedia":[{"embeddable":true,"href":"https:\/\/www.europesays.com\/fr\/wp-json\/wp\/v2\/media\/631774"}],"wp:attachment":[{"href":"https:\/\/www.europesays.com\/fr\/wp-json\/wp\/v2\/media?parent=631773"}],"wp:term":[{"taxonomy":"category","embeddable":true,"href":"https:\/\/www.europesays.com\/fr\/wp-json\/wp\/v2\/categories?post=631773"},{"taxonomy":"post_tag","embeddable":true,"href":"https:\/\/www.europesays.com\/fr\/wp-json\/wp\/v2\/tags?post=631773"}],"curies":[{"name":"wp","href":"https:\/\/api.w.org\/{rel}","templated":true}]}}