{"id":631782,"date":"2025-12-31T09:20:11","date_gmt":"2025-12-31T09:20:11","guid":{"rendered":"https:\/\/www.europesays.com\/fr\/631782\/"},"modified":"2025-12-31T09:20:11","modified_gmt":"2025-12-31T09:20:11","slug":"perdre-de-si-peu-est-dur-il-ny-a-que-la-fin-de-triste-pour-lalterna-stade-poitevin-battu-par-tourcoing","status":"publish","type":"post","link":"https:\/\/www.europesays.com\/fr\/631782\/","title":{"rendered":"\u00ab\u00a0Perdre de si peu est dur\u00a0\u00bb, il n\u2019y a que la fin de triste pour l\u2019Alterna Stade Poitevin battu par Tourcoing"},"content":{"rendered":"<p><strong>Alterna Stade Poitevin\u00a0&#8211; Tourcoing\u00a0: 2-3<\/strong><\/p>\n<p>Aussi dur qu\u2019injuste. Le duel entre <a target=\"_self\" href=\"https:\/\/www.lanouvellerepublique.fr\/poitiers\/msl-l-alterna-stade-poitevin-veut-finir-l-annee-en-beaute-contre-tourcoing-1767034274\" rel=\"noopener\">l\u2019Alterna Stade Poitevin et Tourcoing<\/a> n\u2019aurait pas d\u00fb se terminer de cette mani\u00e8re (2-3). Pas sur une faute \u00e0 l\u2019attaque de Thomas Pujol qui a offert la victoire au tie-break aux Nordistes. Le jeune r\u00e9ceptionneur-attaquant stadiste ne m\u00e9ritait pas \u00e7a. Pas apr\u00e8s les cinq sets de haut niveau que le jeune homme de 20\u00a0ans a livr\u00e9s pour terminer meilleur marqueur de la rencontre, en battant au passage son record de points en carri\u00e8re (27 points), et tenir t\u00eate \u00e0 son homologue nordiste Ignacio Luengas, auteur lui aussi d\u2019une grosse prestation (24 points) et d\u00e9cisif dans le tie-break.<\/p>\n<p>La formation poitevine a v\u00e9cu le m\u00eame sc\u00e9nario qu\u2019un peu moins de trois semaines auparavant face \u00e0 Nice en \u00e9tant \u00e0 deux doigts de s\u2019incliner en trois sets avant d\u2019\u00eatre proche de s\u2019imposer en cinq manches. Mais autant Dan Lewis et ses prot\u00e9g\u00e9s avaient donn\u00e9 l\u2019impression d\u2019avoir perdu un point contre les Azur\u00e9ens, autant elle semble en avoir gagn\u00e9 un contre le d\u00e9sormais ex-leader du championnat.<\/p>\n<p>Une question de point de vue peut-\u00eatre mais la confirmation, assur\u00e9ment, que Franco Massimino et ses partenaires ne s\u2019avouent que rarement vaincus. \u00ab\u00a0L\u2019\u00e9quipe a jou\u00e9 avec du caract\u00e8re, assurait le coach canadien, qui a su lancer Zachary Hollands au bon moment, en fin de deuxi\u00e8me set, pour suppl\u00e9er Tom Picard en difficult\u00e9. Je suis content de l\u2019\u00e9tat d\u2019esprit du groupe, on doit le conserver pour prendre de l\u2019exp\u00e9rience&#8230;. <\/p>\n<p>    Cet article a \u00e9t\u00e9 tronqu\u00e9. Abonnez-vous pour lire l&rsquo;article complet sur notre site.<\/p>\n<p>\u00a0\u00bb<\/p>\n<p style=\"margin: 0 !important; padding: 0 !important; font-size: 12px !important;\">Cet article a \u00e9t\u00e9 tronqu\u00e9. Abonnez-vous pour lire l&rsquo;article complet.<\/p>\n<p>    <a href=\"https:\/\/www.lanouvellerepublique.fr\/abonnements\" style=\"display: inline-block; margin-top: 5px !important; padding: 6px 12px !important; background: #cb1c27; color: white; text-decoration: none; border-radius: 4px; font-size: 12px !important;\" target=\"_blank\" rel=\"noopener\"><br \/>\n      S&rsquo;abonner<br \/>\n    <\/a><\/p>\n","protected":false},"excerpt":{"rendered":"Alterna Stade Poitevin\u00a0&#8211; Tourcoing\u00a0: 2-3 Aussi dur qu\u2019injuste. Le duel entre l\u2019Alterna Stade Poitevin et Tourcoing n\u2019aurait pas&hellip;\n","protected":false},"author":2,"featured_media":631783,"comment_status":"","ping_status":"","sticky":false,"template":"","format":"standard","meta":{"footnotes":""},"categories":[1417],"tags":[1392,1654,1011,27,1655,1653,60,1584,1470,1469],"class_list":{"0":"post-631782","1":"post","2":"type-post","3":"status-publish","4":"format-standard","5":"has-post-thumbnail","7":"category-volley","8":"tag-a-la-une-local","9":"tag-alterna-stade-poitevin-volley-ball","10":"tag-fr","11":"tag-france","12":"tag-ligue-a","13":"tag-poitiers","14":"tag-sports","15":"tag-vienne","16":"tag-volley","17":"tag-volleyball"},"share_on_mastodon":{"url":"https:\/\/pubeurope.com\/@fr\/115813444784737340","error":""},"_links":{"self":[{"href":"https:\/\/www.europesays.com\/fr\/wp-json\/wp\/v2\/posts\/631782","targetHints":{"allow":["GET"]}}],"collection":[{"href":"https:\/\/www.europesays.com\/fr\/wp-json\/wp\/v2\/posts"}],"about":[{"href":"https:\/\/www.europesays.com\/fr\/wp-json\/wp\/v2\/types\/post"}],"author":[{"embeddable":true,"href":"https:\/\/www.europesays.com\/fr\/wp-json\/wp\/v2\/users\/2"}],"replies":[{"embeddable":true,"href":"https:\/\/www.europesays.com\/fr\/wp-json\/wp\/v2\/comments?post=631782"}],"version-history":[{"count":0,"href":"https:\/\/www.europesays.com\/fr\/wp-json\/wp\/v2\/posts\/631782\/revisions"}],"wp:featuredmedia":[{"embeddable":true,"href":"https:\/\/www.europesays.com\/fr\/wp-json\/wp\/v2\/media\/631783"}],"wp:attachment":[{"href":"https:\/\/www.europesays.com\/fr\/wp-json\/wp\/v2\/media?parent=631782"}],"wp:term":[{"taxonomy":"category","embeddable":true,"href":"https:\/\/www.europesays.com\/fr\/wp-json\/wp\/v2\/categories?post=631782"},{"taxonomy":"post_tag","embeddable":true,"href":"https:\/\/www.europesays.com\/fr\/wp-json\/wp\/v2\/tags?post=631782"}],"curies":[{"name":"wp","href":"https:\/\/api.w.org\/{rel}","templated":true}]}}