{"id":631784,"date":"2025-12-31T09:21:10","date_gmt":"2025-12-31T09:21:10","guid":{"rendered":"https:\/\/www.europesays.com\/fr\/631784\/"},"modified":"2025-12-31T09:21:10","modified_gmt":"2025-12-31T09:21:10","slug":"voici-larticle-le-plus-lu-en-2025","status":"publish","type":"post","link":"https:\/\/www.europesays.com\/fr\/631784\/","title":{"rendered":"voici l&rsquo;article le plus lu en 2025"},"content":{"rendered":"<p>                    Par<br \/>\n        <strong><br \/>\n            <a href=\"https:\/\/actu.fr\/auteur\/nicolas-dendri-actu-fr\" title=\"Consulter tous les articles de Nicolas Dendri\" target=\"_blank\" rel=\"noopener\">Nicolas Dendri<\/a><br \/>\n                    <\/strong><\/p>\n<p>        Publi\u00e9 le<\/p>\n<p>            31 d\u00e9c. 2025 \u00e0 8h10        <\/p>\n<p>[En ce dernier jour de 2025, <a href=\"https:\/\/actu.fr\/rugby\/\" target=\"_blank\" rel=\"noopener\">Actu Rugby<\/a> vous propose de (re)d\u00e9couvrir <strong>l\u2019article le lu de l\u2019ann\u00e9e<\/strong> sur son site. Publi\u00e9 le 2 mai 2025, celui-ci concerne la reconversion de l\u2019ancien pilier international Sylvain Marconnet. En voici une version synth\u00e9tique. <a href=\"https:\/\/actu.fr\/nouvelle-aquitaine\/anglet_64024\/je-le-detestais-c-est-un-gros-con-quand-sylvain-marconnet-manque-un-mandat-immobilier-avec-un-bayonnais_62586579.html\" target=\"_blank\" rel=\"noopener\">L\u2019article int\u00e9gral est ici<\/a>].<\/p>\n<p class=\" wall-content\">Apr\u00e8s 17 ans de carri\u00e8re au plus haut niveau, <strong>Sylvain Marconnet<\/strong> s\u2019est <strong>reconverti dans l\u2019immobilier<\/strong> au <a href=\"https:\/\/actu.fr\/pays-basque\/\" target=\"_blank\" rel=\"noopener\">Pays Basque<\/a>.<\/p>\n<p class=\" wall-content\">\u00c0 la t\u00eate de deux agences \u00e0 Anglet et Capbreton, l\u2019ancien pilier cinq fois champion de France avec le Stade Fran\u00e7ais s\u2019\u00e9panouit avec ses \u00e9quipes en relevant les challenges du quotidien. Avec l\u2019\u00e9tat d\u2019esprit rugby toujours en lui et sa carri\u00e8re globalement bien accueillie\u2026 m\u00eame si une fois l\u2019affaire ne s\u2019est pas conclue avec un Bayonnais.<\/p>\n<p>Sylvain Marconnet dans le secteur immobilier<\/p>\n<p class=\" wall-content\">Juste apr\u00e8s sa carri\u00e8re et durant une dizaine d\u2019ann\u00e9es, Sylvain Marconnet a exerc\u00e9 une activit\u00e9 dans le domaine du marketing sportif. \u00ab\u00a0Je m\u2019y r\u00e9galais\u00a0\u00bb, se souvient-il.<\/p>\n<p class=\" wall-content\">Mais, la crise sanitaire de 2020 a fait basculer les choses. \u00ab\u00a0Ce secteur a \u00e9t\u00e9 durement impact\u00e9. J\u2019ai donc d\u00e9cid\u00e9 de me retirer de ce milieu-l\u00e0\u00a0\u00bb, reconna\u00eet-il avant d\u2019admettre son attirance \u00ab\u00a0depuis toujours\u00a0\u00bb pour l\u2019immobilier.\u00a0<\/p>\n<p class=\" wall-content\">Depuis 2021, Sylvain Marconnet est franchis\u00e9 avec l\u2019enseigne l\u2019Agencerie, cr\u00e9\u00e9e par Julien Raynaud, ancien troisi\u00e8me ligne d\u2019Albi. \u00ab\u00a0On \u00e9tait pote m\u00eame si on n\u2019est pas de la m\u00eame g\u00e9n\u00e9ration. On partageait plusieurs points communs. Je suis all\u00e9 plus vite concernant l\u2019apprentissage et tout ce qui est logiciel, en rejoignant la franchise\u00a0\u00bb.<\/p>\n<p>Un Bayonnais qui \u00ab\u00a0d\u00e9testait\u00a0\u00bb Marconnet<\/p>\n<p class=\" wall-content\">Au quotidien, le Basque d\u2019adoption, qui vivait d\u00e9j\u00e0 dans la r\u00e9gion \u00ab\u00a0par amour\u00a0\u00bb, fait des transactions immobili\u00e8res avec l\u2019aide de ses collaborateurs. \u00ab\u00a0Je fais plus pr\u00e9cis\u00e9ment de la gestion locative\u00a0\u00bb, pr\u00e9cise le dirigeant. L\u2019ancien international du XV de France a globalement \u00ab\u00a0des r\u00e9actions positives et sympathiques\u00a0\u00bb aupr\u00e8s des clients qui le reconnaissent.\u00a0<\/p>\n<p class=\" wall-content\">Par rapport \u00e0 sa notori\u00e9t\u00e9, il n\u2019en joue pas trop et pr\u00e9f\u00e8re se satisfaire. En revanche, ayant connu les ann\u00e9es de gloire avec le Stade Fran\u00e7ais ou en ayant termin\u00e9 sa carri\u00e8re au Biarritz Olympique en 2012, certains ressentiments peuvent resurgir. Sylvain Marconnet se souvient d\u2019une anecdote du c\u00f4t\u00e9 de Bayonne :\u00a0<\/p>\n<blockquote class=\"ac-article-quote wall-content\">\n<p>\u00ab\u00a0C&rsquo;est arriv\u00e9 une seule fois avec un Bayonnais qui n&rsquo;a pas voulu me signer un mandat. Il a dit \u00e0 une de mes collaboratrices : je ne vais pas vous filer le mandat, je d\u00e9testais Marconnet c&rsquo;est un gros con ! En fait, une d\u00e9faite contre le Stade Fran\u00e7ais l&rsquo;avait marqu\u00e9 et il consid\u00e9rait que j&rsquo;avais eu un comportement odieux.\u00a0\u00bb<\/p>\n<p>    <strong>Sylvain Marconnet<\/strong>\n            <\/p><\/blockquote>\n<p>Votre r\u00e9gion, votre actu !<\/p>\n<p>Recevez chaque jour les infos qui comptent pour vous.<\/p>\n<p>\t<a href=\"https:\/\/actu.fr\/newsletter\" class=\"ac-btn ac-btn--corner ac-btn--medium ac-btn--blue800\" target=\"_blank\" rel=\"noopener\">S&rsquo;incrire<\/a><br \/>\nSylvain Marconnet et le plaisir du travail<\/p>\n<p class=\" wall-content\">Comme beaucoup d\u2019entrepreneurs, Sylvain Marconnet vibre au quotidien \u00e0 travers son business. \u00ab\u00a0J\u2019aime cr\u00e9er de la valeur, coop\u00e9rer \u00e0 travers mes agences et avec mes collaborateurs. Il y a un vrai travail d\u2019\u00e9quipe dans l\u2019immobilier et c\u2019est ce que j\u2019essaye de d\u00e9velopper\u00a0\u00bb, insiste le directeur d\u2019agence qui \u00ab\u00a0se l\u00e8ve tous les matins avec la banane\u00a0\u00bb.\u00a0<\/p>\n<p class=\" wall-content\">Par rapport \u00e0 une conjoncture \u00e9conomique compliqu\u00e9e dans le domaine de l\u2019immobilier, la r\u00e9silience acquise dans le rugby professionnel permet aussi au chef d\u2019entreprise de faire face :<\/p>\n<blockquote class=\"ac-article-quote wall-content\">\n<p>\u00ab\u00a0Quand on est anim\u00e9 comme cela et qu&rsquo;il y a des difficult\u00e9s, on est capable de les surmonter. Je ne suis pas du genre \u00e0 l\u00e2cher. M\u00eame si on pr\u00e9f\u00e8re quand c&rsquo;est confortable, j&rsquo;aime l&rsquo;adversit\u00e9. Dans une carri\u00e8re professionnelle, on est constamment remis en question et le contexte actuel me force \u00e0 me battre pour mes entreprises et mes collaborateurs.\u00a0\u00bb<\/p>\n<p>    <strong>Sylvain Marconnet<\/strong>\n            <\/p><\/blockquote>\n<p>    <img   decoding=\"async\" loading=\"lazy\" src=\"https:\/\/www.europesays.com\/fr\/wp-content\/uploads\/2025\/12\/iconsport-178889-0013-960x640.jpg\" alt=\"L'ancien pilier des Bleus Sylvain Marconnet, ici aux c\u00f4t\u00e9s de Fr\u00e9d\u00e9ric Michalak lors de la Coupe du monde 2023.\" width=\"960\" height=\"640\"\/><br \/>\n    Sylvain Marconnet, ici aux c\u00f4t\u00e9s de Fr\u00e9d\u00e9ric Michalak, c\u2019est 85 s\u00e9lections avec le XV de France. (\u00a9Icon Sport)Une \u00ab\u00a0bonne g\u00e9n\u00e9tique\u00a0\u00bb pour \u00ab\u00a0encaisser les coups\u00a0\u00bb<\/p>\n<p class=\" wall-content\">Accompagn\u00e9 par Max Guazzini pour pr\u00e9parer sa reconversion et se former au marketing entre 2007 et 2008, l\u2019ancien pilier a mis un terme \u00e0 sa carri\u00e8re en 2012 au Biarritz Olympique. Malgr\u00e9 une proposition de Toulon, il a bascul\u00e9 directement dans sa reconversion.<\/p>\n<p class=\" wall-content\">\u00ab\u00a0Je n\u2019ai pas pris le temps de souffler. De suite, j\u2019ai plong\u00e9 dans ma reconversion. J\u2019ai toujours eu beaucoup de curiosit\u00e9, de capacit\u00e9 \u00e0 essayer de m\u2019adapter\u00a0\u00bb, pr\u00e9cise-t-il en \u00e9tant reconnaissant par rapport \u00e0 \u00ab\u00a0sa bonne g\u00e9n\u00e9tique\u00a0\u00bb qui lui \u00e9pargne des s\u00e9quelles physiques de ses 17 ans de carri\u00e8re et de ses 85 s\u00e9lections avec les Bleus.\u00a0<\/p>\n<p class=\" wall-content\">Personnalisez votre actualit\u00e9 en ajoutant vos villes et m\u00e9dias en favori avec <a href=\"https:\/\/moncompte.actu.fr\" title=\"D\u00e9couvez Mon Actu\" rel=\"nofollow noopener\" data-trk=\"{&quot;cta&quot;:{&quot;action&quot;:&quot;https:\\\/\\\/moncompte.actu.fr&quot;,&quot;category&quot;:&quot;mon compte&quot;,&quot;from&quot;:&quot;article footer&quot;,&quot;name&quot;:&quot;Mon actu&quot;,&quot;type&quot;:&quot;cta&quot;}}\" target=\"_blank\">Mon Actu<\/a>.<\/p>\n","protected":false},"excerpt":{"rendered":"Par Nicolas Dendri Publi\u00e9 le 31 d\u00e9c. 2025 \u00e0 8h10 [En ce dernier jour de 2025, Actu Rugby&hellip;\n","protected":false},"author":2,"featured_media":631785,"comment_status":"","ping_status":"","sticky":false,"template":"","format":"standard","meta":{"footnotes":""},"categories":[1416],"tags":[18318,1011,27,3788,6046,479,1468,60,2558],"class_list":{"0":"post-631784","1":"post","2":"type-post","3":"status-publish","4":"format-standard","5":"has-post-thumbnail","7":"category-rugby","8":"tag-biarritz-olympique","9":"tag-fr","10":"tag-france","11":"tag-pro","12":"tag-reconversion","13":"tag-rugby","14":"tag-rugby-football","15":"tag-sports","16":"tag-stade-francais"},"share_on_mastodon":{"url":"https:\/\/pubeurope.com\/@fr\/115813448711978505","error":""},"_links":{"self":[{"href":"https:\/\/www.europesays.com\/fr\/wp-json\/wp\/v2\/posts\/631784","targetHints":{"allow":["GET"]}}],"collection":[{"href":"https:\/\/www.europesays.com\/fr\/wp-json\/wp\/v2\/posts"}],"about":[{"href":"https:\/\/www.europesays.com\/fr\/wp-json\/wp\/v2\/types\/post"}],"author":[{"embeddable":true,"href":"https:\/\/www.europesays.com\/fr\/wp-json\/wp\/v2\/users\/2"}],"replies":[{"embeddable":true,"href":"https:\/\/www.europesays.com\/fr\/wp-json\/wp\/v2\/comments?post=631784"}],"version-history":[{"count":0,"href":"https:\/\/www.europesays.com\/fr\/wp-json\/wp\/v2\/posts\/631784\/revisions"}],"wp:featuredmedia":[{"embeddable":true,"href":"https:\/\/www.europesays.com\/fr\/wp-json\/wp\/v2\/media\/631785"}],"wp:attachment":[{"href":"https:\/\/www.europesays.com\/fr\/wp-json\/wp\/v2\/media?parent=631784"}],"wp:term":[{"taxonomy":"category","embeddable":true,"href":"https:\/\/www.europesays.com\/fr\/wp-json\/wp\/v2\/categories?post=631784"},{"taxonomy":"post_tag","embeddable":true,"href":"https:\/\/www.europesays.com\/fr\/wp-json\/wp\/v2\/tags?post=631784"}],"curies":[{"name":"wp","href":"https:\/\/api.w.org\/{rel}","templated":true}]}}