{"id":631788,"date":"2025-12-31T09:26:13","date_gmt":"2025-12-31T09:26:13","guid":{"rendered":"https:\/\/www.europesays.com\/fr\/631788\/"},"modified":"2025-12-31T09:26:13","modified_gmt":"2025-12-31T09:26:13","slug":"maelle-grossetete-rester-dans-lombre-mallait-tres-bien-actualite","status":"publish","type":"post","link":"https:\/\/www.europesays.com\/fr\/631788\/","title":{"rendered":"Ma\u00eblle Grosset\u00eate : \u00ab Rester dans l\u2019ombre m\u2019allait tr\u00e8s bien \u00bb &#8211; Actualit\u00e9"},"content":{"rendered":"<p dir=\"ltr\"><strong>Ma\u00eblle Grosset\u00eate s\u2019arr\u00eate l\u00e0. Diminu\u00e9e physiquement tout au long de la derni\u00e8re saison, l\u2019athl\u00e8te de 27 ans a d\u00e9cid\u00e9 de mettre un terme \u00e0 sa carri\u00e8re cycliste apr\u00e8s une petite d\u00e9cennie chez les pros, dont la quasi-totalit\u00e9 du c\u00f4t\u00e9 de la FDJ-Suez et deux derni\u00e8res ann\u00e9es bien ternes chez Human Powered Health. Avant de se tourner vers de nouvelles aventures en 2026, elle est revenue pour DirectVelo sur les raisons de cet arr\u00eat, sans oublier d\u2019\u00e9voquer ses souvenirs. Entretien.<\/strong> <\/p>\n<p><strong>DirectVelo : Tu as r\u00e9cemment annonc\u00e9 mettre un terme \u00e0 ta carri\u00e8re cycliste !<\/strong> <br \/>Ma\u00eblle Grosset\u00eate : Ma d\u00e9cision est prise depuis un moment. Les deux derni\u00e8res ann\u00e9es n\u2019ont pas \u00e9t\u00e9 faciles avec des soucis de sant\u00e9 et des blessures. \u00c7a fait partie du jeu mais je crois que \u00e7a m\u2019a aid\u00e9e \u00e0 prendre cette d\u00e9cision, d\u2019autant que d\u2019autres projets se sont mis en place en parall\u00e8le. Avec la famille de Margot (Pompanon), on s\u2019est lanc\u00e9es dans le projet de construction d\u2019un cabinet m\u00e9dical, essentiellement pour kin\u00e9sith\u00e9rapeutes, et qui sera bas\u00e9 en Bourgogne pr\u00e8s de Chalon-sur-Sa\u00f4ne. C\u2019est un projet qui demande pas mal d\u2019investissement et de temps mais j\u2019en avais tr\u00e8s envie et la passerelle entre la fin de ma carri\u00e8re cycliste et cette nouvelle vie s\u2019est faite assez naturellement.<\/p>\n<p dir=\"ltr\"><strong>\u00ab ON A FINI PAR SE DIRE QU\u2019IL NE SERVAIT PLUS \u00c0 RIEN QUE JE CONTINUE DE COURIR \u00bb <\/strong><\/p>\n<p><strong>En r\u00e9alit\u00e9, tu as d\u00e9j\u00e0 arr\u00eat\u00e9 depuis un moment puisque ta derni\u00e8re comp\u00e9tition remonte au 17 mai dernier, et que tu ne comptes que sept jours de courses en 2025. Que s\u2019est-il pass\u00e9 ?<\/strong><br \/>Je n\u2019ai pas beaucoup couru en effet car j\u2019ai accumul\u00e9 les p\u00e9pins. Cette ann\u00e9e, c\u2019est l\u2019art\u00e8re iliaque qui m\u2019a fait tout arr\u00eater. D\u00e8s la reprise de la saison, \u00e7a n\u2019allait pas, j\u2019avais mal \u00e0 la jambe. J\u2019ai eu le temps de me dire que je n\u2019\u00e9tais pas suffisamment en forme, ou juste nulle, et il a fallu un moment pour poser un diagnostic, l\u2019air de rien, m\u00eame si c\u2019est une pathologie qui peut sembler courante et banale. L\u2019\u00e9quipe a \u00e9t\u00e9 tr\u00e8s cool, compr\u00e9hensive, mais j\u2019avais toujours mal \u00e0 l\u2019entra\u00eenement comme en course. Cette ann\u00e9e, je n\u2019ai jamais \u00e9t\u00e9 \u00e0 plus de 50 ou 60% de mon potentiel. Je n\u2019arrivais pas \u00e0 forcer. D\u2019un commun-accord, on a fini par se dire avec le staff de l\u2019\u00e9quipe qu\u2019il ne servait plus \u00e0 rien que je continue de courir.<\/p>\n<p><strong>Tu avais donc d\u00e9cid\u00e9 d\u00e8s le printemps que c&rsquo;en \u00e9tait d\u00e9finitivement termin\u00e9 ?<\/strong><br \/>J\u2019ai fait le choix de ne pas \u00eatre op\u00e9r\u00e9e. Certains coureurs qui l\u2019ont fait ne m\u2019ont pas convaincu sur le r\u00e9sultat post-op\u00e9ration. Le chirurgien a \u00e9galement \u00e9t\u00e9 tr\u00e8s honn\u00eate en me disant qu\u2019il n\u2019\u00e9tait pas s\u00fbr que \u00e7a marche et qu\u2019il y avait un risque de potentielle r\u00e9cidive. J\u2019ai pes\u00e9 le pour et le contre, sachant que j\u2019avais aussi d\u00e9j\u00e0 en t\u00eate cet autre projet en parall\u00e8le. Apr\u00e8s huit ans chez les pros, je me dis que c\u2019est mon destin et qu\u2019il est temps de passer \u00e0 autre-chose. Je n\u2019ai aucune g\u00eane au quotidien, c\u2019est le plus important.<\/p>\n<p><strong>\u00ab J\u2019AI PERDU DU PLAISIR ET \u00c7A A FORC\u00c9MENT AUSSI PES\u00c9 DANS LA BALANCE \u00bb <\/strong><\/p>\n<p><strong>Tu n\u2019auras malheureusement pas pu apporter grand-chose \u00e0 ta derni\u00e8re formation, Human Powered Health, durant un an et demi\u2026<\/strong><br \/>Forc\u00e9ment, \u00e7a fait chier car j\u2019ai tr\u00e8s peu couru avec l\u2019\u00e9quipe mais d\u2019un autre c\u00f4t\u00e9, je me dis aussi, et ils savent, que je ne pouvais pas vraiment faire autrement. C\u2019est comme \u00e7a, il faut tourner la page. Encore une fois, c\u2019est s\u00fbrement le destin et je me dis que ce n\u2019est peut-\u00eatre pas que du hasard. Il \u00e9tait \u00e9crit que \u00e7a devait s\u2019arr\u00eater maintenant et qu\u2019il faudrait se tourner vers de nouvelles aventures.<\/p>\n<p><img decoding=\"async\" src=\"https:\/\/www.europesays.com\/fr\/wp-content\/uploads\/2025\/12\/Modele-DV-2-7 (5).png\" alt=\"\"\/><br \/><strong id=\"docs-internal-guid-322bfe2b-7fff-d876-d99b-240734dea6a8\"><br \/>Que retiendras-tu de toutes ces ann\u00e9es dans les pelotons ?<br \/><\/strong>Une \u00e9volution \u00e9norme car je suis arriv\u00e9e dans le milieu au moment o\u00f9 le cyclisme f\u00e9minin s\u2019est d\u00e9velopp\u00e9. Rien qu\u2019\u00e0 la FDJ, le changement a \u00e9t\u00e9 \u00e9norme entre mon arriv\u00e9e dans l\u2019\u00e9quipe en 2018 et ma derni\u00e8re ann\u00e9e l\u00e0-bas en 2023. Et depuis, un cap suppl\u00e9mentaire a encore \u00e9t\u00e9 franchi. Tout se professionnalise \u00e0 fond, dans les moindres d\u00e9tails. Il y a plein de bons c\u00f4t\u00e9s, \u00e0 commencer bien s\u00fbr par les salaires, il faut le dire. On arrive \u00e0 en vivre tr\u00e8s convenablement aujourd\u2019hui alors qu\u2019\u00e0 mes d\u00e9buts, la plupart des filles bossaient \u00e0 c\u00f4t\u00e9. Mais sur certains aspects, cette sur-professionnalisation n\u2019a pas que des avantages, je trouve. On a perdu le c\u00f4t\u00e9 fun et ludique du v\u00e9lo. Malgr\u00e9 les ambitions et les enjeux, le v\u00e9lo est toujours rest\u00e9 une passion et un jeu pour moi. Mais l\u00e0, tout est tellement pro que \u00e7a me parlait un peu moins. J\u2019ai perdu du plaisir et \u00e7a a forc\u00e9ment, aussi, pes\u00e9 dans la balance.<strong id=\"docs-internal-guid-322bfe2b-7fff-d876-d99b-240734dea6a8\"> <\/strong><\/p>\n<p>Quels sont tes meilleurs souvenirs sur le v\u00e9lo ?<br \/>Il y en a plusieurs, dont certains remontent \u00e0 assez loin finalement (rire). Je pense d\u2019abord \u00e0 mon tout premier <strong><a href=\"https:\/\/www.directvelo.com\/actualite\/31474\/cc-championnat-de-france-cadettes-classement\" target=\"_blank\" rel=\"noopener\">titre de Championne de France, en cyclo-cross \u00e0 Ligni\u00e8res-en-Berry, en 2014<\/a><\/strong> (chez les Cadettes, NDLR). Les deux ann\u00e9es Juniors dans leur ensemble \u00e9taient g\u00e9niales avec Julien Guiborel en s\u00e9lectionneur, des filles comme Juliette (Labous) et Evita (Muzic)&#8230; On a fait plein de stages ensemble, c\u2019\u00e9tait du v\u00e9lo plaisir. Puis chez les pros, j\u2019ai \u00e9t\u00e9 marqu\u00e9e par le premier Paris-Roubaix. C\u2019est une course que j\u2019affectionne particuli\u00e8rement et que j\u2019ai pu faire \u00e0 quatre reprises. \u00c7a convenait bien \u00e0 mes qualit\u00e9s physiques. Il s\u2019\u00e9tait pass\u00e9 quelque chose de particulier autour de la premi\u00e8re \u00e9dition, j\u2019avais ador\u00e9 l\u2019ambiance et toute l\u2019euphorie qu\u2019il y avait.<strong id=\"docs-internal-guid-322bfe2b-7fff-d876-d99b-240734dea6a8\"\/><\/p>\n<p>\u00ab \u00caTRE UNE LEADER NE CONVIENT PAS FORC\u00c9MENT \u00c0 TOUT LE MONDE \u00bb <\/p>\n<p>Tu n\u2019es pas pass\u00e9e loin d\u2019une victoire en WorldTour, lors d\u2019une \u00e9tape du SIMAC Ladies Tour en 2021\u2026<br \/>\u00c7a aurait pu le faire mais Alison (Jackson) \u00e9tait plus rapide. C\u2019est dommage car c\u2019\u00e9tait une occasion presque unique, finalement, m\u00eame si j\u2019ai fait quelques autres places chez les pros.<strong id=\"docs-internal-guid-322bfe2b-7fff-d876-d99b-240734dea6a8\"\/><\/p>\n<p>Tu \u00e9voquais pr\u00e9c\u00e9demment Juliette Labous et Evita Muzic, deux athl\u00e8tes avec qui tu t\u2019es longtemps tir\u00e9 la bourre depuis les plus jeunes cat\u00e9gories et que tu as plusieurs fois battues. Toutes deux font aujourd\u2019hui partie des meilleures mondiales. Avec le recul, comment expliques-tu ne pas \u00eatre parvenue \u00e0 atteindre le m\u00eame niveau au fil des ann\u00e9es ?<br \/>C\u2019est d\u2019abord une question de qualit\u00e9s intrins\u00e8ques. Juliette et Evita sont devenues deux grandes grimpeuses capables de s\u2019affirmer comme des leaders pour les plus grandes courses par \u00e9tapes du calendrier. De mon c\u00f4t\u00e9, je ne suis ni une grimpeuse, ni une sprinteuse. Et \u00e0 partir de l\u00e0, on sait qu\u2019en cyclisme, il est difficile d\u2019aller pr\u00e9tendre \u00e0 gagner des courses. J\u2019ai forc\u00e9ment dix fois moins d\u2019opportunit\u00e9s de gagner, si ce n\u2019est via une \u00e9chapp\u00e9e (<strong><a href=\"https:\/\/www.directvelo.com\/actualite\/76872\/championnat-de-france-clm-espoirs-femmes-classement\" target=\"_blank\" rel=\"noopener\">Ma\u00eblle Grosset\u00eate a tout de m\u00eame \u00e9t\u00e9 Championne de France Espoirs du contre-la-montre<\/a><\/strong>, NDLR). Alors, comme bien d\u2019autres, je suis devenue une \u00e9quipi\u00e8re mais \u00e7a m\u2019allait tr\u00e8s bien. J\u2019ai ador\u00e9 ce r\u00f4le-l\u00e0. Je n\u2019ai aucun regret, d\u2019autant qu\u2019\u00eatre une leader ne convient pas forc\u00e9ment \u00e0 tout le monde. C\u2019est une sacr\u00e9e pression, vis-\u00e0-vis de ta direction, de ton staff, de tes partenaires, de tes co\u00e9quipi\u00e8res\u2026 Franchement, je n\u2019aurais pas forc\u00e9ment aim\u00e9 \u00e7a. Je n\u2019avais surtout pas les qualit\u00e9s g\u00e9n\u00e9tiques pour gagner un sprint ou en haut d\u2019un col mais de toute fa\u00e7on, rester dans l\u2019ombre m\u2019allait tr\u00e8s bien.<strong id=\"docs-internal-guid-322bfe2b-7fff-d876-d99b-240734dea6a8\"> <\/strong><\/p>\n<p>Tu as particip\u00e9 \u00e0 quatre Paris-Roubaix, autant de Tour des Flandres, au Tour d\u2019Italie \u00e9galement\u2026 Mais jamais au Tour de France. Est-ce un regret ?<br \/>C\u2019est s\u00fbr que j\u2019aurais aim\u00e9 y participer car c\u2019est une course comme aucune autre. J\u2019aurais peut-\u00eatre pu y participer une fois sans une luxation \u00e0 l\u2019\u00e9paule fin mai qui m\u2019a emp\u00each\u00e9e d\u2019\u00eatre apte \u00e0 temps. Mais ce n\u2019est pas une grosse d\u00e9ception ni un regret pour autant. C\u2019est comme \u00e7a. Encore une fois, c\u2019\u00e9tait s\u00fbrement le destin et je suis heureuse de mon parcours.<\/p>\n<p><img decoding=\"async\" src=\"https:\/\/www.europesays.com\/fr\/wp-content\/uploads\/2025\/12\/Ma\u00eblle GROSSETE II.jpg\" alt=\"\"\/><strong id=\"docs-internal-guid-322bfe2b-7fff-d876-d99b-240734dea6a8\"> <\/strong><\/p>\n","protected":false},"excerpt":{"rendered":"Ma\u00eblle Grosset\u00eate s\u2019arr\u00eate l\u00e0. Diminu\u00e9e physiquement tout au long de la derni\u00e8re saison, l\u2019athl\u00e8te de 27 ans a&hellip;\n","protected":false},"author":2,"featured_media":631789,"comment_status":"","ping_status":"","sticky":false,"template":"","format":"standard","meta":{"footnotes":""},"categories":[1411],"tags":[834,828,836,829,837,827,83,826,824,823,1154,207,814,817,815,816,822,821,832,211,839,1011,27,820,818,819,835,831,830,833,838,60,212,208,825],"class_list":{"0":"post-631788","1":"post","2":"type-post","3":"status-publish","4":"format-standard","5":"has-post-thumbnail","7":"category-cyclisme","8":"tag-attaque","9":"tag-belgique","10":"tag-braquet","11":"tag-bretagne","12":"tag-chute","13":"tag-competition","14":"tag-coupe-de-france","15":"tag-coureur","16":"tag-course-cyclisme","17":"tag-course-cycliste","18":"tag-cycling","19":"tag-cyclisme","20":"tag-direct","21":"tag-direct-velo","22":"tag-directvelo","23":"tag-directvelo-com","24":"tag-epreuve","25":"tag-epreuve-cycliste","26":"tag-federation-francaise-de-cyclisme","27":"tag-ffc","28":"tag-flandres","29":"tag-fr","30":"tag-france","31":"tag-live","32":"tag-live-course","33":"tag-live-epreuve","34":"tag-peloton","35":"tag-radio-peloton","36":"tag-radio-tour","37":"tag-ravitaillement","38":"tag-relance","39":"tag-sports","40":"tag-uci","41":"tag-velo","42":"tag-velos"},"share_on_mastodon":{"url":"https:\/\/pubeurope.com\/@fr\/115813468525585063","error":""},"_links":{"self":[{"href":"https:\/\/www.europesays.com\/fr\/wp-json\/wp\/v2\/posts\/631788","targetHints":{"allow":["GET"]}}],"collection":[{"href":"https:\/\/www.europesays.com\/fr\/wp-json\/wp\/v2\/posts"}],"about":[{"href":"https:\/\/www.europesays.com\/fr\/wp-json\/wp\/v2\/types\/post"}],"author":[{"embeddable":true,"href":"https:\/\/www.europesays.com\/fr\/wp-json\/wp\/v2\/users\/2"}],"replies":[{"embeddable":true,"href":"https:\/\/www.europesays.com\/fr\/wp-json\/wp\/v2\/comments?post=631788"}],"version-history":[{"count":0,"href":"https:\/\/www.europesays.com\/fr\/wp-json\/wp\/v2\/posts\/631788\/revisions"}],"wp:featuredmedia":[{"embeddable":true,"href":"https:\/\/www.europesays.com\/fr\/wp-json\/wp\/v2\/media\/631789"}],"wp:attachment":[{"href":"https:\/\/www.europesays.com\/fr\/wp-json\/wp\/v2\/media?parent=631788"}],"wp:term":[{"taxonomy":"category","embeddable":true,"href":"https:\/\/www.europesays.com\/fr\/wp-json\/wp\/v2\/categories?post=631788"},{"taxonomy":"post_tag","embeddable":true,"href":"https:\/\/www.europesays.com\/fr\/wp-json\/wp\/v2\/tags?post=631788"}],"curies":[{"name":"wp","href":"https:\/\/api.w.org\/{rel}","templated":true}]}}