{"id":631790,"date":"2025-12-31T09:27:14","date_gmt":"2025-12-31T09:27:14","guid":{"rendered":"https:\/\/www.europesays.com\/fr\/631790\/"},"modified":"2025-12-31T09:27:14","modified_gmt":"2025-12-31T09:27:14","slug":"le-psg-a-lassaut-dun-prodige-a-70me","status":"publish","type":"post","link":"https:\/\/www.europesays.com\/fr\/631790\/","title":{"rendered":"Le PSG \u00e0 l&rsquo;assaut d&rsquo;un prodige \u00e0 70ME"},"content":{"rendered":"<p><b>A la veille de l&rsquo;ouverture du march\u00e9 hivernal des transferts, le PSG a d\u00e9j\u00e0 les id\u00e9es claires. Et Luis Campos a m\u00eame d\u00e9j\u00e0 cibl\u00e9 un jeune attaquant pour venir renforcer l&rsquo;effectif de Luis Enrique.<\/b><\/p>\n<p>L&rsquo;ann\u00e9e 2025 restera \u00e0 tout jamais dans l&rsquo;histoire du Paris Saint-Germain. Mais pour r\u00e9\u00e9diter une telle performance, les dirigeants des champions d&rsquo;Europe savent qu&rsquo;il va obligatoirement falloir apporter des retouches \u00e0 l&rsquo;\u00e9quipe actuelle. Et, \u00e0 quelques heures du passage \u00e0 2026, et donc de l&rsquo;ouverture du <a href=\"https:\/\/www.foot01.com\/mercato\" title=\"Mercato\" target=\"_blank\" rel=\"noopener\">mercato<\/a>, <a href=\"https:\/\/www.skysports.com\/football\/news\/11095\/13488776\/yan-diomande-transfer-news-man-utd-interested-in-rb-leipzig-forward-but-face-competition-from-bayern-munich-and-psg\" target=\"_blank\" rel=\"noopener\">Sky Sports<\/a> annonce que le PSG est tr\u00e8s int\u00e9ress\u00e9 par Yan Diomande, le jeune attaquant international ivoirien de 19 ans. Actuellement \u00e0 la Coupe d&rsquo;Afrique des Nations avec sa s\u00e9lection, l&rsquo;ailier gauche de Leipzig avait \u00e9t\u00e9 valoris\u00e9 dans un premier temps \u00e0 100 millions d&rsquo;euros. Et d\u00e9j\u00e0 <a href=\"https:\/\/www.foot01.com\/paris\/un-talent-ivoirien-a-la-mode-le-psg-rejoint-la-foule\" target=\"_self\" rel=\"noopener\">le Paris SG avait \u00e9t\u00e9 cit\u00e9 comme un des clubs int\u00e9ress\u00e9s par Diomande<\/a> au d\u00e9but du mois de d\u00e9cembre, m\u00eame si ce prix semblait totalement surr\u00e9aliste.\u00a0Duel \u00e0 trois pour une merveille offensiveLe m\u00e9dia sportif anglais r\u00e9v\u00e8le que la valeur du jeune joueur ivoirien serait plut\u00f4t autour de 65 millions d&rsquo;euros, et que compte tenu de ce tarif, seuls trois clubs seraient tr\u00e8s chauds, \u00e0 savoir le Paris Saint-Germain, Manchester United, et surtout le Bayern Munich. En juillet dernier, Yan Diomande a quitt\u00e9 Leganes pour rejoindre Leipzig moyennant 20 millions d&rsquo;euros. Mais ses six buts et trois passes d\u00e9cisives en seulement 14 matchs de <a href=\"https:\/\/www.foot01.com\/allemagne\" title=\"Bundesliga\" target=\"_blank\" rel=\"noopener\">Bundesliga<\/a> ont \u00e9videmment d\u00e9j\u00e0 fait grimper le prix de l&rsquo;attaquant. Et du c\u00f4t\u00e9 de Leizpig on n&rsquo;aura aucun \u00e9tat d&rsquo;\u00e2me \u00e0 le vendre d\u00e8s ce mercato d&rsquo;hiver si une \u00e9norme offre arrive.<\/p>\n<p>\u00ab L&rsquo;id\u00e9e de perdre Diomande aussi rapidement ne faisait pas fait partie du plan initial lorsqu&rsquo;ils ont d\u00e9bours\u00e9 20 millions d&rsquo;euros pour le recruter cet \u00e9t\u00e9. Mais Leipzig est pragmatique quant \u00e0 son mod\u00e8le \u00e9conomique : former de jeunes talents et les revendre avec un b\u00e9n\u00e9fice substantiel\u00a0\u00bb, pr\u00e9cise\u00a0Danyal Khan, journaliste pour Sky Sports. Une plus-value de 50 millions d&rsquo;euros en seulement six mois, on peut effectivement comprendre le club allemand s&rsquo;il laisse filer son jeune prodige pour 70 millions d&rsquo;euros au PSG ou dans un autre monstre europ\u00e9en.<\/p>\n<p><img decoding=\"async\" src=\"https:\/\/www.europesays.com\/fr\/wp-content\/uploads\/2025\/12\/37922937.png\" alt=\"Y. Diomande\" class=\"w-16 h-16 object-cover rounded-full\"\/><\/p>\n<p>Y. Diomande<\/p>\n<p><img decoding=\"async\" src=\"https:\/\/www.europesays.com\/fr\/wp-content\/uploads\/2025\/10\/ci.png\" alt=\"Ivory Coast\" class=\"w-6 h-4 object-cover\"\/>C\u00f4te d&rsquo;Ivoire \u2022 \u00c2ge 19 \u2022 Attaquant<\/p>\n","protected":false},"excerpt":{"rendered":"A la veille de l&rsquo;ouverture du march\u00e9 hivernal des transferts, le PSG a d\u00e9j\u00e0 les id\u00e9es claires. Et&hellip;\n","protected":false},"author":2,"featured_media":631791,"comment_status":"","ping_status":"","sticky":false,"template":"","format":"standard","meta":{"footnotes":""},"categories":[1410],"tags":[8936,69,63,1011,27,1434,93,60],"class_list":{"0":"post-631790","1":"post","2":"type-post","3":"status-publish","4":"format-standard","5":"has-post-thumbnail","7":"category-football","8":"tag-breaking-news","9":"tag-bundesliga","10":"tag-football","11":"tag-fr","12":"tag-france","13":"tag-mercato","14":"tag-psg","15":"tag-sports"},"share_on_mastodon":{"url":"https:\/\/pubeurope.com\/@fr\/115813472498496968","error":""},"_links":{"self":[{"href":"https:\/\/www.europesays.com\/fr\/wp-json\/wp\/v2\/posts\/631790","targetHints":{"allow":["GET"]}}],"collection":[{"href":"https:\/\/www.europesays.com\/fr\/wp-json\/wp\/v2\/posts"}],"about":[{"href":"https:\/\/www.europesays.com\/fr\/wp-json\/wp\/v2\/types\/post"}],"author":[{"embeddable":true,"href":"https:\/\/www.europesays.com\/fr\/wp-json\/wp\/v2\/users\/2"}],"replies":[{"embeddable":true,"href":"https:\/\/www.europesays.com\/fr\/wp-json\/wp\/v2\/comments?post=631790"}],"version-history":[{"count":0,"href":"https:\/\/www.europesays.com\/fr\/wp-json\/wp\/v2\/posts\/631790\/revisions"}],"wp:featuredmedia":[{"embeddable":true,"href":"https:\/\/www.europesays.com\/fr\/wp-json\/wp\/v2\/media\/631791"}],"wp:attachment":[{"href":"https:\/\/www.europesays.com\/fr\/wp-json\/wp\/v2\/media?parent=631790"}],"wp:term":[{"taxonomy":"category","embeddable":true,"href":"https:\/\/www.europesays.com\/fr\/wp-json\/wp\/v2\/categories?post=631790"},{"taxonomy":"post_tag","embeddable":true,"href":"https:\/\/www.europesays.com\/fr\/wp-json\/wp\/v2\/tags?post=631790"}],"curies":[{"name":"wp","href":"https:\/\/api.w.org\/{rel}","templated":true}]}}