{"id":631792,"date":"2025-12-31T09:28:11","date_gmt":"2025-12-31T09:28:11","guid":{"rendered":"https:\/\/www.europesays.com\/fr\/631792\/"},"modified":"2025-12-31T09:28:11","modified_gmt":"2025-12-31T09:28:11","slug":"meghan-markle-son-pere-ampute-de-la-jambe-donne-enfin-de-ses-nouvelles-me-tenir-debout","status":"publish","type":"post","link":"https:\/\/www.europesays.com\/fr\/631792\/","title":{"rendered":"Meghan Markle : son p\u00e8re amput\u00e9 de la jambe donne enfin de ses nouvelles, \u201cMe tenir debout\u2026\u201d"},"content":{"rendered":"<p>Install\u00e9 depuis quelque temps sur l\u2019\u00eele de Cebu, aux<br \/>\nPhilippines, <strong>Thomas Markle<\/strong> a travers\u00e9 une grave<br \/>\n\u00e9preuve de sant\u00e9 au d\u00e9but du mois de d\u00e9cembre.<\/p>\n<p>\u00c2g\u00e9 de 81 ans, le p\u00e8re de Meghan Markle a d\u00fb \u00eatre<br \/>\n<strong><a href=\"https:\/\/www.closermag.fr\/royautes\/meghan-markle-ampute-dune-jambe-son-pere-fait-appel-a-ses-fans-pour-le-sauver-3608374\" target=\"_blank\" rel=\"noopener\"><br \/>\namput\u00e9 de la jambe gauche<\/a><\/strong>. Un caillot sanguin majeur<br \/>\nemp\u00eachait toute circulation dans son pied. Apr\u00e8s une intervention<br \/>\nd\u00e9licate et un s\u00e9jour de cinq jours en soins intensifs, son \u00e9tat<br \/>\ns\u2019est stabilis\u00e9.<\/p>\n<p>Meghan Markle : son p\u00e8re a subi<br \/>\nune lourde op\u00e9ration mais donne des nouvelles encourageantes<\/p>\n<p data-start=\"67\" data-end=\"1227\">Dimanche 28 d\u00e9cembre, <a href=\"https:\/\/www.closermag.fr\/royautes\/meghan-markle-son-pere-thomas-a-subi-une-amputation-il-est-toujours-en-soins-intensifs-3602793\" target=\"_blank\" rel=\"noopener\"><br \/>\nThomas Markle<\/a> a tenu \u00e0 donner de ses nouvelles dans les<br \/>\ncolonnes du Daily Mail.<br \/>\n\u00ab\u00a0J\u2019ai beaucoup de raisons de me r\u00e9jouir<strong>. Je vais<br \/>\nbien<\/strong> et je tiens \u00e0 remercier toutes les personnes du monde<br \/>\nentier qui m\u2019ont envoy\u00e9 leurs v\u0153ux de r\u00e9tablissement\u00a0\u00bb, a-t-il<br \/>\nconfi\u00e9.<\/p>\n<p data-start=\"67\" data-end=\"1227\">Il a ensuite d\u00e9taill\u00e9 ses<br \/>\nprogr\u00e8s : \u00ab\u00a0Je fais de la kin\u00e9sith\u00e9rapie tous les jours et j\u2019ai<br \/>\nr\u00e9ussi \u00e0 m\u2019asseoir au bord du lit. <strong>Et m\u00eame \u00e0 me<br \/>\ntenir debout sur ma jambe valide gr\u00e2ce \u00e0 une infirmi\u00e8re et un<br \/>\nd\u00e9ambulateur<\/strong>. C\u2019\u00e9tait un merveilleux cadeau de No\u00ebl\u00a0\u00bb.<br \/>\nConscient que la route sera encore longue, il reste n\u00e9anmoins<br \/>\noptimiste : \u00ab\u00a0Le chemin est encore long. Mais je suis tellement<br \/>\nreconnaissant envers les formidables m\u00e9decins et infirmi\u00e8res qui<br \/>\nprennent si bien soin de moi\u00a0\u00bb.<\/p>\n<p>Un<br \/>\nNo\u00ebl entour\u00e9 de ses proches malgr\u00e9 la convalescence<\/p>\n<p data-start=\"1289\" data-end=\"2907\" data-is-last-node=\"\" data-is-only-node=\"\">En attendant une \u00e9ventuelle pose de proth\u00e8se,<br \/>\nqui ne pourra intervenir qu\u2019apr\u00e8s trois mois en centre de<br \/>\nr\u00e9\u00e9ducation, Thomas Markle a tout de m\u00eame pu c\u00e9l\u00e9brer No\u00ebl dans un<br \/>\nclimat chaleureux. Il a pass\u00e9 le r\u00e9veillon en compagnie de son<br \/>\ninfirmi\u00e8re priv\u00e9e, Christine, mais aussi de son fils <a href=\"https:\/\/www.closermag.fr\/royautes\/thomas-markle-jr-le-frere-de-meghan-markle-est-devenu-sans-abri-976785\" target=\"_blank\" rel=\"noopener\"><br \/>\nThomas Markle Jr<\/a>., venu lui rendre visite avec sa compagne<br \/>\nRose, \u00e2g\u00e9e de 28 ans. Meghan Markle, de son c\u00f4t\u00e9, est rest\u00e9e aupr\u00e8s<br \/>\ndu prince Harry et de leurs enfants, Archie et Lilibet. Son fils a<br \/>\ndonn\u00e9 des nouvelles rassurantes de son p\u00e8re : \u00ab\u00a0<strong>Papa se<br \/>\nporte remarquablement bien<\/strong> compte tenu de ce qu\u2019il a<br \/>\ntravers\u00e9. Rose et moi lui avons rendu visite pour No\u00ebl.<br \/>\nNous lui avons apport\u00e9 une carte d\u00e9cor\u00e9e de guirlandes et de<br \/>\nquelques bonbons\u00a0\u00bb.<\/p>\n<p data-start=\"1289\" data-end=\"2907\" data-is-last-node=\"\" data-is-only-node=\"\">Malgr\u00e9 un r\u00e9gime strict, une petite entorse<br \/>\n\u00e9tait permise : \u00ab\u00a0<strong>Il suit un r\u00e9gime sp\u00e9cial<\/strong> et<br \/>\na d\u00fb r\u00e9duire consid\u00e9rablement sa consommation de sucre, mais les<br \/>\nm\u00e9decins lui ont dit qu\u2019il pouvait manger quelques bonbons pour<br \/>\nf\u00eater No\u00ebl\u00a0\u00bb. Le repas s\u2019est d\u00e9roul\u00e9 dans une salle commune du<br \/>\ncentre, apr\u00e8s un d\u00e9placement en fauteuil roulant. \u00ab\u00a0Il a pu se<br \/>\nlever et a \u00e9t\u00e9 conduit en fauteuil roulant dans une salle de<br \/>\nloisirs. Il a partag\u00e9 un repas et des divertissements avec<br \/>\nd\u2019autres patients en r\u00e9adaptation\u00a0\u00bb a pr\u00e9cis\u00e9 Thomas Markle Jr..<br \/>\nCelui-ci a ajout\u00e9 que son p\u00e8re \u00ab\u00a0est de bonne humeur,<br \/>\nreconnaissant d\u2019\u00eatre en vie\u00a0\u00bb.<\/p>\n","protected":false},"excerpt":{"rendered":"Install\u00e9 depuis quelque temps sur l\u2019\u00eele de Cebu, aux Philippines, Thomas Markle a travers\u00e9 une grave \u00e9preuve de&hellip;\n","protected":false},"author":2,"featured_media":631793,"comment_status":"","ping_status":"","sticky":false,"template":"","format":"standard","meta":{"footnotes":""},"categories":[1359],"tags":[21303,58,59,1011,27,70426,973],"class_list":{"0":"post-631792","1":"post","2":"type-post","3":"status-publish","4":"format-standard","5":"has-post-thumbnail","7":"category-people","8":"tag-buzz_nonli","9":"tag-divertissement","10":"tag-entertainment","11":"tag-fr","12":"tag-france","13":"tag-marfeel_news","14":"tag-people"},"share_on_mastodon":{"url":"https:\/\/pubeurope.com\/@fr\/115813476216338880","error":""},"_links":{"self":[{"href":"https:\/\/www.europesays.com\/fr\/wp-json\/wp\/v2\/posts\/631792","targetHints":{"allow":["GET"]}}],"collection":[{"href":"https:\/\/www.europesays.com\/fr\/wp-json\/wp\/v2\/posts"}],"about":[{"href":"https:\/\/www.europesays.com\/fr\/wp-json\/wp\/v2\/types\/post"}],"author":[{"embeddable":true,"href":"https:\/\/www.europesays.com\/fr\/wp-json\/wp\/v2\/users\/2"}],"replies":[{"embeddable":true,"href":"https:\/\/www.europesays.com\/fr\/wp-json\/wp\/v2\/comments?post=631792"}],"version-history":[{"count":0,"href":"https:\/\/www.europesays.com\/fr\/wp-json\/wp\/v2\/posts\/631792\/revisions"}],"wp:featuredmedia":[{"embeddable":true,"href":"https:\/\/www.europesays.com\/fr\/wp-json\/wp\/v2\/media\/631793"}],"wp:attachment":[{"href":"https:\/\/www.europesays.com\/fr\/wp-json\/wp\/v2\/media?parent=631792"}],"wp:term":[{"taxonomy":"category","embeddable":true,"href":"https:\/\/www.europesays.com\/fr\/wp-json\/wp\/v2\/categories?post=631792"},{"taxonomy":"post_tag","embeddable":true,"href":"https:\/\/www.europesays.com\/fr\/wp-json\/wp\/v2\/tags?post=631792"}],"curies":[{"name":"wp","href":"https:\/\/api.w.org\/{rel}","templated":true}]}}