{"id":631796,"date":"2025-12-31T09:31:15","date_gmt":"2025-12-31T09:31:15","guid":{"rendered":"https:\/\/www.europesays.com\/fr\/631796\/"},"modified":"2025-12-31T09:31:15","modified_gmt":"2025-12-31T09:31:15","slug":"erica-traquee-sa-vie-bascule-basile-son-frere-peut-il-la-sauver-demain-nous-appartient-spoilers-du-19-au-23-janvier-2026","status":"publish","type":"post","link":"https:\/\/www.europesays.com\/fr\/631796\/","title":{"rendered":"Erica traqu\u00e9e, sa vie bascule : Basile, son fr\u00e8re, peut-il la sauver ? &#8211; Demain nous appartient (spoilers) du 19 au 23 janvier 2026"},"content":{"rendered":"<p>\tD\u00e9couvrez les spoilers de Demain nous appartient du 19 au 23 janvier 2026 : le cauchemar d\u2019Erica prend une tournure terrifiante, Basile va-t-il la sauver ? Voici les r\u00e9sum\u00e9s courts de DNA \u00e0 trois semaines d\u2019avance.<br \/>\n<img fetchpriority=\"high\" decoding=\"async\" aria-describedby=\"caption-attachment-336059\" src=\"https:\/\/www.europesays.com\/fr\/wp-content\/uploads\/2025\/12\/erica-basile-dna.jpg\" alt=\"Erica DNA\" width=\"1280\" height=\"720\" class=\"size-full wp-image-336059\"  \/><\/p>\n<p id=\"caption-attachment-336059\" class=\"wp-caption-text\">Comment Erica va sortir de ce cauchemar ? \/ Montage photo @nicolasbv.off et capture \u00e9cran<\/p>\n<p>Les spoilers<a href=\"https:\/\/www.nouveautes-tele.com\/62784-resume-demain-nous-appartient-tf1-en-avance-spoilers-devoiles.html\" target=\"_blank\" rel=\"noopener\"><strong> Demain nous appartient (voir r\u00e9sum\u00e9s en avance) <\/strong><\/a> des \u00e9pisodes 3 semaines en avance du 19 au 23 janvier 2026.<\/p>\n<p>Avec les \u00e9pisodes 2121 \u00e0 2125 en attendant les r\u00e9sum\u00e9s complets et les r\u00e9caps vid\u00e9o sur notre <a href=\"https:\/\/www.youtube.com\/@nouveautesteleoff\/videos\" target=\"_blank\" rel=\"noopener\"><strong>cha\u00eene YouTube<\/strong><\/a>, les premi\u00e8res indiscr\u00e9tions se d\u00e9voilent. <\/p>\n<p><\/p>\n<p><strong>Les acteurs en guests au casting <\/strong>:  <a href=\"https:\/\/www.nouveautes-tele.com\/324837-demain-nous-appartient-spoilers-2026-chloe-raphaelle-sara-et-roxane-sous-le-choc-apres-3-arrivees-inattendues.html\" target=\"_blank\" rel=\"noopener\"><strong>Nicolas Berger Vachon<\/strong><\/a> (Basile Vidal, le fr\u00e8re d\u2019Erica, au c\u0153ur de l\u2019intrigue), Morgan Cayrier (Le Planton), <a href=\"https:\/\/www.nouveautes-tele.com\/328307-alice-raucoules-dans-demain-nous-appartient-elle-rejoint-sebastien-perraud-au-parquet.html\" target=\"_blank\" rel=\"noopener\"><strong>Alice Raucoules<\/strong><\/a> (Marion Delaroche la substitut du procureur), Victor Miszezuk (Le Dogsitter), Andr\u00e9a Furet (Vahina Meynadier), Alexis Loret (Mathieu Bouvard)<\/p>\n<p>Demain nous appartient en avance du lundi 19 janvier 2026 (spoilers) <\/p>\n<p>Dans <strong>DNA \u00e9pisode 2121<\/strong> :  Mathieu passe \u00e0 la vitesse sup\u00e9rieure : le harceleur d\u2019Erica menace d\u00e9sormais ses proches. \u00c0 l\u2019h\u00f4pital, la vie amoureuse d\u2019Aaron s\u2019invite au travail. De son c\u00f4t\u00e9, Charles reste bouche b\u00e9e face aux r\u00e9v\u00e9lations de Violette.<\/p>\n<p>Demain nous appartient en avance du mardi 20 janvier 2026  (spoilers)<\/p>\n<p>Dans <strong>DNA \u00e9pisode 2122<\/strong> : Pour Erica, l\u2019enfer ne fait que commencer. Aaron encha\u00eene les surprises c\u00f4t\u00e9 c\u0153ur : un rendez-vous peut en cacher un autre\u2026 Quant \u00e0 Bastien, son attirance pour Esm\u00e9e le pousse \u00e0 d\u00e9laisser Violette.<\/p>\n<p>Demain nous appartient en avance du mercredi 21 janvier 2026  (spoilers) <\/p>\n<p>Dans <strong>DNA \u00e9pisode 2123<\/strong> :  L\u2019\u00e9tau se resserre autour de l\u2019entourage d\u2019Erica. Fred fait de son mieux pour apaiser les inqui\u00e9tudes de Samuel sur sa sant\u00e9. Chez Soizic, un foss\u00e9 g\u00e9n\u00e9rationnel met Adam mal \u00e0 l\u2019aise lors du d\u00eener.<\/p>\n<p><img loading=\"lazy\" decoding=\"async\" aria-describedby=\"caption-attachment-327175\" src=\"data:image\/svg+xml,%3Csvg%20xmlns=\" http:=\"\" alt=\"sara dna\" width=\"2569\" height=\"1359\" class=\"size-full wp-image-327175\" data-lazy- data-lazy- data-lazy-src=\"https:\/\/www.europesays.com\/fr\/wp-content\/uploads\/2025\/12\/sarsa.jpg\"\/><\/p>\n<p id=\"caption-attachment-327175\" class=\"wp-caption-text\">Sara victime d\u2019un accident : que s\u2019est-il pass\u00e9 ?<\/p>\n<p>Demain nous appartient en avance du jeudi 22 janvier 2026  (spoilers) <\/p>\n<p>Dans <strong>DNA \u00e9pisode 2124<\/strong> : L\u2019enqu\u00eate sur les Vidal avance \u00e0 grands pas gr\u00e2ce au flair de Karim. Du c\u00f4t\u00e9 de Rapha\u00eblle, le pardon envers Chlo\u00e9 n\u2019est pas pour tout de suite. Adam, lui, s\u2019emballe par crainte de perdre Gloria.<\/p>\n<p>Demain nous appartient en avance du vendredi 23 janvier 2026  (spoilers) <\/p>\n<p>Dans <strong>DNA \u00e9pisode 2125<\/strong> :   L\u2019accident de Sara soul\u00e8ve bien des interrogations. \u00c0 la f\u00eate surprise de Soraya, Noor a aussi droit \u00e0 une belle surprise. Enfin, Chlo\u00e9 et Rapha\u00eblle parviennent \u00e0 crever l\u2019abc\u00e8s.<\/p>\n<p>\u27a1\ufe0f <a href=\"https:\/\/www.nouveautes-tele.com\/334937-demain-nous-appartient-un-nouveau-personnage-sinstalle-aux-halles-avec-alex-arthur-et-christelle.html\" target=\"_blank\" rel=\"noopener\"><strong>Th\u00e9o Gerey arrive dans Demain nous appartient <\/strong><\/a>dans le r\u00f4le de Waren Muller, un nouveau membre des Halles de S\u00e8te c\u00f4t\u00e9 boulangerie en 2026 ainsi que <a href=\"https:\/\/www.nouveautes-tele.com\/330559-raphael-lenglet-dans-demain-nous-appartient-un-charme-trompeur-pour-une-intrigue-a-haut-risque.html\" target=\"_blank\" rel=\"noopener\"><strong>Rapha\u00ebl Lenglet <\/strong><\/a>qui arrive dans DNA !   <\/p>\n<p>\ud83d\udcac Dites-nous en commentaires ce que vous pensez des spoilers DNA \u00e0 3 semaines. Vous pouvez r\u00e9agir aussi <strong><a href=\"https:\/\/www.nouveautes-tele.com\/51124-forum-demain-nous-appartient-tf1.html\" target=\"_blank\" rel=\"noopener\">le forum Demain nous appartient<\/a><\/strong> tr\u00e8s actif. <\/p>\n<p>&#13;<\/p>\n<p>                          <img loading=\"lazy\" decoding=\"async\" width=\"512\" height=\"512\" src=\"data:image\/svg+xml,%3Csvg%20xmlns=\" http:=\"\" alt=\"Logo de Nouveaut\u00e9 t\u00e9l\u00e9\" data-lazy-src=\"https:\/\/www.europesays.com\/fr\/wp-content\/uploads\/2025\/06\/nt-logo.png\"\/><\/p>\n<p>\t\t\t  Isabelle Corteilles<\/p>\n<p>Titou, fondatrice de Nouveaut\u00e9s T\u00e9l\u00e9 en 2014, passionn\u00e9e de m\u00e9dias et incollable sur l\u2019actualit\u00e9 des s\u00e9ries t\u00e9l\u00e9. De la g\u00e9n\u00e9ration Dawson\u2019s Creek et Sous le Soleil, je navigue aujourd\u2019hui entre le Spoon de DNA, les marais salants d\u2019ITC, le Mistral de PBLV et les Sauvages d\u2019Un Si Grand Soleil, pour ne rien rater des derni\u00e8res intrigues et des indiscr\u00e9tions.<\/p>\n","protected":false},"excerpt":{"rendered":"D\u00e9couvrez les spoilers de Demain nous appartient du 19 au 23 janvier 2026 : le cauchemar d\u2019Erica prend&hellip;\n","protected":false},"author":2,"featured_media":631797,"comment_status":"","ping_status":"","sticky":false,"template":"","format":"standard","meta":{"footnotes":""},"categories":[1356],"tags":[58,59,1011,27,252,1364],"class_list":{"0":"post-631796","1":"post","2":"type-post","3":"status-publish","4":"format-standard","5":"has-post-thumbnail","7":"category-television","8":"tag-divertissement","9":"tag-entertainment","10":"tag-fr","11":"tag-france","12":"tag-television","13":"tag-tv"},"share_on_mastodon":{"url":"https:\/\/pubeurope.com\/@fr\/115813488124348464","error":""},"_links":{"self":[{"href":"https:\/\/www.europesays.com\/fr\/wp-json\/wp\/v2\/posts\/631796","targetHints":{"allow":["GET"]}}],"collection":[{"href":"https:\/\/www.europesays.com\/fr\/wp-json\/wp\/v2\/posts"}],"about":[{"href":"https:\/\/www.europesays.com\/fr\/wp-json\/wp\/v2\/types\/post"}],"author":[{"embeddable":true,"href":"https:\/\/www.europesays.com\/fr\/wp-json\/wp\/v2\/users\/2"}],"replies":[{"embeddable":true,"href":"https:\/\/www.europesays.com\/fr\/wp-json\/wp\/v2\/comments?post=631796"}],"version-history":[{"count":0,"href":"https:\/\/www.europesays.com\/fr\/wp-json\/wp\/v2\/posts\/631796\/revisions"}],"wp:featuredmedia":[{"embeddable":true,"href":"https:\/\/www.europesays.com\/fr\/wp-json\/wp\/v2\/media\/631797"}],"wp:attachment":[{"href":"https:\/\/www.europesays.com\/fr\/wp-json\/wp\/v2\/media?parent=631796"}],"wp:term":[{"taxonomy":"category","embeddable":true,"href":"https:\/\/www.europesays.com\/fr\/wp-json\/wp\/v2\/categories?post=631796"},{"taxonomy":"post_tag","embeddable":true,"href":"https:\/\/www.europesays.com\/fr\/wp-json\/wp\/v2\/tags?post=631796"}],"curies":[{"name":"wp","href":"https:\/\/api.w.org\/{rel}","templated":true}]}}