{"id":631798,"date":"2025-12-31T09:32:18","date_gmt":"2025-12-31T09:32:18","guid":{"rendered":"https:\/\/www.europesays.com\/fr\/631798\/"},"modified":"2025-12-31T09:32:18","modified_gmt":"2025-12-31T09:32:18","slug":"en-1973-le-groupe-de-legende-ac-dc-se-produisait-pour-la-premiere-fois","status":"publish","type":"post","link":"https:\/\/www.europesays.com\/fr\/631798\/","title":{"rendered":"en 1973, le groupe de l\u00e9gende AC\/DC se produisait pour la premi\u00e8re fois"},"content":{"rendered":"<p>Avant de devenir les titans du rock, remplissant les stades du monde entier, <a href=\"https:\/\/www.sudouest.fr\/culture\/musique\/rock-le-groupe-ac-dc-annonce-un-concert-au-stade-de-france-en-2025-23109458.php\" target=\"_blank\" rel=\"follow noopener\">AC\/DC<\/a> a connu des d\u00e9buts modestes mais d\u00e9cisifs. La l\u00e9gende s\u2019\u00e9crit le 31\u00a0d\u00e9cembre 1973 \u00e0 Sydney, en Australie. Ce soir de r\u00e9veillon, au Chequers Nightclub,<a href=\"https:\/\/www.sudouest.fr\/culture\/programmes-tv\/television-les-fratries-a-l-honneur-sur-arte-cet-ete-15657043.php\" target=\"_blank\" rel=\"follow noopener\"> les fr\u00e8res Malcolm et Angus Young<\/a> montent sur sc\u00e8ne pour la toute premi\u00e8re fois.<\/p>\n<p>\u00c0 cette \u00e9poque, le chanteur embl\u00e9matique Bon Scott n\u2019est pas encore l\u00e0\u00a0; c\u2019est Dave Evans qui tient le micro. Le groupe, encore en qu\u00eate d\u2019identit\u00e9, encha\u00eene des reprises de Chuck Berry et des Rolling Stones devant un public restreint. Si<a href=\"https:\/\/www.sudouest.fr\/culture\/musique\/ac-dc-de-retour-sur-scene-en-images-l-histoire-d-un-des-plus-grands-groupes-de-rock-de-la-planete-19699598.php\" target=\"_blank\" rel=\"follow noopener\"> l\u2019uniforme d\u2019\u00e9colier d\u2019Angus<\/a> n\u2019est pas encore syst\u00e9matique, l\u2019\u00e9nergie brute est d\u00e9j\u00e0 palpable.<\/p>\n<p>Ce concert fondateur marque l\u2019acte de naissance d\u2019un<a href=\"https:\/\/www.sudouest.fr\/culture\/musique\/television-un-documentaire-pour-plonger-dans-l-intimite-du-groupe-ac-dc-19729516.php\" target=\"_blank\" rel=\"follow noopener\"> monstre sacr\u00e9<\/a> qui, cinq d\u00e9cennies plus tard, incarne toujours la puissance absolue du \u00ab\u00a0High Voltage\u00a0\u00bb rock\u2019n\u2019roll.<\/p>\n<p>\u00c0 la Une de \u00ab\u00a0Sud Ouest\u00a0\u00bb du 31\u00a0d\u00e9cembre 2000<\/p>\n<p>        <img decoding=\"async\" id=\"27071292\" src=\"https:\/\/www.europesays.com\/fr\/wp-content\/uploads\/2025\/12\/sudouest-page-1-8681651-page-001.jpg\" alt=\"La Une sp\u00e9ciale de \u201cSud Ouest\u201d lors du changement de si\u00e8cle.\" itemprop=\"contentURL\"\/><\/p>\n<p>    La Une sp\u00e9ciale de \u201cSud Ouest\u201d lors du changement de si\u00e8cle.<\/p>\n<p>Archives \u00ab\u00a0Sud Ouest\u00a0\u00bb<\/p>\n<p><strong>Pour retrouver et visualiser les articles PDF de \u00ab\u00a0Sud Ouest\u00a0\u00bb\u00a0:<\/strong> <a href=\"https:\/\/archives.sudouest.fr\/\" target=\"_blank\" rel=\"nofollow noopener\">cliquez ici.<\/a><\/p>\n<p>Dans le calendrier<\/p>\n<p><strong>Saint Sylvestre<\/strong>\u00a0est Pape de 314 \u00e0 335. Son pontificat est consid\u00e9r\u00e9 comme \u00ab\u00a0le plus vide du si\u00e8cle\u00a0\u00bb par la faute de l\u2019empereur Constantin qui, ayant donn\u00e9 en 313 la libert\u00e9 \u00e0 l\u2019\u00c9glise, s\u2019arrogeait le droit de la gouverner.\u00a0<strong>Les Sylvestre sont pr\u00e9cis et organis\u00e9s. Leur couleur\u00a0:<\/strong> le vert.<strong>\u00a0Leur chiffre\u00a0:<\/strong> le 4. <strong>Le dicton du jour<\/strong> \u00ab\u00a0Chaque Saint-Sylvestre sonn\u00e9e, nous fait plus vieux d\u2019une ann\u00e9e\u00a0\u00bb.<\/p>\n<p>\u00c7a s\u2019est pass\u00e9 un 31\u00a0d\u00e9cembre<\/p>\n<p><strong>1877<\/strong>\u00a0D\u00e9c\u00e8s du peintre<a href=\"https:\/\/www.sudouest.fr\/charente-maritime\/saintes\/une-vue-de-saintes-par-gustave-courbet-mise-aux-encheres-14500703.php\" target=\"_blank\" rel=\"follow noopener\">\u00a0Gustave Courbet<\/a>, \u00e0 58\u00a0ans.<strong>\u00a01904\u00a0<\/strong>Inauguration du\u00a0si\u00e8ge social\u00a0du \u00ab\u00a0New York Times\u00a0\u00bb, le\u00a0One Times Square. <strong>1952<\/strong>\u00a0<a href=\"https:\/\/www.sudouest.fr\/lemag\/l-oeil-des-archives-de-sud-ouest-en-decembre-1952-des-inondations-monstres-en-gironde-et-a-bordeaux-2877767.php\" target=\"_blank\" rel=\"follow noopener\">Des pluies diluviennes provoquent\u00a0d\u2019importantes inondations \u00e0 Bordeaux et dans sa banlieue<\/a>.<strong>\u00a01972<\/strong>\u00a0Lancement de la 3e cha\u00eene fran\u00e7aise, Couleur 3, devenue France R\u00e9gions 3 (FR3), puis France 3 en 1992.<strong>\u00a02000 <\/strong><a href=\"https:\/\/www.sudouest.fr\/lot-et-garonne\/tonneins\/il-y-a-25-ans-la-fermeture-de-la-seita-a-tonneins-chronique-d-un-drame-economique-dans-la-ville-du-tabac-17325655.php\" target=\"_blank\" rel=\"follow noopener\">A Tonneins (47), fermeture de la manufacture des tabacs<\/a>.\u00a0<strong>2004\u00a0<\/strong>Inauguration du\u00a0Ta\u00efpei 101, alors\u00a03e\u00a0plus grand\u00a0gratte-ciel\u00a0du monde <strong>2009\u00a0<\/strong>\u00c9clipse lunaire, pendant une\u00a0lune bleue.<\/p>\n<p><strong>2019<\/strong><a href=\"https:\/\/www.sudouest.fr\/international\/chine\/covid-19-la-chronologie-d-un-an-d-epidemie-mondiale-1182688.php\" target=\"_blank\" rel=\"follow noopener\">\u00a0L\u2019OMS est inform\u00e9e d\u2019un groupe de cas de pneumonie dans la ville de Wuhan en Chine. Un nouveau coronavirus est ensuite identifi\u00e9.<\/a><\/p>\n<p>Ils sont n\u00e9s un 31\u00a0d\u00e9cembre<\/p>\n<p><a href=\"https:\/\/www.sudouest.fr\/justice\/pourfendeur-du-politiquement-correct-sine-est-mort-a-87-ans-4668340.php\" target=\"_blank\" rel=\"follow noopener\">Maurice Sinet<\/a>, dit Sin\u00e9, dessinateur fran\u00e7ais (1928-2016), <a href=\"https:\/\/www.sudouest.fr\/culture\/cinema\/cinema-une-vie-avec-anthony-hopkins-numero-un-dans-les-salles-18765325.php\" target=\"_blank\" rel=\"follow noopener\">Anthony Hopkin<\/a>s, acteur am\u00e9ricain d\u2019origine britannique (1937),<a href=\"https:\/\/www.sudouest.fr\/culture\/musique\/la-chanteuse-donna-summer-est-morte-9301928.php\" target=\"_blank\" rel=\"follow noopener\"> Donna Summer<\/a>, chanteuse am\u00e9ricaine (1948 \u2013 2012), Jean-Paul Penin, chef d\u2019orchestre fran\u00e7ais (1949), <a href=\"https:\/\/www.sudouest.fr\/charente-maritime\/l-houmeau\/l-houmeau-la-salle-emilie-le-pennec-inauguree-apres-le-passage-des-equipes-de-france-de-gymnastique-artistique-feminine-25726023.php\" target=\"_blank\" rel=\"follow noopener\">Emilie Le Pennec<\/a>, ancienne gymnaste fran\u00e7aise (1987),<a href=\"https:\/\/www.sudouest.fr\/international\/etats-unis\/l-actrice-trans-hunter-schafer-accuse-l-administration-trump-d-avoir-change-son-genre-sur-son-passeport-23357361.php\" target=\"_blank\" rel=\"follow noopener\"> Hunter Schafer<\/a>, actrice, r\u00e9alisatrice, sc\u00e9nariste et mannequin am\u00e9ricain (1998).<\/p>\n<p><strong>Bonne journ\u00e9e\u00a0! Et demain n\u2019oubliez pas de f\u00eater le Jour de l\u2019An\u00a0!<\/strong><\/p>\n","protected":false},"excerpt":{"rendered":"Avant de devenir les titans du rock, remplissant les stades du monde entier, AC\/DC a connu des d\u00e9buts&hellip;\n","protected":false},"author":2,"featured_media":631799,"comment_status":"","ping_status":"","sticky":false,"template":"","format":"standard","meta":{"footnotes":""},"categories":[1355],"tags":[58,59,1011,27,1361,873],"class_list":{"0":"post-631798","1":"post","2":"type-post","3":"status-publish","4":"format-standard","5":"has-post-thumbnail","7":"category-musique","8":"tag-divertissement","9":"tag-entertainment","10":"tag-fr","11":"tag-france","12":"tag-music","13":"tag-musique"},"share_on_mastodon":{"url":"https:\/\/pubeurope.com\/@fr\/115813492027286267","error":""},"_links":{"self":[{"href":"https:\/\/www.europesays.com\/fr\/wp-json\/wp\/v2\/posts\/631798","targetHints":{"allow":["GET"]}}],"collection":[{"href":"https:\/\/www.europesays.com\/fr\/wp-json\/wp\/v2\/posts"}],"about":[{"href":"https:\/\/www.europesays.com\/fr\/wp-json\/wp\/v2\/types\/post"}],"author":[{"embeddable":true,"href":"https:\/\/www.europesays.com\/fr\/wp-json\/wp\/v2\/users\/2"}],"replies":[{"embeddable":true,"href":"https:\/\/www.europesays.com\/fr\/wp-json\/wp\/v2\/comments?post=631798"}],"version-history":[{"count":0,"href":"https:\/\/www.europesays.com\/fr\/wp-json\/wp\/v2\/posts\/631798\/revisions"}],"wp:featuredmedia":[{"embeddable":true,"href":"https:\/\/www.europesays.com\/fr\/wp-json\/wp\/v2\/media\/631799"}],"wp:attachment":[{"href":"https:\/\/www.europesays.com\/fr\/wp-json\/wp\/v2\/media?parent=631798"}],"wp:term":[{"taxonomy":"category","embeddable":true,"href":"https:\/\/www.europesays.com\/fr\/wp-json\/wp\/v2\/categories?post=631798"},{"taxonomy":"post_tag","embeddable":true,"href":"https:\/\/www.europesays.com\/fr\/wp-json\/wp\/v2\/tags?post=631798"}],"curies":[{"name":"wp","href":"https:\/\/api.w.org\/{rel}","templated":true}]}}