{"id":631818,"date":"2025-12-31T09:42:22","date_gmt":"2025-12-31T09:42:22","guid":{"rendered":"https:\/\/www.europesays.com\/fr\/631818\/"},"modified":"2025-12-31T09:42:22","modified_gmt":"2025-12-31T09:42:22","slug":"ou-en-sont-les-deux-stephanois-passes-a-la-tele-dans-the-voice","status":"publish","type":"post","link":"https:\/\/www.europesays.com\/fr\/631818\/","title":{"rendered":"o\u00f9 en sont les deux St\u00e9phanois pass\u00e9s \u00e0 la t\u00e9l\u00e9 dans The Voice\u202f?"},"content":{"rendered":"<p>L\u2019un a fait une tourn\u00e9e, l\u2019autre sign\u00e9 avec un label. Cette ann\u00e9e, Th\u00e9o Bellanca et La\u00eblia Francius sont pass\u00e9s dans l\u2019\u00e9mission The Voice sur TF1. Toujours en contact aujourd\u2019hui, les deux St\u00e9phanois se sont rencontr\u00e9s lors du tournage\u00a0: \u00ab\u00a0On s\u2019est rendu compte qu\u2019on habitait \u00e0 c\u00f4t\u00e9\u00a0\u00bb, se rappelle La\u00eblia.<\/p>\n<p>Leur aventure <a href=\"https:\/\/www.leprogres.fr\/culture-loisirs\/2025\/04\/13\/deux-stephanois-dans-the-voice-ca-passe-pour-laelia-c-est-fini-pour-theo\" target=\"_blank\" rel=\"noopener\">remonte \u00e0 avril 2025<\/a>, o\u00f9 Th\u00e9o avait \u00e9t\u00e9 \u00e9limin\u00e9 aux battles et La\u00eblia \u00e9tait all\u00e9e jusqu\u2019en demi-finale. Quelques mois apr\u00e8s la diffusion, les deux chanteurs n\u2019ont aucun regret de leur passage dans l\u2019\u00e9mission anim\u00e9e par <a href=\"https:\/\/www.leprogres.fr\/p\/nikos-aliagas\" target=\"_blank\" rel=\"noopener\">Nikos Aliagas<\/a>\u00a0: \u00ab\u00a0C\u2019\u00e9tait \u00e9norme. J\u2019ai pass\u00e9 que des bons moments. \u00c7a me manque\u00a0\u00bb, admet Th\u00e9o.<\/p>\n<p>Malgr\u00e9 son \u00e9limination aux portes de la finale, La\u00eblia n\u2019en tire que du positif\u00a0: \u00ab\u00a0J\u2019ai beaucoup aim\u00e9 l\u2019exp\u00e9rience, j\u2019ai fait des tr\u00e8s belles rencontres\u00a0\u00bb. D\u2019autant plus qu\u2019elle ne se voyait pas aller aussi loin\u00a0: \u00ab\u00a0<a href=\"https:\/\/www.leprogres.fr\/societe\/2025\/04\/12\/the-voice-les-stephanois-laelia-et-theo-en-lice-ce-samedi-soir\" target=\"_blank\" rel=\"noopener\">Quand j\u2019ai pass\u00e9 les battles<\/a>, j\u2019\u00e9tais tellement stress\u00e9e que je ne trouvais pas mes mots. Je pensais que j\u2019allais \u00eatre \u00e9limin\u00e9e tout de suite\u00a0\u00bb,&#8230;<\/p>\n","protected":false},"excerpt":{"rendered":"L\u2019un a fait une tourn\u00e9e, l\u2019autre sign\u00e9 avec un label. Cette ann\u00e9e, Th\u00e9o Bellanca et La\u00eblia Francius sont&hellip;\n","protected":false},"author":2,"featured_media":631819,"comment_status":"","ping_status":"","sticky":false,"template":"","format":"standard","meta":{"footnotes":""},"categories":[9653],"tags":[1111,11,2430,1687,7539,1777,674,1011,27,873,12,25,4001,7538,71,104,12846,2205],"class_list":{"0":"post-631818","1":"post","2":"type-post","3":"status-publish","4":"format-standard","5":"has-post-thumbnail","7":"category-saint-etienne","8":"tag-actu","9":"tag-actualites","10":"tag-auvergne-rhone-alpes","11":"tag-culture-loisirs","12":"tag-edition-loire-sud","13":"tag-eu","14":"tag-europe","15":"tag-fr","16":"tag-france","17":"tag-musique","18":"tag-news","19":"tag-republique-francaise","20":"tag-saint-etienne","21":"tag-saint-etienne-ville","22":"tag-sante","23":"tag-societe","24":"tag-telethon","25":"tag-television-medias"},"share_on_mastodon":{"url":"https:\/\/pubeurope.com\/@fr\/115813531289117471","error":""},"_links":{"self":[{"href":"https:\/\/www.europesays.com\/fr\/wp-json\/wp\/v2\/posts\/631818","targetHints":{"allow":["GET"]}}],"collection":[{"href":"https:\/\/www.europesays.com\/fr\/wp-json\/wp\/v2\/posts"}],"about":[{"href":"https:\/\/www.europesays.com\/fr\/wp-json\/wp\/v2\/types\/post"}],"author":[{"embeddable":true,"href":"https:\/\/www.europesays.com\/fr\/wp-json\/wp\/v2\/users\/2"}],"replies":[{"embeddable":true,"href":"https:\/\/www.europesays.com\/fr\/wp-json\/wp\/v2\/comments?post=631818"}],"version-history":[{"count":0,"href":"https:\/\/www.europesays.com\/fr\/wp-json\/wp\/v2\/posts\/631818\/revisions"}],"wp:featuredmedia":[{"embeddable":true,"href":"https:\/\/www.europesays.com\/fr\/wp-json\/wp\/v2\/media\/631819"}],"wp:attachment":[{"href":"https:\/\/www.europesays.com\/fr\/wp-json\/wp\/v2\/media?parent=631818"}],"wp:term":[{"taxonomy":"category","embeddable":true,"href":"https:\/\/www.europesays.com\/fr\/wp-json\/wp\/v2\/categories?post=631818"},{"taxonomy":"post_tag","embeddable":true,"href":"https:\/\/www.europesays.com\/fr\/wp-json\/wp\/v2\/tags?post=631818"}],"curies":[{"name":"wp","href":"https:\/\/api.w.org\/{rel}","templated":true}]}}