{"id":631820,"date":"2025-12-31T09:43:09","date_gmt":"2025-12-31T09:43:09","guid":{"rendered":"https:\/\/www.europesays.com\/fr\/631820\/"},"modified":"2025-12-31T09:43:09","modified_gmt":"2025-12-31T09:43:09","slug":"saint-etienne-face-a-4-dossiers-urgents","status":"publish","type":"post","link":"https:\/\/www.europesays.com\/fr\/631820\/","title":{"rendered":"Saint-\u00c9tienne face \u00e0 4 dossiers urgents"},"content":{"rendered":"<p>Afficher l\u2019index Masquer l\u2019index <\/p>\n<p>Dans sa qu\u00eate d\u2019un retour imm\u00e9diat en <strong>Ligue 1<\/strong>, l\u2019<strong>ASSE<\/strong> doit g\u00e9rer quatre dossiers br\u00fblants en fin de contrat. Entre prolongations possibles et ventes strat\u00e9giques, Kilmer Sports Ventures doit trancher rapidement.<\/p>\n<p>Mercato ASSE : Brice Maubleu dans l\u2019ombre d\u2019un titulaire, Dennis Appiah, un lat\u00e9ral \u00e0 reconqu\u00e9rir\t<\/p>\n<p>Brice Maubleu, 35 ans, vit dans l\u2019ombre de Gautier Larsonneur depuis son arriv\u00e9e \u00e0 l\u2019\u00e9t\u00e9 2024. Avec un seul match disput\u00e9, un douloureux 4-0 en Coupe de France contre l\u2019OM, le portier st\u00e9phanois sait que son temps de jeu reste limit\u00e9. Pourtant, une prolongation d\u2019un an pourrait l\u2019int\u00e9resser, notamment si l\u2019ASSE retrouve la Ligue 1. Son r\u00f4le de doublure, discret mais n\u00e9cessaire, pourrait se poursuivre, \u00e0 condition qu\u2019il accepte de rester sur le banc et de jouer les rempla\u00e7ants de luxe.<\/p>\n<p><strong>Lire aussi : <a href=\"https:\/\/www.foot-sur7.fr\/714929-mercato-asse-un-lateral-stephanois-en-route-pour-la-grece\" target=\"_blank\" rel=\"noopener\">Mercato ASSE : Un lat\u00e9ral st\u00e9phanois en route pour la Gr\u00e8ce<\/a><\/strong><\/p>\n<p><a class=\"related-article simple\" href=\"https:\/\/www.foot-sur7.fr\/714938-psg-le-qatar-frappe-fort-avec-une-annonce-inedite\" target=\"_blank\" rel=\"noopener\">\u00c0 voirPSG : Le Qatar frappe fort avec une annonce in\u00e9dite<\/a><\/p>\n<p>Dennis Appiah, quant \u00e0 lui, peine \u00e0 retrouver la r\u00e9gularit\u00e9. Barr\u00e9 par Joao Ferreira et Yvann Ma\u00e7on, il n\u2019a \u00e9t\u00e9 titularis\u00e9 que quatre fois sur sept matches disput\u00e9s. Les blessures r\u00e9currentes ne facilitent pas sa situation. \u00c0 33 ans, sa prolongation semble incertaine. Les dirigeants st\u00e9phanois pourraient \u00eatre tent\u00e9s de laisser partir le lat\u00e9ral droit cet hiver, pour all\u00e9ger l\u2019effectif et se concentrer sur des profils plus jeunes et disponibles.<\/p>\n<p>Dylan Batubinsika vers un d\u00e9part de Saint-Etienne ?<\/p>\n<p>Candidat \u00e0 une vente depuis l\u2019\u00e9t\u00e9, Dylan Batubinsika n\u2019a pas su convaincre. Avec une seule titularisation et des concurrents comme Chico Lamba ou Micka\u00ebl Nad\u00e9, le d\u00e9fenseur central pourrait quitter Geoffroy-Guichard d\u00e8s le mercato hivernal. Un d\u00e9part permettrait \u00e0 l\u2019ASSE de r\u00e9cup\u00e9rer un peu d\u2019argent et de lib\u00e9rer un espace dans la d\u00e9fense, tout en renfor\u00e7ant la coh\u00e9rence du groupe autour des joueurs r\u00e9guliers.<\/p>\n<p>Seul taulier des quatre, Florian Tardieu joue un r\u00f4le cl\u00e9 dans l\u2019entrejeu. Titulaire lors des 17 matches de la saison, le milieu de 33 ans incarne la stabilit\u00e9. S\u2019il continue sur ce rythme et que Saint-\u00c9tienne monte en Ligue 1, une prolongation semble \u00e9vidente. Tardieu pourrait \u00eatre la pi\u00e8ce ma\u00eetresse de la reconstruction st\u00e9phanoise, \u00e0 l\u2019image d\u2019un capitaine discret mais indispensable.<\/p>\n<p>Lire aussi sur l\u2019ASSE : <\/p>\n<p><a href=\"https:\/\/www.foot-sur7.fr\/714829-asse-un-souci-avec-lamba-et-bernauer-avant-le-mans\" target=\"_blank\" rel=\"noopener\"><strong>ASSE : Un souci avec Lamba et Bernauer avant le Mans<\/strong><\/a><\/p>\n<p><a href=\"https:\/\/www.foot-sur7.fr\/714869-asse-bafe-gomis-bientot-dirigeant-a-saint-etienne\" target=\"_blank\" rel=\"noopener\"><strong>ASSE : Baf\u00e9 Gomis bient\u00f4t dirigeant \u00e0 Saint-Etienne\u00a0?<\/strong><\/a><\/p>\n<p><a class=\"related-article simple\" href=\"https:\/\/www.foot-sur7.fr\/714941-mercato-lom-passe-a-loffensive-un-cheque-de-20-me-arrive\" target=\"_blank\" rel=\"noopener\">\u00c0 voirMercato : L\u2019OM passe \u00e0 l\u2019offensive, un ch\u00e8que de 20 M\u20ac arrive<\/a><\/p>\n<p><a href=\"https:\/\/www.foot-sur7.fr\/714780-mercato-asse-le-nom-dun-entraineur-libre-associe-a-sainte\" target=\"_blank\" rel=\"noopener\"><strong>Mercato ASSE : Le nom d\u2019un entra\u00eeneur libre associ\u00e9 \u00e0 Saint\u00e9<\/strong><\/a><\/p>\n","protected":false},"excerpt":{"rendered":"Afficher l\u2019index Masquer l\u2019index Dans sa qu\u00eate d\u2019un retour imm\u00e9diat en Ligue 1, l\u2019ASSE doit g\u00e9rer quatre dossiers&hellip;\n","protected":false},"author":2,"featured_media":513217,"comment_status":"","ping_status":"","sticky":false,"template":"","format":"standard","meta":{"footnotes":""},"categories":[9653],"tags":[1111,11,2430,1777,674,1011,27,12,25,4001],"class_list":{"0":"post-631820","1":"post","2":"type-post","3":"status-publish","4":"format-standard","5":"has-post-thumbnail","7":"category-saint-etienne","8":"tag-actu","9":"tag-actualites","10":"tag-auvergne-rhone-alpes","11":"tag-eu","12":"tag-europe","13":"tag-fr","14":"tag-france","15":"tag-news","16":"tag-republique-francaise","17":"tag-saint-etienne"},"share_on_mastodon":{"url":"https:\/\/pubeurope.com\/@fr\/115813535180613639","error":""},"_links":{"self":[{"href":"https:\/\/www.europesays.com\/fr\/wp-json\/wp\/v2\/posts\/631820","targetHints":{"allow":["GET"]}}],"collection":[{"href":"https:\/\/www.europesays.com\/fr\/wp-json\/wp\/v2\/posts"}],"about":[{"href":"https:\/\/www.europesays.com\/fr\/wp-json\/wp\/v2\/types\/post"}],"author":[{"embeddable":true,"href":"https:\/\/www.europesays.com\/fr\/wp-json\/wp\/v2\/users\/2"}],"replies":[{"embeddable":true,"href":"https:\/\/www.europesays.com\/fr\/wp-json\/wp\/v2\/comments?post=631820"}],"version-history":[{"count":0,"href":"https:\/\/www.europesays.com\/fr\/wp-json\/wp\/v2\/posts\/631820\/revisions"}],"wp:featuredmedia":[{"embeddable":true,"href":"https:\/\/www.europesays.com\/fr\/wp-json\/wp\/v2\/media\/513217"}],"wp:attachment":[{"href":"https:\/\/www.europesays.com\/fr\/wp-json\/wp\/v2\/media?parent=631820"}],"wp:term":[{"taxonomy":"category","embeddable":true,"href":"https:\/\/www.europesays.com\/fr\/wp-json\/wp\/v2\/categories?post=631820"},{"taxonomy":"post_tag","embeddable":true,"href":"https:\/\/www.europesays.com\/fr\/wp-json\/wp\/v2\/tags?post=631820"}],"curies":[{"name":"wp","href":"https:\/\/api.w.org\/{rel}","templated":true}]}}