{"id":631837,"date":"2025-12-31T10:01:25","date_gmt":"2025-12-31T10:01:25","guid":{"rendered":"https:\/\/www.europesays.com\/fr\/631837\/"},"modified":"2025-12-31T10:01:25","modified_gmt":"2025-12-31T10:01:25","slug":"petit-dejeuner-spa-massage-a-lhotel-garrigae-4-67-bien-etre-strasbourg-date-horaires-tarifs","status":"publish","type":"post","link":"https:\/\/www.europesays.com\/fr\/631837\/","title":{"rendered":"Petit d\u00e9jeuner, spa &#038; massage \u00e0 l&rsquo;H\u00f4tel Garrigae 4* (67), Bien-\u00eatre Strasbourg : date, horaires, tarifs"},"content":{"rendered":"<p class=\"fw-bold font-size-16 my-1\"> 11 Rue Westercamp | <a href=\"https:\/\/www.jds.fr\/strasbourg\/\" target=\"_blank\" rel=\"noopener\">Strasbourg<\/a><\/p>\n<p class=\"fw-bold font-size-16 my-1\"> Petit d\u00e9jeuner, spa &amp; massage, Prix \/ personne : 104\u00a0\u20ac <\/p>\n<ul class=\"list-unstyled d-flex flex-wrap mt-2\">\n<li class=\"me-2 mb-2\">cocooning<\/li>\n<li class=\"me-2 mb-2\">intimiste<\/li>\n<li class=\"me-2 mb-2\">d\u00e9tente<\/li>\n<li class=\"me-2 mb-2\">adultes<\/li>\n<li class=\"me-2 mb-2\">couples<\/li>\n<li class=\"me-2 mb-2\">solo<\/li>\n<li class=\"me-2 mb-2\">payant<\/li>\n<li class=\"me-2 mb-2\">int\u00e9rieur<\/li>\n<li class=\"me-2 mb-2\">2h-3h<\/li>\n<li class=\"me-2 mb-2\">bien-\u00eatre<\/li>\n<li class=\"me-2 mb-2\">id\u00e9e cadeau<\/li>\n<li class=\"me-2 mb-2\">d\u00e9tente\u00a0\u00a0<\/li>\n<\/ul>\n<p><a class=\"btn btn-lg shadow-lg btn-primary rounded-pill fnac_link\" data-fnac=\"haut\" href=\"https:\/\/lb.affilae.com\/r\/?p=5f7dd9b02760126e01e487b3&amp;af=628&amp;lp=https%3A%2F%2Fwww.funbooker.com%2Ffr%2Fannonce%2Fpetit-dejeuner-spa-massage-pa-a-lhotel-garrigae-villa-la-florangerie-4-67%2Fvoir%3Futm_source%3Daffilae%26utm_medium%3Djds\" target=\"_blank\" rel=\"nofollow noopener\"> Acheter des billets<\/a><\/p>\n<p>Offrez-vous une parenth\u00e8se de douceur dans un \u00e9crin intimiste, o\u00f9 s\u00e9r\u00e9nit\u00e9 et confort se rencontrent. Apr\u00e8s l\u2019agitation du quotidien, commencez votre moment de bien-\u00eatre et de d\u00e9tente.<\/p>\n<p><a data-lightbox=\"article\" data-title=\"Petit d\u00e9jeuner, spa &amp; massage \u00e0 l&#039;H\u00f4tel Garrigae 4* (67) DR\" class=\"image detail fullwidth  position-relative d-block\" href=\"https:\/\/www.jds.fr\/medias\/image\/petit-dejeuner-spa-et-massage-a-l-hotel-garrigae-4-805392-920-0-F.webp\" title=\"Petit d\u00e9jeuner, spa &amp; massage \u00e0 l&#039;H\u00f4tel Garrigae 4* (67) DR\" target=\"_blank\" rel=\"noopener\"><br \/>\n<img decoding=\"async\" loading=\"lazy\" src=\"https:\/\/www.europesays.com\/fr\/wp-content\/uploads\/2025\/12\/petit-dejeuner-spa-et-massage-a-l-hotel-garrigae-4-805392-1200-0.webp.webp\"   width=\"685\" alt=\"Petit d\u00e9jeuner, spa &amp; massage \u00e0 l'H\u00f4tel Garrigae 4* (67)\" class=\"border\"\/><br \/>\nDR<br \/>\nPetit d\u00e9jeuner, spa &amp; massage \u00e0 l&rsquo;H\u00f4tel Garrigae 4* (67)<br \/>\n<\/a><\/p>\n<p>La formule (2 h) comprend\u00a0:<\/p>\n<ul>\n<li>Un petit-d\u00e9jeuner buffet (1 h), servi entre 8 h et 10 h, pour \u00e9veiller vos sens et savourer des produits frais dans une ambiance apaisante.<\/li>\n<li>Un acc\u00e8s au spa avant votre soin, comprenant un bassin de nage \u00e0 contre-courant, un bain \u00e0 remous, un sauna, un hammam, des \u00e9quipements de fitness, une tisanerie et un vestiaire, pour une d\u00e9tente totale.<\/li>\n<li>Un massage de 25 minutes, au choix parmi\u00a0:\n<ul>\n<li><strong>Les ailes dans le dos<\/strong>\u00a0\u2013 massage d\u00e9tente du dos pour rel\u00e2cher les tensions.<\/li>\n<li><strong>Les pieds sur terre<\/strong>\u00a0\u2013 r\u00e9flexologie plantaire pour une sensation d\u00e9toxifiante.<\/li>\n<li><strong>La t\u00eate dans les \u00e9toiles<\/strong>\u00a0\u2013 massage cr\u00e2nien pour un l\u00e2cher-prise imm\u00e9diat.<\/li>\n<\/ul>\n<\/li>\n<\/ul>\n<p>L\u2019acc\u00e8s \u00e0 la piscine ext\u00e9rieure chauff\u00e9e, ouverte de mi-mai \u00e0 mi-octobre, pour prolonger ce moment de s\u00e9r\u00e9nit\u00e9.<\/p>\n<p>Seul(e) ou en duo, savourez cette exp\u00e9rience bien-\u00eatre compl\u00e8te, entre d\u00e9tente, soin et relaxation\u2026 Un instant \u00e0 vivre pleinement ou \u00e0 offrir.<\/p>\n<p>            Renseignements<\/p>\n<p><strong class=\"font-size-18\">O\u00f9\u00a0:<\/strong><br \/> 11 Rue Westercamp<a class=\"mt-1 d-block ps-4\" href=\"https:\/\/www.jds.fr\/strasbourg\/\" target=\"_blank\" rel=\"noopener\"> 67000 Strasbourg<\/a><\/p>\n<p>Tarifs et billetterie\u00a0: <\/p>\n<p>Petit d\u00e9jeuner, spa &amp; massage, Prix \/ personne : 104\u00a0\u20ac<\/p>\n<p>Les actualit\u00e9s \u00e0 Strasbourg<\/p>\n<ul class=\"mt-3 list-unstyled list-articles-v2\" id=\"liste-dates-6954f46d05dfd\">\n<li class=\"col-12 pt-4\" data-view-id-type=\"1\" data-view-id=\"1306988\" data-view-bc=\"0\"><a class=\"image\" href=\"https:\/\/www.jds.fr\/strasbourg\/magazine\/sorties-du-week-end\/top-5-des-idees-sorties-pour-ce-week-end-a-strasbourg-du-2-au-4-janvier-1306988_A\" target=\"_blank\" rel=\"noopener\"><img decoding=\"async\" loading=\"lazy\" src=\"https:\/\/www.europesays.com\/fr\/wp-content\/uploads\/2025\/12\/feerie-de-noel-a-saverne-3-811198-180-180.webp.webp\" width=\"180\" height=\"180\" alt=\"Top 5 des id\u00e9es sorties pour ce week-end \u00e0 Strasbourg (du 2 au 4 janvier)\" class=\"border\"\/><\/a><\/li>\n<li class=\"col-12 pt-4\" data-view-id-type=\"1\" data-view-id=\"1289835\" data-view-bc=\"0\"><a class=\"image\" href=\"https:\/\/www.jds.fr\/strasbourg\/magazine\/actu-magazine\/cahier-d-activites-en-alsacien-pour-enfants-le-feriespass-de-l-olca-1289835_A\" target=\"_blank\" rel=\"noopener\"><img decoding=\"async\" loading=\"lazy\" src=\"https:\/\/www.europesays.com\/fr\/wp-content\/uploads\/2025\/12\/cahier-d-activites-en-alsacien-pour-enfants-le-fer-796676-180-180.webp.webp\" width=\"180\" height=\"180\" alt=\"Cahier d'activit\u00e9s en alsacien pour enfants : le Feriesp\u00e0ss de l'OLCA\" class=\"border\"\/><\/a><\/li>\n<li class=\"col-12 pt-4\" data-view-id-type=\"1\" data-view-id=\"1283751\" data-view-bc=\"0\"><a class=\"image\" href=\"https:\/\/www.jds.fr\/strasbourg\/magazine\/actu-magazine\/noel-solidaire-a-strasbourg-l-armee-du-salut-relance-ses-marmites-de-noel-1283751_A\" target=\"_blank\" rel=\"noopener\"><img decoding=\"async\" loading=\"lazy\" src=\"https:\/\/www.europesays.com\/fr\/wp-content\/uploads\/2025\/12\/marmites-de-noel-de-l-armee-du-salut-a-strasbourg-793634-180-180.webp.webp\" width=\"180\" height=\"180\" alt=\"No\u00ebl solidaire \u00e0 Strasbourg : l\u2019Arm\u00e9e du Salut relance ses Marmites de No\u00ebl\" class=\"border\"\/><\/a><\/li>\n<\/ul>\n<p><a href=\"https:\/\/www.jds.fr\/strasbourg\/magazine\/\" class=\"btn btn-outline-primary py-2 px-4\" target=\"_blank\" rel=\"noopener\">Voir toutes les actualit\u00e9s \u00e0 Strasbourg<\/a><br \/>\n<img decoding=\"async\" loading=\"lazy\" src=\"https:\/\/www.europesays.com\/fr\/wp-content\/uploads\/2025\/12\/Cheval-Blanc-BW-StVal26-300-600.gif\" alt=\"Publicit\u00e9\" border=\"0\" width=\"300\"\/><\/p>\n<p class=\"mt-0 mb-3 h2\">Newsletter JDS Strasbourg<\/p>\n<p class=\"font-size-18 fw-normal lh-sm\">Pr\u00eat pour un week-end de folie\u00a0? Chaque jeudi tous les bons plans sorties<\/p>\n","protected":false},"excerpt":{"rendered":"11 Rue Westercamp | Strasbourg Petit d\u00e9jeuner, spa &amp; massage, Prix \/ personne : 104\u00a0\u20ac cocooning intimiste d\u00e9tente&hellip;\n","protected":false},"author":2,"featured_media":631838,"comment_status":"","ping_status":"","sticky":false,"template":"","format":"standard","meta":{"footnotes":""},"categories":[2820],"tags":[1111,11,1777,674,1011,27,775,12,25,640],"class_list":{"0":"post-631837","1":"post","2":"type-post","3":"status-publish","4":"format-standard","5":"has-post-thumbnail","7":"category-strasbourg","8":"tag-actu","9":"tag-actualites","10":"tag-eu","11":"tag-europe","12":"tag-fr","13":"tag-france","14":"tag-grand-est","15":"tag-news","16":"tag-republique-francaise","17":"tag-strasbourg"},"share_on_mastodon":{"url":"https:\/\/pubeurope.com\/@fr\/115813606137136008","error":""},"_links":{"self":[{"href":"https:\/\/www.europesays.com\/fr\/wp-json\/wp\/v2\/posts\/631837","targetHints":{"allow":["GET"]}}],"collection":[{"href":"https:\/\/www.europesays.com\/fr\/wp-json\/wp\/v2\/posts"}],"about":[{"href":"https:\/\/www.europesays.com\/fr\/wp-json\/wp\/v2\/types\/post"}],"author":[{"embeddable":true,"href":"https:\/\/www.europesays.com\/fr\/wp-json\/wp\/v2\/users\/2"}],"replies":[{"embeddable":true,"href":"https:\/\/www.europesays.com\/fr\/wp-json\/wp\/v2\/comments?post=631837"}],"version-history":[{"count":0,"href":"https:\/\/www.europesays.com\/fr\/wp-json\/wp\/v2\/posts\/631837\/revisions"}],"wp:featuredmedia":[{"embeddable":true,"href":"https:\/\/www.europesays.com\/fr\/wp-json\/wp\/v2\/media\/631838"}],"wp:attachment":[{"href":"https:\/\/www.europesays.com\/fr\/wp-json\/wp\/v2\/media?parent=631837"}],"wp:term":[{"taxonomy":"category","embeddable":true,"href":"https:\/\/www.europesays.com\/fr\/wp-json\/wp\/v2\/categories?post=631837"},{"taxonomy":"post_tag","embeddable":true,"href":"https:\/\/www.europesays.com\/fr\/wp-json\/wp\/v2\/tags?post=631837"}],"curies":[{"name":"wp","href":"https:\/\/api.w.org\/{rel}","templated":true}]}}