{"id":631839,"date":"2025-12-31T10:02:13","date_gmt":"2025-12-31T10:02:13","guid":{"rendered":"https:\/\/www.europesays.com\/fr\/631839\/"},"modified":"2025-12-31T10:02:13","modified_gmt":"2025-12-31T10:02:13","slug":"ligue-1-j17-longue-liste-dabsents-a-logc-nice-avant-daffronter-un-rc-strasbourg-touche","status":"publish","type":"post","link":"https:\/\/www.europesays.com\/fr\/631839\/","title":{"rendered":"Ligue 1 &#8211; J17 : Longue liste d&rsquo;absents \u00e0 l&rsquo;OGC Nice avant d&rsquo;affronter un RC Strasbourg touch\u00e9"},"content":{"rendered":"<p data-start=\"1158\" data-end=\"1458\"><strong data-start=\"1158\" data-end=\"1458\">Le samedi 3 janvier 2026 \u00e0 19h00, l\u2019Allianz Riviera<br \/>\nsera le th\u00e9\u00e2tre de la confrontation entre l\u2019OGC Nice et le RC<br \/>\nStrasbourg Alsace, pour le compte de la 17e journ\u00e9e de Ligue 1.<br \/>\nDiffus\u00e9e sur Ligue 1+, cette rencontre s\u2019annonce d\u00e9cisive pour deux<br \/>\n\u00e9quipes en qu\u00eate de relance au c\u0153ur du classement.<\/strong><\/p>\n<p>Les nouvelles des<br \/>\ninfirmeries<strong data-start=\"8\" data-end=\"79\">OGC Nice : une infirmerie satur\u00e9e qui complique fortement les<br \/>\nchoix<\/strong><\/p>\n<p data-start=\"81\" data-end=\"1058\">L\u2019OGC Nice traverse une p\u00e9riode<br \/>\nparticuli\u00e8rement d\u00e9licate avec un nombre tr\u00e8s \u00e9lev\u00e9 d\u2019absences,<br \/>\ntouchant toutes les lignes de l\u2019\u00e9quipe. Le secteur d\u00e9fensif est<br \/>\nfortement impact\u00e9 avec <strong data-start=\"264\" data-end=\"273\">Dante<\/strong>, <strong data-start=\"275\" data-end=\"297\">Mohamed Abdelmonem<\/strong> (tous deux touch\u00e9s au genou et<br \/>\ntr\u00e8s incertains pour la J17), ainsi que <strong data-start=\"364\" data-end=\"381\">Mo\u00efse Bombito<\/strong>, indisponible jusqu\u2019\u00e0 la J21.<br \/>\n\u00c0 cela s\u2019ajoute la suspension de <strong data-start=\"445\" data-end=\"460\">Tom Louchet<\/strong>, tout comme celle de <strong data-start=\"482\" data-end=\"503\">Charles Vanhoutte<\/strong>, tous deux absents<br \/>\njusqu\u2019\u00e0 la J18. Le milieu de terrain n\u2019est pas \u00e9pargn\u00e9 non plus,<br \/>\navec <strong data-start=\"593\" data-end=\"612\">Hicham<br \/>\nBoudaoui<\/strong> et <strong data-start=\"616\" data-end=\"628\">Ali<br \/>\nAbdi<\/strong>, actuellement \u00e0 la CAN, dont les retours sont<br \/>\nenvisag\u00e9s pour la J19. En attaque, la situation est \u00e9galement<br \/>\npr\u00e9occupante puisque <strong data-start=\"758\" data-end=\"773\">Terem<br \/>\nMoffi<\/strong> et <strong data-start=\"777\" data-end=\"793\">J\u00e9r\u00e9mie<br \/>\nBoga<\/strong> sont en arr\u00eat de travail sans date de reprise<br \/>\nd\u00e9finie. Enfin, <strong data-start=\"856\" data-end=\"873\">Yehvann<br \/>\nDiouf<\/strong> et <strong data-start=\"877\" data-end=\"894\">Antoine<br \/>\nMendy<\/strong>, eux aussi mobilis\u00e9s pour la CAN, manqueront cette<br \/>\nrencontre. Une accumulation d\u2019absences qui fragilise<br \/>\nconsid\u00e9rablement l\u2019effectif ni\u00e7ois avant cette 17e journ\u00e9e.<\/p>\n<p><strong data-start=\"1073\" data-end=\"1143\">RC Strasbourg : des absences cibl\u00e9es mais un<br \/>\n\u00e9quilibre \u00e0 pr\u00e9server<\/strong><\/p>\n<p data-start=\"1145\" data-end=\"2016\" data-is-last-node=\"\" data-is-only-node=\"\">Le RC Strasbourg doit \u00e9galement composer avec<br \/>\nplusieurs forfaits, m\u00eame si la situation semble l\u00e9g\u00e8rement plus<br \/>\nstable que celle de son adversaire. Engag\u00e9s \u00e0 la CAN,<br \/>\n<strong data-start=\"1309\" data-end=\"1323\">Gu\u00e9la Dou\u00e9<\/strong> et<br \/>\n<strong data-start=\"1327\" data-end=\"1343\">Mamadou Sarr<\/strong> ne<br \/>\ndevraient pas effectuer leur retour avant la J19, privant le groupe<br \/>\nde solutions d\u00e9fensives importantes. En attaque,<br \/>\n<strong data-start=\"1464\" data-end=\"1483\">Emmanuel Emegha<\/strong>,<br \/>\ntouch\u00e9 \u00e0 la cuisse, reste incertain avec une reprise envisag\u00e9e<br \/>\nautour de la J19. Le gardien <strong data-start=\"1577\" data-end=\"1600\">Karl-Johan Johnsson<\/strong>, bless\u00e9 au poignet, demeure<br \/>\nincertain. S\u2019ajoutent \u00e0 cela les cas de <strong data-start=\"1707\" data-end=\"1729\">Maximilian Oyedele<\/strong>, touch\u00e9 aux adducteurs<br \/>\net potentiellement de retour pour la J17, ainsi que<br \/>\n<strong data-start=\"1805\" data-end=\"1819\">Saidou Sow<\/strong>, g\u00ean\u00e9<br \/>\npar un probl\u00e8me au genou et \u00e9galement incertain. Malgr\u00e9 ces<br \/>\nabsences, Strasbourg conserve une ossature comp\u00e9titive, mais devra<br \/>\nfaire preuve de rigueur pour maintenir son \u00e9quilibre collectif.<\/p>\n<p>Les \u00e9quipes type et joueurs \u00e0<br \/>\nsuivreLes onze du moment<\/p>\n<p><strong>OGC Nice :\u00a0<\/strong>Dup\u00e9 \u2013 Clauss, Bah, Oppong,<br \/>\nBard \u2013 Sanson, Abdul Samed, Ndombele \u2013 Cho, Kevin Carlos, Diop<\/p>\n<p><strong>RC Strasbourg Alsace :\u00a0<\/strong>Penders \u2013 Hogsberg,<br \/>\nDoukour\u00e9, Chilwell \u2013 Ouattara, El-Mourabet, Barco, Moreira \u2013<br \/>\nAmo-Ameyaw, Panichelli, Enciso<\/p>\n<p>Un match dans le match<\/p>\n<p>En l\u2019absence de Yehvann Diouf,\u00a0<strong>Maxime<br \/>\nDup\u00e9\u00a0<\/strong>va garder les buts ni\u00e7ois et va tenter de rendre<br \/>\nla confiance plac\u00e9e en lui en tant que gardien num\u00e9ro 2 pour<br \/>\nstopper la spirale n\u00e9gative en Ligue 1. Une situation similaire<br \/>\npour l\u2019attaquant strasbourgeois\u00a0<strong>Joaquin<br \/>\nPanichelli<\/strong>, qui n\u2019a plus trouv\u00e9 le chemin des filets en<br \/>\nchampionnat depuis deux mois et qui devrait tout de m\u00eame encha\u00eener<br \/>\n\u00e0 la pointe de l\u2019attaque avec l\u2019absence attendue d\u2019Emanuel<br \/>\nEmegha.<\/p>\n","protected":false},"excerpt":{"rendered":"Le samedi 3 janvier 2026 \u00e0 19h00, l\u2019Allianz Riviera sera le th\u00e9\u00e2tre de la confrontation entre l\u2019OGC Nice&hellip;\n","protected":false},"author":2,"featured_media":399339,"comment_status":"","ping_status":"","sticky":false,"template":"","format":"standard","meta":{"footnotes":""},"categories":[2820],"tags":[1111,11,1777,674,1011,27,775,12,25,640],"class_list":{"0":"post-631839","1":"post","2":"type-post","3":"status-publish","4":"format-standard","5":"has-post-thumbnail","7":"category-strasbourg","8":"tag-actu","9":"tag-actualites","10":"tag-eu","11":"tag-europe","12":"tag-fr","13":"tag-france","14":"tag-grand-est","15":"tag-news","16":"tag-republique-francaise","17":"tag-strasbourg"},"share_on_mastodon":{"url":"https:\/\/pubeurope.com\/@fr\/115813609887271566","error":""},"_links":{"self":[{"href":"https:\/\/www.europesays.com\/fr\/wp-json\/wp\/v2\/posts\/631839","targetHints":{"allow":["GET"]}}],"collection":[{"href":"https:\/\/www.europesays.com\/fr\/wp-json\/wp\/v2\/posts"}],"about":[{"href":"https:\/\/www.europesays.com\/fr\/wp-json\/wp\/v2\/types\/post"}],"author":[{"embeddable":true,"href":"https:\/\/www.europesays.com\/fr\/wp-json\/wp\/v2\/users\/2"}],"replies":[{"embeddable":true,"href":"https:\/\/www.europesays.com\/fr\/wp-json\/wp\/v2\/comments?post=631839"}],"version-history":[{"count":0,"href":"https:\/\/www.europesays.com\/fr\/wp-json\/wp\/v2\/posts\/631839\/revisions"}],"wp:featuredmedia":[{"embeddable":true,"href":"https:\/\/www.europesays.com\/fr\/wp-json\/wp\/v2\/media\/399339"}],"wp:attachment":[{"href":"https:\/\/www.europesays.com\/fr\/wp-json\/wp\/v2\/media?parent=631839"}],"wp:term":[{"taxonomy":"category","embeddable":true,"href":"https:\/\/www.europesays.com\/fr\/wp-json\/wp\/v2\/categories?post=631839"},{"taxonomy":"post_tag","embeddable":true,"href":"https:\/\/www.europesays.com\/fr\/wp-json\/wp\/v2\/tags?post=631839"}],"curies":[{"name":"wp","href":"https:\/\/api.w.org\/{rel}","templated":true}]}}