{"id":63184,"date":"2025-04-30T01:29:12","date_gmt":"2025-04-30T01:29:12","guid":{"rendered":"https:\/\/www.europesays.com\/fr\/63184\/"},"modified":"2025-04-30T01:29:12","modified_gmt":"2025-04-30T01:29:12","slug":"paris-va-t-elle-etre-la-ville-la-plus-chaude-deurope-mercredi","status":"publish","type":"post","link":"https:\/\/www.europesays.com\/fr\/63184\/","title":{"rendered":"Paris va-t-elle \u00eatre la ville la plus chaude d&rsquo;Europe mercredi ?"},"content":{"rendered":"<p class=\"article-p mdl\">Mardi 29 avril, <strong>les temp\u00e9ratures sont mont\u00e9es d&rsquo;un cran dans l&rsquo;Hexagone<\/strong>.\u00a0Elles \u00e9taient en moyenne de 23 \u00e0 26\u00b0C. Sur le littoral de la Manche et les c\u00f4tes m\u00e9diterran\u00e9ennes, elles n&rsquo;ont pas d\u00e9pass\u00e9 les 22 degr\u00e9s.\u00a0<\/p>\n<p class=\"article-p mdl\">Au cours des prochains jours, cette hausse devrait encore plus s&rsquo;acc\u00e9l\u00e9rer. <strong>Paris sera la ville la plus chaude de France, ce mercredi, avec jusqu&rsquo;\u00e0 28 degr\u00e9s attendus<\/strong>. Le mercure va m\u00eame d\u00e9passer les 25 degr\u00e9s dans plusieurs villes en m\u00e9tropole. En plus d&rsquo;\u00eatre la ville la plus chaude de France, la capitale fran\u00e7aise<strong> pourrait \u00eatre la plus chaude d&rsquo;Europe<\/strong>.<\/p>\n<p class=\"article-p mdl\">La France va encore gagner en\u00a0<a class=\"link\" href=\"https:\/\/www.rtl.fr\/actu\/meteo\/meteo-a-quel-moment-parle-t-on-de-seuil-de-chaleur-7900499370\" title=\"M\u00e9t\u00e9o : \u00e0 quel moment parle-t-on de &quot;seuil de chaleur&quot; ?\" rel=\"nofollow noopener\" target=\"_blank\">chaleur<\/a>\u00a0les jours suivants. La barre des 30 degr\u00e9s pourrait \u00eatre fr\u00f4l\u00e9e en \u00cele-de-France lors des journ\u00e9es de jeudi et de vendredi. N\u00e9anmoins, \u00ab\u00a0avec la circulation d&rsquo;une d\u00e9pression au large \u00e0 l&rsquo;ouest du pays jeudi, le ciel risque de devenir plus nuageux de la fa\u00e7ade Atlantique au Cotentin, avec \u00e9ventuellement quelques ond\u00e9es par moment, et une baisse sensible des temp\u00e9ratures \u00e0 la cl\u00e9\u00a0\u00bb, a indiqu\u00e9 M\u00e9t\u00e9o France.<\/p>\n<p class=\"article-p mdl\"><strong>Une baisse des temp\u00e9ratures et une d\u00e9gradation du temps sont attendues pour le week-end<\/strong>. \u00ab\u00a0Samedi, des ond\u00e9es orageuses pourraient concerner les r\u00e9gions au nord de la Loire, mais cette \u00e9volution reste incertaine. Dimanche, le temps pourrait devenir plus franchement orageux au sud de la Loire. Avec le renforcement d&rsquo;un flux de nord-est par le nord, (et) <strong>les temp\u00e9ratures baissent partout\u00a0\u00bb<\/strong>, ajoute le service de m\u00e9t\u00e9orologie.<\/p>\n<p>    La r\u00e9daction vous recommande<\/p>\n<p class=\"article-p mdl\">Cette s\u00e9quence anormalement chaude devrait se poursuivre lors des journ\u00e9es de jeudi et de vendredi, avec de possibles records de chaleur \u00e0 la cl\u00e9. Une tr\u00e8s nette baisse des temp\u00e9ratures est attendue dimanche.<\/p>\n<p class=\"s-newsletter__title\">\n                L\u2019actualit\u00e9 par la r\u00e9daction de RTL dans votre bo\u00eete mail.\n            <\/p>\n<p class=\"s-newsletter__subtitle\">\n                Gr\u00e2ce \u00e0 votre compte RTL abonnez-vous \u00e0 la newsletter RTL info pour suivre toute l&rsquo;actualit\u00e9 au quotidien\n            <\/p>\n<p>\n                                    Lire la suite\n                                <\/p>\n","protected":false},"excerpt":{"rendered":"Mardi 29 avril, les temp\u00e9ratures sont mont\u00e9es d&rsquo;un cran dans l&rsquo;Hexagone.\u00a0Elles \u00e9taient en moyenne de 23 \u00e0 26\u00b0C.&hellip;\n","protected":false},"author":2,"featured_media":63185,"comment_status":"","ping_status":"","sticky":false,"template":"","format":"standard","meta":{"footnotes":""},"categories":[1586],"tags":[11,1777,674,107,1011,27,2487,12,626,25,2648],"class_list":{"0":"post-63184","1":"post","2":"type-post","3":"status-publish","4":"format-standard","5":"has-post-thumbnail","7":"category-europe","8":"tag-actualites","9":"tag-eu","10":"tag-europe","11":"tag-fil-info","12":"tag-fr","13":"tag-france","14":"tag-meteo","15":"tag-news","16":"tag-paris","17":"tag-republique-francaise","18":"tag-temperature"},"share_on_mastodon":{"url":"https:\/\/pubeurope.com\/@fr\/114424326601802523","error":""},"_links":{"self":[{"href":"https:\/\/www.europesays.com\/fr\/wp-json\/wp\/v2\/posts\/63184","targetHints":{"allow":["GET"]}}],"collection":[{"href":"https:\/\/www.europesays.com\/fr\/wp-json\/wp\/v2\/posts"}],"about":[{"href":"https:\/\/www.europesays.com\/fr\/wp-json\/wp\/v2\/types\/post"}],"author":[{"embeddable":true,"href":"https:\/\/www.europesays.com\/fr\/wp-json\/wp\/v2\/users\/2"}],"replies":[{"embeddable":true,"href":"https:\/\/www.europesays.com\/fr\/wp-json\/wp\/v2\/comments?post=63184"}],"version-history":[{"count":0,"href":"https:\/\/www.europesays.com\/fr\/wp-json\/wp\/v2\/posts\/63184\/revisions"}],"wp:featuredmedia":[{"embeddable":true,"href":"https:\/\/www.europesays.com\/fr\/wp-json\/wp\/v2\/media\/63185"}],"wp:attachment":[{"href":"https:\/\/www.europesays.com\/fr\/wp-json\/wp\/v2\/media?parent=63184"}],"wp:term":[{"taxonomy":"category","embeddable":true,"href":"https:\/\/www.europesays.com\/fr\/wp-json\/wp\/v2\/categories?post=63184"},{"taxonomy":"post_tag","embeddable":true,"href":"https:\/\/www.europesays.com\/fr\/wp-json\/wp\/v2\/tags?post=63184"}],"curies":[{"name":"wp","href":"https:\/\/api.w.org\/{rel}","templated":true}]}}