{"id":631846,"date":"2025-12-31T10:07:13","date_gmt":"2025-12-31T10:07:13","guid":{"rendered":"https:\/\/www.europesays.com\/fr\/631846\/"},"modified":"2025-12-31T10:07:13","modified_gmt":"2025-12-31T10:07:13","slug":"quels-magasins-et-supermarches-sont-ouverts-le-1er-janvier","status":"publish","type":"post","link":"https:\/\/www.europesays.com\/fr\/631846\/","title":{"rendered":"quels magasins et supermarch\u00e9s sont ouverts le 1er janvier ?"},"content":{"rendered":"<p class=\"single__subtitle\">Bordeaux entame 2026 : tour d\u2019horizon des supermarch\u00e9s, centres commerciaux et \u00e9piceries de quartier ouverts ce jeudi 1er janvier pour vos achats de derni\u00e8re minute.<\/p>\n<p>\t\t\t\t\t\t\t\t\t\t\t\t\t\t\t\t\t\t\t\t\t\t<img loading=\"lazy\" decoding=\"async\" src=\"https:\/\/www.europesays.com\/fr\/wp-content\/uploads\/2025\/12\/supermarche-1er-janvier2-1024x683.jpg\" class=\"img-fluid\" alt=\"Horaires des supermarch\u00e9s de Bordeaux le 1er janvier\" width=\"1024\" height=\"683\"\/><\/p>\n<p>    Save<\/p>\n<p>Le R\u00e9veillon est termin\u00e9, place \u00e0 la premi\u00e8re journ\u00e9e de 2026 (bonne ann\u00e9e !) ! Que vous ayez besoin de de quelques courses pour le d\u00e9jeuner du <a href=\"https:\/\/bordeauxsecret.com\/nouvel-an-chinois-defile-bordeaux\/\" rel=\"follow noopener\" target=\"_self\" class=\"shortcode-outbound-link\" data-has-ga=\"true\" data-ga-type=\"click\" data-label=\"https:\/\/bordeauxsecret.com\/nouvel-an-chinois-defile-bordeaux\/\" data-action=\"text_cta_0\" data-category=\"click_internal\">Nouvel An<\/a> ou juste envie de faire un tour, la question se pose : <b>quelles enseignes restent ouvertes ce jeudi 1er <a href=\"https:\/\/bordeauxsecret.com\/activites-janvier-bordeaux\/\" rel=\"follow noopener\" target=\"_self\" class=\"shortcode-outbound-link\" data-has-ga=\"true\" data-ga-type=\"click\" data-label=\"https:\/\/bordeauxsecret.com\/activites-janvier-bordeaux\/\" data-action=\"text_cta_1\" data-category=\"click_internal\">janvier<\/a> \u00e0 Bordeaux ?<\/b> En ce jour f\u00e9ri\u00e9, la Belle Endormie porte bien son nom et la majorit\u00e9 des supermarch\u00e9s restent ferm\u00e9s. Mais il existe des exceptions. Voici notre guide pratique pour \u00e9viter de trouver porte close.<\/p>\n<p> Centres commerciaux et grandes surfaces <\/p>\n<p><img fetchpriority=\"high\" decoding=\"async\" class=\"alignnone size-full wp-image-16581\" src=\"https:\/\/www.europesays.com\/fr\/wp-content\/uploads\/2025\/12\/1767175632_778_supermarche-24-decembre2.jpg\" alt=\"Horaire des supermarch\u00e9s de Bordeaux le 24 d\u00e9cembre 2025\" width=\"1200\" height=\"800\"  \/><\/p>\n<p>Pour les grandes sessions shopping ou le plein de courses hebdomadaire, il faudra patienter jusqu\u2019au lendemain. La quasi-totalit\u00e9 des p\u00f4les commerciaux de Bordeaux et sa p\u00e9riph\u00e9rie ferment leurs portes.<\/p>\n<ul>\n<li><b>Fermetures totales :<\/b> ne comptez pas sur les boutiques de la <b>rue Sainte-Catherine<\/b>, ni sur les centres commerciaux <b>M\u00e9riadeck<\/b>, <b>Bordeaux Lac<\/b>, <b>Rives d\u2019Arcins<\/b> (B\u00e8gles) ou <b>M\u00e9rignac Soleil<\/b>. Ils annoncent pour la plupart une fermeture totale ce 1er janvier.<\/li>\n<\/ul>\n<ul>\n<li><b>Hypermarch\u00e9s :<\/b> les grands acteurs comme <b>Leclerc<\/b>, <b>Auchan<\/b> et <b>Carrefour<\/b> n\u2019ouvrent g\u00e9n\u00e9ralement aucun de leurs hypermarch\u00e9s le jour de l\u2019an. Les magasins <b>Grand Frais<\/b> seront \u00e9galement ferm\u00e9s.<\/li>\n<\/ul>\n<ul>\n<li><b>Exception loisirs :<\/b> l\u2019UGC Cin\u00e9 Cit\u00e9 (Bordeaux Gambetta, Bassins \u00e0 Flot et Talence) ou le M\u00e9garama \u00e0 Bastide sont habituellement ouverts.<\/li>\n<\/ul>\n<p> Sup\u00e9rettes et commerces de bouche : les solutions de d\u00e9pannage <\/p>\n<p><img loading=\"lazy\" decoding=\"async\" class=\"alignnone size-full wp-image-16666\" src=\"https:\/\/www.europesays.com\/fr\/wp-content\/uploads\/2025\/12\/supermarche-1er-janvier3.jpg\" alt=\"Horaires des supermarch\u00e9s de Bordeaux le 1er janvier\" width=\"1200\" height=\"800\"  \/><\/p>\n<p>Comme souvent \u00e0 Bordeaux, le salut viendra des petites structures de quartier, notamment dans le centre-ville (H\u00f4tel de Ville, Victoire, Chartrons).<\/p>\n<ul>\n<li><b>Le r\u00e9seau Carrefour <\/b>: si les Carrefour Market ferment, certains <b>Carrefour City<\/b> (comme Saint Projet, Juin, Bonnac, Allamandiers, Clare, Marne, Godard\u2026) et <b>Carrefour Express<\/b> (Saint Georges, V Hugo, Portal, Somme\u2026)ouvrent fr\u00e9quemment leurs portes le matin, parfois jusqu\u2019\u00e0 13h ou 20h selon les <a href=\"https:\/\/www.carrefour.fr\/magasin\/ville\/bordeaux-33063\" rel=\"nofollow noopener\" target=\"_blank\" class=\"shortcode-outbound-link\" data-has-ga=\"true\" data-ga-type=\"click\" data-label=\"https:\/\/www.carrefour.fr\/magasin\/ville\/bordeaux-33063\" data-action=\"text_cta_2\" data-category=\"click_non_sales\">points de vente<\/a>.<\/li>\n<\/ul>\n<ul>\n<li><b>Enseignes de proximit\u00e9 <\/b>: les magasins <b>Spar<\/b> et <b>Vival<\/b> assurent souvent une <a href=\"https:\/\/casino.fr\/\" rel=\"nofollow noopener\" target=\"_blank\" class=\"shortcode-outbound-link\" data-has-ga=\"true\" data-ga-type=\"click\" data-label=\"https:\/\/casino.fr\/\" data-action=\"text_cta_3\" data-category=\"click_non_sales\">permanence<\/a>. \u00c0 l\u2019inverse, les <b>Monoprix<\/b> (notamment celui de Saint-Christoly) et les magasins <b>Picard<\/b> tirent le rideau toute la journ\u00e9e du 1er janvier.<\/li>\n<\/ul>\n<ul>\n<li><b>Intermarch\u00e9 <\/b>: les magasins de type \u00ab Express \u00bb peuvent parfois ouvrir, mais cela reste \u00e0 la discr\u00e9tion de chaque g\u00e9rant. Une v\u00e9rification sur leur <a href=\"https:\/\/www.intermarche.com\/accueil\" rel=\"nofollow noopener\" target=\"_blank\" class=\"shortcode-outbound-link\" data-has-ga=\"true\" data-ga-type=\"click\" data-label=\"https:\/\/www.intermarche.com\/accueil\" data-action=\"text_cta_4\" data-category=\"click_non_sales\">site<\/a> est vivement recommand\u00e9e.<\/li>\n<\/ul>\n<ul>\n<li><b>Hard-discount <\/b>: attention, toutes les enseignes <b>Lidl et Aldi<\/b> de l\u2019agglom\u00e9ration bordelaise sont ferm\u00e9es le 1er janvier.<\/li>\n<\/ul>\n","protected":false},"excerpt":{"rendered":"Bordeaux entame 2026 : tour d\u2019horizon des supermarch\u00e9s, centres commerciaux et \u00e9piceries de quartier ouverts ce jeudi 1er&hellip;\n","protected":false},"author":2,"featured_media":631847,"comment_status":"","ping_status":"","sticky":false,"template":"","format":"standard","meta":{"footnotes":""},"categories":[2817],"tags":[1111,11,1997,1777,674,1011,27,12,2219,25],"class_list":{"0":"post-631846","1":"post","2":"type-post","3":"status-publish","4":"format-standard","5":"has-post-thumbnail","7":"category-bordeaux","8":"tag-actu","9":"tag-actualites","10":"tag-bordeaux","11":"tag-eu","12":"tag-europe","13":"tag-fr","14":"tag-france","15":"tag-news","16":"tag-nouvelle-aquitaine","17":"tag-republique-francaise"},"share_on_mastodon":{"url":"https:\/\/pubeurope.com\/@fr\/115813629682978589","error":""},"_links":{"self":[{"href":"https:\/\/www.europesays.com\/fr\/wp-json\/wp\/v2\/posts\/631846","targetHints":{"allow":["GET"]}}],"collection":[{"href":"https:\/\/www.europesays.com\/fr\/wp-json\/wp\/v2\/posts"}],"about":[{"href":"https:\/\/www.europesays.com\/fr\/wp-json\/wp\/v2\/types\/post"}],"author":[{"embeddable":true,"href":"https:\/\/www.europesays.com\/fr\/wp-json\/wp\/v2\/users\/2"}],"replies":[{"embeddable":true,"href":"https:\/\/www.europesays.com\/fr\/wp-json\/wp\/v2\/comments?post=631846"}],"version-history":[{"count":0,"href":"https:\/\/www.europesays.com\/fr\/wp-json\/wp\/v2\/posts\/631846\/revisions"}],"wp:featuredmedia":[{"embeddable":true,"href":"https:\/\/www.europesays.com\/fr\/wp-json\/wp\/v2\/media\/631847"}],"wp:attachment":[{"href":"https:\/\/www.europesays.com\/fr\/wp-json\/wp\/v2\/media?parent=631846"}],"wp:term":[{"taxonomy":"category","embeddable":true,"href":"https:\/\/www.europesays.com\/fr\/wp-json\/wp\/v2\/categories?post=631846"},{"taxonomy":"post_tag","embeddable":true,"href":"https:\/\/www.europesays.com\/fr\/wp-json\/wp\/v2\/tags?post=631846"}],"curies":[{"name":"wp","href":"https:\/\/api.w.org\/{rel}","templated":true}]}}