{"id":631848,"date":"2025-12-31T10:08:10","date_gmt":"2025-12-31T10:08:10","guid":{"rendered":"https:\/\/www.europesays.com\/fr\/631848\/"},"modified":"2025-12-31T10:08:10","modified_gmt":"2025-12-31T10:08:10","slug":"en-etat-de-choc-le-vignoble-bordelais-a-lheure-de-verite-en-2026","status":"publish","type":"post","link":"https:\/\/www.europesays.com\/fr\/631848\/","title":{"rendered":"En \u00e9tat de choc, le vignoble bordelais \u00e0 l\u2019heure de v\u00e9rit\u00e9 en 2026"},"content":{"rendered":"<p>\u00ab\u00a0C\u2019est une p\u00e9riode tr\u00e8s difficile \u00e0 vivre, un projet de vie qui est dans l\u2019impasse\u2026\u00a0\u00bb, soupire Laurence, viticultrice de 60 ans. En cette fin d&rsquo;ann\u00e9e, elle accuse une chute de ses ventes de C\u00f4tes de Blaye de -75 % pour une dette de 40 000 euros. \u00ab\u00a0J\u2019ai d\u00e9j\u00e0 arrach\u00e9 la moiti\u00e9 de mes 20 hectares et j\u2019arracherai le reste en 2026 avant de tout arr\u00eater en 2027. Je plains les jeunes qui doivent continuer\u00a0\u00bb, ajoute-t-elle, d\u00e9pit\u00e9e.<\/p>\n<p>\u00ab\u00a0Elle n\u2019est pas un cas isol\u00e9\u00a0\u00bb, rebondit Aur\u00e9lien, quadrag\u00e9naire \u00e0 la t\u00eate de 30 hectares dans le M\u00e9doc, qui a, lui aussi, vu ses ventes de rouge en vrac s\u2019effondrer de -60 %. <\/p>\n<p>Mais il n\u2019y a pas de miracle. Avec l\u2019afflux de vignerons en difficult\u00e9, les r\u00e9f\u00e9rentiels de prix sont devenus inop\u00e9rants. Machines, mat\u00e9riels, vignes, stocks\u00a0: les actifs viticoles ne valent plus rien ou presque. \u00ab\u00a0L\u2019autre jour, 3\u00a0200 hectolitres de C\u00f4tes de Blaye sont partis \u00e0 200\u00a0euros le tonneau [de 900 litres, NDLR] lors d\u2019une vente aux ench\u00e8res dans le cadre d\u2019une liquidation\u00a0\u00bb, se d\u00e9sole Th\u00e9o Hernandez, secr\u00e9taire d\u00e9partemental des Jeunes agriculteurs de Gironde. Un niveau abyssal au regard d\u2019un co\u00fbt de production d\u2019au moins 1\u00a0500\u00a0euros le tonneau et m\u00eame d\u2019un prix de march\u00e9 de 700 \u00e0 800\u00a0euros en Bordeaux et Bordeaux sup\u00e9rieur. R\u00e9sultat\u00a0: le vignoble a d\u00e9plor\u00e9 deux suicides de viticulteurs cette ann\u00e9e et plusieurs \u00e9pisodes de cuves vid\u00e9es pour \u00e9viter qu\u2019elles ne soient brad\u00e9es.<\/p>\n","protected":false},"excerpt":{"rendered":"\u00ab\u00a0C\u2019est une p\u00e9riode tr\u00e8s difficile \u00e0 vivre, un projet de vie qui est dans l\u2019impasse\u2026\u00a0\u00bb, soupire Laurence, viticultrice&hellip;\n","protected":false},"author":2,"featured_media":631849,"comment_status":"","ping_status":"","sticky":false,"template":"","format":"standard","meta":{"footnotes":""},"categories":[2817],"tags":[17,5734,1111,11,1997,2918,1129,3026,1777,674,1011,27,26637,12,2219,25,29203,4186],"class_list":{"0":"post-631848","1":"post","2":"type-post","3":"status-publish","4":"format-standard","5":"has-post-thumbnail","7":"category-bordeaux","8":"tag-17","9":"tag-5734","10":"tag-actu","11":"tag-actualites","12":"tag-bordeaux","13":"tag-choc","14":"tag-climat","15":"tag-en","16":"tag-eu","17":"tag-europe","18":"tag-fr","19":"tag-france","20":"tag-lheure","21":"tag-news","22":"tag-nouvelle-aquitaine","23":"tag-republique-francaise","24":"tag-verite","25":"tag-vins"},"share_on_mastodon":{"url":"https:\/\/pubeurope.com\/@fr\/115813633793998848","error":""},"_links":{"self":[{"href":"https:\/\/www.europesays.com\/fr\/wp-json\/wp\/v2\/posts\/631848","targetHints":{"allow":["GET"]}}],"collection":[{"href":"https:\/\/www.europesays.com\/fr\/wp-json\/wp\/v2\/posts"}],"about":[{"href":"https:\/\/www.europesays.com\/fr\/wp-json\/wp\/v2\/types\/post"}],"author":[{"embeddable":true,"href":"https:\/\/www.europesays.com\/fr\/wp-json\/wp\/v2\/users\/2"}],"replies":[{"embeddable":true,"href":"https:\/\/www.europesays.com\/fr\/wp-json\/wp\/v2\/comments?post=631848"}],"version-history":[{"count":0,"href":"https:\/\/www.europesays.com\/fr\/wp-json\/wp\/v2\/posts\/631848\/revisions"}],"wp:featuredmedia":[{"embeddable":true,"href":"https:\/\/www.europesays.com\/fr\/wp-json\/wp\/v2\/media\/631849"}],"wp:attachment":[{"href":"https:\/\/www.europesays.com\/fr\/wp-json\/wp\/v2\/media?parent=631848"}],"wp:term":[{"taxonomy":"category","embeddable":true,"href":"https:\/\/www.europesays.com\/fr\/wp-json\/wp\/v2\/categories?post=631848"},{"taxonomy":"post_tag","embeddable":true,"href":"https:\/\/www.europesays.com\/fr\/wp-json\/wp\/v2\/tags?post=631848"}],"curies":[{"name":"wp","href":"https:\/\/api.w.org\/{rel}","templated":true}]}}