{"id":631854,"date":"2025-12-31T10:11:09","date_gmt":"2025-12-31T10:11:09","guid":{"rendered":"https:\/\/www.europesays.com\/fr\/631854\/"},"modified":"2025-12-31T10:11:09","modified_gmt":"2025-12-31T10:11:09","slug":"napoleon-est-de-retour-en-realite-virtuelle-a-lille","status":"publish","type":"post","link":"https:\/\/www.europesays.com\/fr\/631854\/","title":{"rendered":"Napol\u00e9on est de retour en r\u00e9alit\u00e9 virtuelle \u00e0 Lille"},"content":{"rendered":"<p>\ud83c\udfdb\ufe0f Napol\u00e9on est de retour en r\u00e9alit\u00e9 virtuelle \ud83c\udfdb\ufe0f<\/p>\n<p>Apr\u00e8s la Belgique, l&rsquo;Angleterre, le Br\u00e9sil et d&rsquo;autres pays, le docu-fiction en r\u00e9alit\u00e9 virtuelle retra\u00e7ant \u00ab\u00a0l&rsquo;\u00e9pop\u00e9e napol\u00e9onienne\u00a0\u00bb est \u00e0 Lille depuis la mi-d\u00e9cembre au centre des Tanneurs. Vous pouvez d\u00e9ambuler dans un espace de 50 m\u00b2 et explorer des lieux cultes de ce moment de l&rsquo;Histoire de France (et r\u00e9viser les bases par la m\u00eame occasion). De notre c\u00f4t\u00e9, on a test\u00e9 l&rsquo;activit\u00e9 et on s&rsquo;est bien amus\u00e9s.<\/p>\n<p>\ud83d\udccd Follow Park, 17 rue du Sec Arembault \u00e0 Lille<br style=\"color: rgb(12, 16, 20); font-family: -apple-system, BlinkMacSystemFont, &quot;Segoe UI&quot;, Roboto, Helvetica, Arial, sans-serif; font-size: 14px;\"\/>\ud83d\udcc6 jusqu&rsquo;au 1er mars 2026<br style=\"color: rgb(12, 16, 20); font-family: -apple-system, BlinkMacSystemFont, &quot;Segoe UI&quot;, Roboto, Helvetica, Arial, sans-serif; font-size: 14px;\"\/>\ud83d\udd50 du mercredi au dimanche de 10h \u00e0 18h, ferm\u00e9 le lundi et mardi<br style=\"color: rgb(12, 16, 20); font-family: -apple-system, BlinkMacSystemFont, &quot;Segoe UI&quot;, Roboto, Helvetica, Arial, sans-serif; font-size: 14px;\"\/>\ud83d\udcb3 r\u00e9servation en ligne ou sur place, plein tarif : 19\u20ac en semaine et 23\u20ac en week-end<\/p>\n<p><a class=\"x1i10hfl xjbqb8w x1ejq31n x18oe1m7 x1sy0etr xstzfhl x972fbf x10w94by x1qhh985 x14e42zd x9f619 x1ypdohk xt0psk2 x3ct3a4 xdj266r x14z9mp xat24cr x1lziwak xexx8yu xyri2b x18d9i69 x1c1uobl x16tdsg8 x1hl2dhg xggy1nq x1a2a7pz  _aa9_ _a6hd\" href=\"https:\/\/www.instagram.com\/explore\/tags\/vozerlille\/\" role=\"link\" tabindex=\"0\" style=\"color: rgb(65, 80, 247); cursor: pointer; text-decoration-line: none; outline: none; border-inline-width: 0px; margin-inline: 0px; border-inline-style: none; padding-inline: 0px; -webkit-tap-highlight-color: transparent; list-style-type: none; touch-action: manipulation; display: inline; padding-bottom: 0px; border-top-style: none; border-bottom-width: 0px; border-bottom-style: none; border-top-width: 0px; margin-bottom: 0px; margin-top: 0px; padding-top: 0px; overflow-wrap: break-word; font-family: -apple-system, BlinkMacSystemFont, &quot;Segoe UI&quot;, Roboto, Helvetica, Arial, sans-serif; font-size: 14px;\" target=\"_blank\" rel=\"noopener\">#vozerlille<\/a>\u00a0<a class=\"x1i10hfl xjbqb8w x1ejq31n x18oe1m7 x1sy0etr xstzfhl x972fbf x10w94by x1qhh985 x14e42zd x9f619 x1ypdohk xt0psk2 x3ct3a4 xdj266r x14z9mp xat24cr x1lziwak xexx8yu xyri2b x18d9i69 x1c1uobl x16tdsg8 x1hl2dhg xggy1nq x1a2a7pz  _aa9_ _a6hd\" href=\"https:\/\/www.instagram.com\/explore\/tags\/lille\/\" role=\"link\" tabindex=\"0\" style=\"color: rgb(65, 80, 247); cursor: pointer; text-decoration-line: none; outline: none; border-inline-width: 0px; margin-inline: 0px; border-inline-style: none; padding-inline: 0px; -webkit-tap-highlight-color: transparent; list-style-type: none; touch-action: manipulation; display: inline; padding-bottom: 0px; border-top-style: none; border-bottom-width: 0px; border-bottom-style: none; border-top-width: 0px; margin-bottom: 0px; margin-top: 0px; padding-top: 0px; overflow-wrap: break-word; font-family: -apple-system, BlinkMacSystemFont, &quot;Segoe UI&quot;, Roboto, Helvetica, Arial, sans-serif; font-size: 14px;\" target=\"_blank\" rel=\"noopener\">#lille<\/a>\u00a0<a class=\"x1i10hfl xjbqb8w x1ejq31n x18oe1m7 x1sy0etr xstzfhl x972fbf x10w94by x1qhh985 x14e42zd x9f619 x1ypdohk xt0psk2 x3ct3a4 xdj266r x14z9mp xat24cr x1lziwak xexx8yu xyri2b x18d9i69 x1c1uobl x16tdsg8 x1hl2dhg xggy1nq x1a2a7pz  _aa9_ _a6hd\" href=\"https:\/\/www.instagram.com\/explore\/tags\/ousortiralille\/\" role=\"link\" tabindex=\"0\" style=\"color: rgb(65, 80, 247); cursor: pointer; text-decoration-line: none; outline: none; border-inline-width: 0px; margin-inline: 0px; border-inline-style: none; padding-inline: 0px; -webkit-tap-highlight-color: transparent; list-style-type: none; touch-action: manipulation; display: inline; padding-bottom: 0px; border-top-style: none; border-bottom-width: 0px; border-bottom-style: none; border-top-width: 0px; margin-bottom: 0px; margin-top: 0px; padding-top: 0px; overflow-wrap: break-word; font-family: -apple-system, BlinkMacSystemFont, &quot;Segoe UI&quot;, Roboto, Helvetica, Arial, sans-serif; font-size: 14px;\" target=\"_blank\" rel=\"noopener\">#ousortiralille<\/a><\/p>\n<p>\n            <strong>Lola Pierkot<\/strong>,\u00a0<br \/>\n          31 d\u00e9c. 2025\n        <\/p>\n<p><script async src=\"\/\/www.instagram.com\/embed.js\"><\/script><\/p>\n","protected":false},"excerpt":{"rendered":"\ud83c\udfdb\ufe0f Napol\u00e9on est de retour en r\u00e9alit\u00e9 virtuelle \ud83c\udfdb\ufe0f Apr\u00e8s la Belgique, l&rsquo;Angleterre, le Br\u00e9sil et d&rsquo;autres pays,&hellip;\n","protected":false},"author":2,"featured_media":10156,"comment_status":"","ping_status":"","sticky":false,"template":"","format":"standard","meta":{"footnotes":""},"categories":[2815],"tags":[1111,11,1777,674,1011,27,811,1307,12,25],"class_list":{"0":"post-631854","1":"post","2":"type-post","3":"status-publish","4":"format-standard","5":"has-post-thumbnail","7":"category-lille","8":"tag-actu","9":"tag-actualites","10":"tag-eu","11":"tag-europe","12":"tag-fr","13":"tag-france","14":"tag-hauts-de-france","15":"tag-lille","16":"tag-news","17":"tag-republique-francaise"},"share_on_mastodon":{"url":"https:\/\/pubeurope.com\/@fr\/115813645318138479","error":""},"_links":{"self":[{"href":"https:\/\/www.europesays.com\/fr\/wp-json\/wp\/v2\/posts\/631854","targetHints":{"allow":["GET"]}}],"collection":[{"href":"https:\/\/www.europesays.com\/fr\/wp-json\/wp\/v2\/posts"}],"about":[{"href":"https:\/\/www.europesays.com\/fr\/wp-json\/wp\/v2\/types\/post"}],"author":[{"embeddable":true,"href":"https:\/\/www.europesays.com\/fr\/wp-json\/wp\/v2\/users\/2"}],"replies":[{"embeddable":true,"href":"https:\/\/www.europesays.com\/fr\/wp-json\/wp\/v2\/comments?post=631854"}],"version-history":[{"count":0,"href":"https:\/\/www.europesays.com\/fr\/wp-json\/wp\/v2\/posts\/631854\/revisions"}],"wp:featuredmedia":[{"embeddable":true,"href":"https:\/\/www.europesays.com\/fr\/wp-json\/wp\/v2\/media\/10156"}],"wp:attachment":[{"href":"https:\/\/www.europesays.com\/fr\/wp-json\/wp\/v2\/media?parent=631854"}],"wp:term":[{"taxonomy":"category","embeddable":true,"href":"https:\/\/www.europesays.com\/fr\/wp-json\/wp\/v2\/categories?post=631854"},{"taxonomy":"post_tag","embeddable":true,"href":"https:\/\/www.europesays.com\/fr\/wp-json\/wp\/v2\/tags?post=631854"}],"curies":[{"name":"wp","href":"https:\/\/api.w.org\/{rel}","templated":true}]}}