{"id":631855,"date":"2025-12-31T10:12:39","date_gmt":"2025-12-31T10:12:39","guid":{"rendered":"https:\/\/www.europesays.com\/fr\/631855\/"},"modified":"2025-12-31T10:12:39","modified_gmt":"2025-12-31T10:12:39","slug":"le-show-feerique-en-tournee-a-paris-lille-et-lyon","status":"publish","type":"post","link":"https:\/\/www.europesays.com\/fr\/631855\/","title":{"rendered":"Le show f\u00e9erique en tourn\u00e9e \u00e0 Paris, Lille et Lyon"},"content":{"rendered":"<p itemprop=\"description\">Le nouveau spectacle de Disney, \u00a0\u00bbR\u00eavons ensemble\u00a0\u00bb, r\u00e9unit plus de 50 artistes et les principaux personnages des dessins anim\u00e9s \u00e0 Paris jusqu\u2019au 11 janvier, avant Lille et Lyon. \u00c0 Bordeaux, les Bassins de Lumi\u00e8res proposent une immersion dans les oc\u00e9ans, tandis que la cath\u00e9drale Saint-Andr\u00e9 accueille \u00a0\u00bbLuminiscence\u00a0\u00bb, un son et lumi\u00e8re en 3D.<\/p>\n<p>        Plus de 50 artistes et patineurs, 200 costumes et 180 accessoires d\u00e9nombr\u00e9s\u202f: le spectacle \u2018\u2018R\u00eavons ensemble\u2019\u2019 transforme la glace en sc\u00e8ne f\u00e9erique. Mickey et Minnie rythment cette succession de tableaux o\u00f9 se croisent Vaiana, Coco, La Reine des neiges, La Belle et la B\u00eate ou encore Cendrillon. \u00ab\u202fPour vous donner envie je citerai Vaiana. C\u2019est un des plus beaux tableaux avec beaucoup de couleurs. On a vraiment transform\u00e9 la glace en oc\u00e9an\u202f\u00bb, d\u00e9crit Alan Brussolo, responsable des relations publiques du spectacle\u202f: \u00ab\u202fEt ma deuxi\u00e8me histoire pr\u00e9f\u00e9r\u00e9e, c\u2019est Coco. C\u2019est vraiment un tableau qui nous am\u00e8ne au c\u0153ur du Mexique avec tous les squelettes et \u00e9norm\u00e9ment de couleurs et de musique.\u202f\u00bb<br \/>\nLe show se d\u00e9roule \u00e0 l\u2019Adidas Arena de Paris jusqu\u2019au 11 janvier, puis \u00e0 Lille du 14 au 18 janvier et \u00e0 Lyon du 21 au 26 janvier.<br \/>\n<a href=\"https:\/\/www.disney.fr\/\" target=\"_blank\" rel=\"noopener noreferrer\">le site officiel<\/a><\/p>\n<p>\u00c0 Bordeaux, la f\u00e9erie se poursuit dans un autre registre. Les Bassins de Lumi\u00e8res accueillent, pour quelques jours encore, une exposition immersive consacr\u00e9e aux oc\u00e9ans. D\u2019anciennes bases sous-marines se transforment en \u00e9crans g\u00e9ants pour projeter la vie des abysses, offrant une plong\u00e9e spectaculaire dans le monde marin.<br \/>&#13;<br \/>\n<a href=\"https:\/\/www.bassins-lumieres.com\/fr?srsltid=AfmBOoq5mISH9zXJQUiGdS7GAwZVQJyC5lzmBTlyQJVIuOK190sin06T\" target=\"_blank\" rel=\"noopener noreferrer\">le site officiel<\/a><\/p>\n<p>Toujours \u00e0 Bordeaux, la cath\u00e9drale Saint-Andr\u00e9 propose \u2018\u2018Luminiscence\u2019\u2019, un son et lumi\u00e8re immersif m\u00ealant projections 3D et musique live. Chaque s\u00e9quence dure 45 minutes et sublime l\u2019architecture gothique par des effets visuels saisissants.<br \/>&#13;<br \/>\n<a href=\"https:\/\/luminiscence.com\/bordeaux\/\" target=\"_blank\" rel=\"noopener noreferrer\">le site officiel<\/a>    <\/p>\n","protected":false},"excerpt":{"rendered":"Le nouveau spectacle de Disney, \u00a0\u00bbR\u00eavons ensemble\u00a0\u00bb, r\u00e9unit plus de 50 artistes et les principaux personnages des dessins&hellip;\n","protected":false},"author":2,"featured_media":631856,"comment_status":"","ping_status":"","sticky":false,"template":"","format":"standard","meta":{"footnotes":""},"categories":[2815],"tags":[1111,11,520,1777,674,65614,1011,27,10854,811,1307,2428,12,4565,626,25,9905,3140,4441],"class_list":{"0":"post-631855","1":"post","2":"type-post","3":"status-publish","4":"format-standard","5":"has-post-thumbnail","7":"category-lille","8":"tag-actu","9":"tag-actualites","10":"tag-disney","11":"tag-eu","12":"tag-europe","13":"tag-feerique","14":"tag-fr","15":"tag-france","16":"tag-glace","17":"tag-hauts-de-france","18":"tag-lille","19":"tag-lyon","20":"tag-news","21":"tag-nouveau","22":"tag-paris","23":"tag-republique-francaise","24":"tag-show","25":"tag-spectacle","26":"tag-tournee"},"share_on_mastodon":{"url":"https:\/\/pubeurope.com\/@fr\/115813649236722019","error":""},"_links":{"self":[{"href":"https:\/\/www.europesays.com\/fr\/wp-json\/wp\/v2\/posts\/631855","targetHints":{"allow":["GET"]}}],"collection":[{"href":"https:\/\/www.europesays.com\/fr\/wp-json\/wp\/v2\/posts"}],"about":[{"href":"https:\/\/www.europesays.com\/fr\/wp-json\/wp\/v2\/types\/post"}],"author":[{"embeddable":true,"href":"https:\/\/www.europesays.com\/fr\/wp-json\/wp\/v2\/users\/2"}],"replies":[{"embeddable":true,"href":"https:\/\/www.europesays.com\/fr\/wp-json\/wp\/v2\/comments?post=631855"}],"version-history":[{"count":0,"href":"https:\/\/www.europesays.com\/fr\/wp-json\/wp\/v2\/posts\/631855\/revisions"}],"wp:featuredmedia":[{"embeddable":true,"href":"https:\/\/www.europesays.com\/fr\/wp-json\/wp\/v2\/media\/631856"}],"wp:attachment":[{"href":"https:\/\/www.europesays.com\/fr\/wp-json\/wp\/v2\/media?parent=631855"}],"wp:term":[{"taxonomy":"category","embeddable":true,"href":"https:\/\/www.europesays.com\/fr\/wp-json\/wp\/v2\/categories?post=631855"},{"taxonomy":"post_tag","embeddable":true,"href":"https:\/\/www.europesays.com\/fr\/wp-json\/wp\/v2\/tags?post=631855"}],"curies":[{"name":"wp","href":"https:\/\/api.w.org\/{rel}","templated":true}]}}