{"id":631866,"date":"2025-12-31T10:19:09","date_gmt":"2025-12-31T10:19:09","guid":{"rendered":"https:\/\/www.europesays.com\/fr\/631866\/"},"modified":"2025-12-31T10:19:09","modified_gmt":"2025-12-31T10:19:09","slug":"ratp-la-prefecture-de-police-fait-fermer-une-station-du-rer-a-a-paris-par-mesure-de-securite","status":"publish","type":"post","link":"https:\/\/www.europesays.com\/fr\/631866\/","title":{"rendered":"RATP. La pr\u00e9fecture de Police fait fermer une station du RER A \u00e0 Paris par mesure de s\u00e9curit\u00e9"},"content":{"rendered":"<p>                    Par<br \/>\n        <strong><br \/>\n            <a href=\"https:\/\/actu.fr\/auteur\/marie-amelie-marchal\" title=\"Consulter tous les articles de Marie Amelie Marchal\" target=\"_blank\" rel=\"noopener\">Marie Amelie Marchal<\/a><br \/>\n                    <\/strong><\/p>\n<p>        Publi\u00e9 le<\/p>\n<p>            31 d\u00e9c. 2025 \u00e0 11h13        <\/p>\n<p>Sur ordre de la pr\u00e9fecture de Police, la <strong>gare de Charles de Gaulle-\u00c9toile<\/strong> ne sera plus desservie <strong>\u00e0 partir de 14\u00a0heures<\/strong>. Ce mercredi 31\u00a0d\u00e9cembre 2025, il faudra donc vous adapter si vous empruntez le <a href=\"https:\/\/actu.fr\/tag\/rer-a\" target=\"_blank\" rel=\"noopener\">RER A<\/a>.<\/p>\n<p>R\u00e9ouverture sur autorisation de la pr\u00e9fecture<\/p>\n<p class=\" wall-content\">Si les transports en commun fonctionnent une bonne partie de la nuit ce mercredi 31\u00a0d\u00e9cembre \u00e0 Paris et en \u00cele-de-France pour accompagner le passage \u00e0 la nouvelle ann\u00e9e, quelques perturbations sont tout de m\u00eame \u00e0 pr\u00e9voir sur le r\u00e9seau.<\/p>\n<p class=\" wall-content\">\n<p class=\" wall-content\">C\u2019est le cas d\u00e8s 14\u00a0heures, o\u00f9 la gare Charles de Gaulle-\u00c9toile ne sera plus accessible au public sur ordre de la pr\u00e9fecture de Police.<\/p>\n<p class=\" wall-content\">En ce qui concerne les<strong> m\u00e9tros ouverts toute la nuit<\/strong>, il s\u2019agit des<strong> lignes 1, 2, 4, 6, 9 et 14<\/strong>. \u00c0 noter toutefois que les m\u00e9tros ne s\u2019arr\u00eateront pas \u00e0 toutes les stations qu\u2019ils desservent habituellement. Par ailleurs, tous les <strong>transports franciliens sont enti\u00e8rement gratuits<\/strong> (hormis pour les acc\u00e8s aux a\u00e9roports) entre 17\u00a0heures le 31\u00a0d\u00e9cembre et midi le 1er\u00a0janvier 2026.<\/p>\n<p class=\" wall-content\">Personnalisez votre actualit\u00e9 en ajoutant vos villes et m\u00e9dias en favori avec <a href=\"https:\/\/moncompte.actu.fr\" title=\"D\u00e9couvez Mon Actu\" rel=\"nofollow noopener\" data-trk=\"{&quot;cta&quot;:{&quot;action&quot;:&quot;https:\\\/\\\/moncompte.actu.fr&quot;,&quot;category&quot;:&quot;mon compte&quot;,&quot;from&quot;:&quot;article footer&quot;,&quot;name&quot;:&quot;Mon actu&quot;,&quot;type&quot;:&quot;cta&quot;}}\" target=\"_blank\">Mon Actu<\/a>.<\/p>\n","protected":false},"excerpt":{"rendered":"Par Marie Amelie Marchal Publi\u00e9 le 31 d\u00e9c. 2025 \u00e0 11h13 Sur ordre de la pr\u00e9fecture de Police,&hellip;\n","protected":false},"author":2,"featured_media":631867,"comment_status":"","ping_status":"","sticky":false,"template":"","format":"standard","meta":{"footnotes":""},"categories":[1888],"tags":[1111,1928,11,1927,1777,674,1011,27,12,1926,626,1925,1931,625,25,18068,104],"class_list":{"0":"post-631866","1":"post","2":"type-post","3":"status-publish","4":"format-standard","5":"has-post-thumbnail","7":"category-paris","8":"tag-actu","9":"tag-actu-paris","10":"tag-actualites","11":"tag-actualites-paris","12":"tag-eu","13":"tag-europe","14":"tag-fr","15":"tag-france","16":"tag-news","17":"tag-news-paris","18":"tag-paris","19":"tag-paris-news","20":"tag-prefecture-de-police-de-paris","21":"tag-ratp","22":"tag-republique-francaise","23":"tag-rer-a","24":"tag-societe"},"share_on_mastodon":{"url":"https:\/\/pubeurope.com\/@fr\/115813676695988262","error":""},"_links":{"self":[{"href":"https:\/\/www.europesays.com\/fr\/wp-json\/wp\/v2\/posts\/631866","targetHints":{"allow":["GET"]}}],"collection":[{"href":"https:\/\/www.europesays.com\/fr\/wp-json\/wp\/v2\/posts"}],"about":[{"href":"https:\/\/www.europesays.com\/fr\/wp-json\/wp\/v2\/types\/post"}],"author":[{"embeddable":true,"href":"https:\/\/www.europesays.com\/fr\/wp-json\/wp\/v2\/users\/2"}],"replies":[{"embeddable":true,"href":"https:\/\/www.europesays.com\/fr\/wp-json\/wp\/v2\/comments?post=631866"}],"version-history":[{"count":0,"href":"https:\/\/www.europesays.com\/fr\/wp-json\/wp\/v2\/posts\/631866\/revisions"}],"wp:featuredmedia":[{"embeddable":true,"href":"https:\/\/www.europesays.com\/fr\/wp-json\/wp\/v2\/media\/631867"}],"wp:attachment":[{"href":"https:\/\/www.europesays.com\/fr\/wp-json\/wp\/v2\/media?parent=631866"}],"wp:term":[{"taxonomy":"category","embeddable":true,"href":"https:\/\/www.europesays.com\/fr\/wp-json\/wp\/v2\/categories?post=631866"},{"taxonomy":"post_tag","embeddable":true,"href":"https:\/\/www.europesays.com\/fr\/wp-json\/wp\/v2\/tags?post=631866"}],"curies":[{"name":"wp","href":"https:\/\/api.w.org\/{rel}","templated":true}]}}