{"id":631880,"date":"2025-12-31T10:26:12","date_gmt":"2025-12-31T10:26:12","guid":{"rendered":"https:\/\/www.europesays.com\/fr\/631880\/"},"modified":"2025-12-31T10:26:12","modified_gmt":"2025-12-31T10:26:12","slug":"vos-questions-royaume-uni-pourquoi-londres-restreint-les-visas-des-ressortissants-congolais-appels-sur-lactualite","status":"publish","type":"post","link":"https:\/\/www.europesays.com\/fr\/631880\/","title":{"rendered":"[Vos questions] Royaume-Uni :\u00a0pourquoi Londres restreint les visas des ressortissants congolais ? &#8211; Appels sur l&rsquo;actualit\u00e9"},"content":{"rendered":"<p>\n                                                Les journalistes et experts de RFI r\u00e9pondent \u00e9galement \u00e0 vos questions sur les man\u0153uvres chinoises autour de Ta\u00efwan, des accusations russes sur une attaque ukrainienne contre une r\u00e9sidence de Vladimir Poutine et le revers du PDCI aux l\u00e9gislatives ivoiriennes.                    <\/p>\n<p>\u00a0<\/p>\n<p> Royaume-Uni :\u00a0pourquoi Londres restreint les visas des ressortissants congolais ?\u00a0\u00a0 <\/p>\n<p>Le Royaume-Uni a impos\u00e9 des restrictions de visa aux ressortissants de la RDC. Pourquoi Londres d\u00e9cide-t-il de s\u2019en prendre aux visas congolais ? Y a-t-il un froid diplomatique entre la RDC et le Royaume Uni ?\u00a0\u00a0\u00a0<\/p>\n<p><strong>Avec\u00a0<a target=\"_blank\" href=\"https:\/\/cercrid.univ-st-etienne.fr\/fr\/presentation\/les-membres\/les-enseignants-chercheurs\/aurelien-antoine.html\" rel=\"noopener\">Aur\u00e9lien Antoine<\/a>, professeur de droit public \u00e0 l\u2019universit\u00e9 Jean Monnet de Saint-Etienne et fondateur de l\u2019Observatoire du Brexit.\u00a0<\/strong><\/p>\n<p>\u00a0<\/p>\n<p>\u00a0<\/p>\n<p> Ta\u00efwan : les inqui\u00e9tantes man\u0153uvres de la Chine autour de l\u2019\u00eele\u00a0 <\/p>\n<p>Les navires chinois se sont retir\u00e9s des alentours de Ta\u00efwan apr\u00e8s avoir exerc\u00e9 plusieurs man\u0153uvres militaires autour de l&rsquo;\u00eele, avec des tirs r\u00e9els \u00e0 longue port\u00e9e et des exercices d\u2019envergure visant notamment \u00e0 simuler un blocus de l\u2019\u00eele.\u00a0Quel \u00e9tait le but de P\u00e9kin en d\u00e9marrant ces op\u00e9rations ? Y a-t-il un risque de confrontation directe entre Taipei et P\u00e9kin ? Ta\u00efwan et ses alli\u00e9s pourraient-ils tenir t\u00eate \u00e0 la Chine en cas d\u2019agression de P\u00e9kin ?<\/p>\n<p><strong>Avec\u00a0<a target=\"_self\" href=\"https:\/\/www.rfi.fr\/fr\/auteur\/clea-broadhurst\/\" rel=\"noopener\">Clea\u00a0Broadhurst<\/a>,\u00a0correspondante permanente de RFI \u00e0 P\u00e9kin.\u00a0<\/strong><\/p>\n<p>\u00a0<\/p>\n<p>\u00a0<\/p>\n<p> Guerre en Ukraine\u00a0:\u00a0les Ukrainiens ont-ils vraiment attaqu\u00e9s une r\u00e9sidence de Poutine ?\u00a0\u00a0 <\/p>\n<p>La Russie accuse l\u2019Ukraine d\u2019avoir tent\u00e9 d\u2019attaquer par drones une r\u00e9sidence pr\u00e9sidentielle de Vladimir Poutine dans la r\u00e9gion de Novgorod, une all\u00e9gation imm\u00e9diatement d\u00e9mentie par Kiev. Que sait-on sur cette\u00a0pr\u00e9sum\u00e9e\u00a0attaque ? L\u2019hypoth\u00e8se d\u2019un mensonge orchestr\u00e9 par la Russie est-elle plausible ?\u00a0 Cette situation ne pourrait-elle pas influencer les pourparlers en cours dirig\u00e9s par Trump ?<\/p>\n<p><strong>Avec\u00a0<a target=\"_blank\" href=\"https:\/\/www.institutmontaigne.org\/experts\/cyrille-bret\" rel=\"noopener\">Cyrille Bret<\/a>,\u00a0g\u00e9opoliticien, ma\u00eetre de conf\u00e9rences \u00e0 Sciences Po Paris, chercheur associ\u00e9 sp\u00e9cialiste de la Russie et de l&rsquo;Europe orientale \u00e0 l&rsquo;Institut Jacques Delors.\u00a0<\/strong><\/p>\n<p>\u00a0<\/p>\n<p>\u00a0<\/p>\n<p> C\u00f4te d\u2019Ivoire : pourquoi le PDCI a-t-il perdu tant de terrain aux l\u00e9gislatives ?\u00a0\u00a0\u00a0 <\/p>\n<p>Le r\u00e9sultat des l\u00e9gislatives donnent la victoire au parti du pr\u00e9sident Ouattara qui obtient 77% des si\u00e8ges avec un taux de participation de seulement 35%. Comment expliquer ce faible chiffre\u00a0?\u00a0Le PDCI n\u2019a obtenu que 32 si\u00e8ges, moiti\u00e9 moins qu\u2019en 2021. Comment expliquer ce revers subi par le parti\u00a0d&rsquo;opposition ?\u00a0\u00a0<\/p>\n<p><strong>Avec\u00a0<a target=\"_self\" href=\"https:\/\/www.rfi.fr\/fr\/auteur\/bineta-diagne\/\" rel=\"noopener\">Bineta Diagne,<\/a>\u00a0correspondante permanente de RFI \u00e0 Abidjan.<\/strong><\/p>\n","protected":false},"excerpt":{"rendered":"Les journalistes et experts de RFI r\u00e9pondent \u00e9galement \u00e0 vos questions sur les man\u0153uvres chinoises autour de Ta\u00efwan,&hellip;\n","protected":false},"author":2,"featured_media":631881,"comment_status":"","ping_status":"","sticky":false,"template":"","format":"standard","meta":{"footnotes":""},"categories":[1588],"tags":[11,879,4872,309,1777,674,1061,12,4873,473,1853,132,22053,1851,220,1850,1852,135,134],"class_list":{"0":"post-631880","1":"post","2":"type-post","3":"status-publish","4":"format-standard","5":"has-post-thumbnail","7":"category-royaume-uni","8":"tag-actualites","9":"tag-afrique","10":"tag-appels-sur-lactualite","11":"tag-chine","12":"tag-eu","13":"tag-europe","14":"tag-immigration","15":"tag-news","16":"tag-rdc","17":"tag-royaume-uni","18":"tag-royaume-uni-de-grande-bretagne-et-dirlande-du-nord","19":"tag-russie","20":"tag-taiwan","21":"tag-uk","22":"tag-ukraine","23":"tag-united-kingdom","24":"tag-united-kingdom-of-great-britain-and-northern-ireland","25":"tag-vladimir-poutine","26":"tag-volodymyr-zelensky"},"share_on_mastodon":{"url":"https:\/\/pubeurope.com\/@fr\/115813704377760960","error":""},"_links":{"self":[{"href":"https:\/\/www.europesays.com\/fr\/wp-json\/wp\/v2\/posts\/631880","targetHints":{"allow":["GET"]}}],"collection":[{"href":"https:\/\/www.europesays.com\/fr\/wp-json\/wp\/v2\/posts"}],"about":[{"href":"https:\/\/www.europesays.com\/fr\/wp-json\/wp\/v2\/types\/post"}],"author":[{"embeddable":true,"href":"https:\/\/www.europesays.com\/fr\/wp-json\/wp\/v2\/users\/2"}],"replies":[{"embeddable":true,"href":"https:\/\/www.europesays.com\/fr\/wp-json\/wp\/v2\/comments?post=631880"}],"version-history":[{"count":0,"href":"https:\/\/www.europesays.com\/fr\/wp-json\/wp\/v2\/posts\/631880\/revisions"}],"wp:featuredmedia":[{"embeddable":true,"href":"https:\/\/www.europesays.com\/fr\/wp-json\/wp\/v2\/media\/631881"}],"wp:attachment":[{"href":"https:\/\/www.europesays.com\/fr\/wp-json\/wp\/v2\/media?parent=631880"}],"wp:term":[{"taxonomy":"category","embeddable":true,"href":"https:\/\/www.europesays.com\/fr\/wp-json\/wp\/v2\/categories?post=631880"},{"taxonomy":"post_tag","embeddable":true,"href":"https:\/\/www.europesays.com\/fr\/wp-json\/wp\/v2\/tags?post=631880"}],"curies":[{"name":"wp","href":"https:\/\/api.w.org\/{rel}","templated":true}]}}