{"id":631882,"date":"2025-12-31T10:27:12","date_gmt":"2025-12-31T10:27:12","guid":{"rendered":"https:\/\/www.europesays.com\/fr\/631882\/"},"modified":"2025-12-31T10:27:12","modified_gmt":"2025-12-31T10:27:12","slug":"lallemagne-sinquiete-des-exercices-militaires-chinois-autour-de-taiwan-business-am","status":"publish","type":"post","link":"https:\/\/www.europesays.com\/fr\/631882\/","title":{"rendered":"L&rsquo;Allemagne s&rsquo;inqui\u00e8te des exercices militaires chinois autour de Ta\u00efwan &#8211; Business AM"},"content":{"rendered":"<p>                    <img decoding=\"async\" style=\"aspect-ratio:16\/9\" src=\"https:\/\/www.europesays.com\/fr\/wp-content\/uploads\/2025\/12\/leger-militair-china-chine-1.jpg\" width=\"100%\" loading=\"eager\"\/><\/p>\n<p>                            <a href=\"https:\/\/fr.businessam.be\/author\/redactie\/\" class=\"author-thumbnail\" style=\"border: 2px inset #00000099;\" target=\"_blank\" rel=\"noopener\"><img loading=\"lazy\" decoding=\"async\" src=\"https:\/\/www.europesays.com\/fr\/wp-content\/uploads\/2025\/12\/1767176832_823_cropped-favicon-192x192.png\" width=\"80\" height=\"80\" alt=\"Business AM\"\/><\/a>\ue05bpar <a href=\"https:\/\/fr.businessam.be\/author\/redactie\/\" target=\"_blank\" rel=\"noopener\">Business AM<\/a><br \/>\ue010publi\u00e9 le mercredi 31 d\u00e9cembre 2025 \u00e0 10:03 \u2022 <br \/>\ue00c3 min de lecture<\/p>\n<p>Principaux renseignements<\/p>\n<ul class=\"wp-block-list\">\n<li><strong>L\u2019Allemagne exprime son inqui\u00e9tude face aux r\u00e9cents exercices militaires chinois pr\u00e8s de Ta\u00efwan et souligne l\u2019importance de trouver des solutions pacifiques concernant le statut de Ta\u00efwan.<\/strong><\/li>\n<li><strong>Le minist\u00e8re allemand des Affaires \u00e9trang\u00e8res souligne le r\u00f4le cl\u00e9 du d\u00e9troit de Ta\u00efwan pour la s\u00e9curit\u00e9 et la prosp\u00e9rit\u00e9 \u00e9conomique dans le monde.<\/strong><\/li>\n<li><strong>L\u2019Union europ\u00e9enne et plusieurs \u00c9tats membres, dont la France et l\u2019Allemagne, partagent ces pr\u00e9occupations concernant les actions de la Chine. Ils insistent sur la n\u00e9cessit\u00e9 d\u2019assurer la stabilit\u00e9 et un dialogue pacifique dans la r\u00e9gion.<\/strong><\/li>\n<\/ul>\n<p>L\u2019Allemagne partage les pr\u00e9occupations suscit\u00e9es par <a href=\"https:\/\/fr.businessam.be\/la-chine-lance-dimportants-exercices-militaires-autour-de-taiwan\/\" target=\"_blank\" rel=\"noopener\">les r\u00e9centes man\u0153uvres militaires chinoises<\/a> pr\u00e8s de Ta\u00efwan et souligne le r\u00f4le crucial que joue le d\u00e9troit de Ta\u00efwan pour la s\u00e9curit\u00e9 et la prosp\u00e9rit\u00e9 \u00e9conomique mondiales. Selon le minist\u00e8re allemand des Affaires \u00e9trang\u00e8res, toute modification du statut de Ta\u00efwan doit se faire de mani\u00e8re pacifique et consensuelle.<\/p>\n<p>R\u00e9action europ\u00e9enne aux exercices chinois<\/p>\n<p>Cette position refl\u00e8te la volont\u00e9 de l\u2019Allemagne de faire respecter l\u2019ordre international et d\u2019encourager les solutions diplomatiques dans la r\u00e9gion.<\/p>\n<p>D\u2019autres \u00c9tats membres de l\u2019UE ont \u00e9galement exprim\u00e9 leur inqui\u00e9tude face aux actions militaires de la Chine \u00e0 proximit\u00e9 de Ta\u00efwan. L\u2019Union europ\u00e9enne a explicitement d\u00e9clar\u00e9 que ces exercices aggravaient les tensions entre les deux rives du d\u00e9troit, soulignant que la paix et la stabilit\u00e9 dans le d\u00e9troit de Ta\u00efwan \u00e9taient vitales pour la s\u00e9curit\u00e9 et la prosp\u00e9rit\u00e9 r\u00e9gionales et mondiales.<\/p>\n<p>Point de vue ta\u00efwanais sur les exercices<\/p>\n<p>La France et l\u2019Allemagne se sont fait l\u2019\u00e9cho de ces sentiments. La France a appel\u00e9 toutes les parties \u00e0 \u00e9viter toute escalade, tandis que l\u2019Allemagne a d\u00e9clar\u00e9 que ces exercices ne faisaient qu\u2019accro\u00eetre les tensions et mena\u00e7aient la stabilit\u00e9 dans le d\u00e9troit de Ta\u00efwan.<\/p>\n<p>Les autorit\u00e9s ta\u00efwanaises estiment que les man\u0153uvres, destin\u00e9es \u00e0 simuler un blocus maritime, ont \u00e9chou\u00e9. L\u2019\u00eele n\u2019a jamais \u00e9t\u00e9 sous la domination de la Chine communiste, mais P\u00e9kin continue de revendiquer ses droits historiques sur Ta\u00efwan.<\/p>\n<p><a href=\"https:\/\/news.google.com\/publications\/CAowtseUCw?hl=fr&amp;gl=BE&amp;ceid=BE%3Afr\" target=\"_blank\" rel=\"noopener\">Suivez \u00e9galement Business AM sur Google Actualit\u00e9s<\/a><\/p>\n<p><a href=\"https:\/\/portalfr.businessam.be\/plans\/business-am-fr-offre-dete\/\" target=\"_blank\" rel=\"noopener\">Si vous souhaitez acc\u00e9der \u00e0 tous les articles, abonnez-vous ici!<\/a><\/p>\n","protected":false},"excerpt":{"rendered":"\ue05bpar Business AM\ue010publi\u00e9 le mercredi 31 d\u00e9cembre 2025 \u00e0 10:03 \u2022 \ue00c3 min de lecture Principaux renseignements L\u2019Allemagne&hellip;\n","protected":false},"author":2,"featured_media":631883,"comment_status":"","ping_status":"","sticky":false,"template":"","format":"standard","meta":{"footnotes":""},"categories":[1587],"tags":[11,672,1804,309,1805,1803,1777,674,1801,12,1802,22053],"class_list":{"0":"post-631882","1":"post","2":"type-post","3":"status-publish","4":"format-standard","5":"has-post-thumbnail","7":"category-allemagne","8":"tag-actualites","9":"tag-allemagne","10":"tag-bundesrepublik-deutschland","11":"tag-chine","12":"tag-de","13":"tag-deutschland","14":"tag-eu","15":"tag-europe","16":"tag-germany","17":"tag-news","18":"tag-republique-federale-dallemagne","19":"tag-taiwan"},"share_on_mastodon":{"url":"https:\/\/pubeurope.com\/@fr\/115813708381062922","error":""},"_links":{"self":[{"href":"https:\/\/www.europesays.com\/fr\/wp-json\/wp\/v2\/posts\/631882","targetHints":{"allow":["GET"]}}],"collection":[{"href":"https:\/\/www.europesays.com\/fr\/wp-json\/wp\/v2\/posts"}],"about":[{"href":"https:\/\/www.europesays.com\/fr\/wp-json\/wp\/v2\/types\/post"}],"author":[{"embeddable":true,"href":"https:\/\/www.europesays.com\/fr\/wp-json\/wp\/v2\/users\/2"}],"replies":[{"embeddable":true,"href":"https:\/\/www.europesays.com\/fr\/wp-json\/wp\/v2\/comments?post=631882"}],"version-history":[{"count":0,"href":"https:\/\/www.europesays.com\/fr\/wp-json\/wp\/v2\/posts\/631882\/revisions"}],"wp:featuredmedia":[{"embeddable":true,"href":"https:\/\/www.europesays.com\/fr\/wp-json\/wp\/v2\/media\/631883"}],"wp:attachment":[{"href":"https:\/\/www.europesays.com\/fr\/wp-json\/wp\/v2\/media?parent=631882"}],"wp:term":[{"taxonomy":"category","embeddable":true,"href":"https:\/\/www.europesays.com\/fr\/wp-json\/wp\/v2\/categories?post=631882"},{"taxonomy":"post_tag","embeddable":true,"href":"https:\/\/www.europesays.com\/fr\/wp-json\/wp\/v2\/tags?post=631882"}],"curies":[{"name":"wp","href":"https:\/\/api.w.org\/{rel}","templated":true}]}}