{"id":631884,"date":"2025-12-31T10:28:11","date_gmt":"2025-12-31T10:28:11","guid":{"rendered":"https:\/\/www.europesays.com\/fr\/631884\/"},"modified":"2025-12-31T10:28:11","modified_gmt":"2025-12-31T10:28:11","slug":"2026-les-elections-cles-qui-faconneront-lavenir-de-leurope","status":"publish","type":"post","link":"https:\/\/www.europesays.com\/fr\/631884\/","title":{"rendered":"2026 : les \u00e9lections cl\u00e9s qui fa\u00e7onneront l\u2019avenir de l\u2019Europe"},"content":{"rendered":"<p>L&rsquo;ann\u00e9e 2025 a \u00e9t\u00e9 une ann\u00e9e charni\u00e8re pour les \u00e9lections \u00e0 fort enjeu dans l&rsquo;Union europ\u00e9enne.<\/p>\n<p><strong>La Roumanie<\/strong> s&rsquo;est retrouv\u00e9e au centre de campagnes coordonn\u00e9es d&rsquo;ing\u00e9rence \u00e9trang\u00e8re sur les m\u00e9dias sociaux, tandis que le Premier ministre <strong>polonais Donald Tusk<\/strong> n&rsquo;a pas r\u00e9ussi \u00e0 consolider la position de son parti face aux conservateurs dans la course \u00e0 la pr\u00e9sidence.<\/p>\n<p>Alors qu&rsquo;un coalition emmen\u00e9e par les chr\u00e9tiens-d\u00e9mocrates est revenue au pouvoir en Allemagne, le milliardaire de droite <strong>Andrej Babi\u0161<\/strong> a \u00e9t\u00e9 r\u00e9\u00e9lu en R\u00e9publique tch\u00e8que.<\/p>\n<p>Aujourd&rsquo;hui, l&rsquo;UE entre dans l&rsquo;ann\u00e9e 2026 alors que la guerre de la Russie en Ukraine se poursuit sur son flanc oriental. Alors que les \u00c9tats membres sont divis\u00e9s sur la meilleure fa\u00e7on de soutenir Kyiv et que les tensions augmentent entre l&rsquo;Union et les \u00c9tats-Unis, les principales \u00e9lections de l&rsquo;ann\u00e9e pourraient une fois de plus transformer la position politique et g\u00e9opolitique de l&rsquo;Europe.<\/p>\n<p>Euronews se penche sur les principaux tests \u00e9lectoraux qui attendent l&rsquo;UE dans l&rsquo;ann\u00e9e \u00e0 venir.<\/p>\n<p><strong>Hongrie : la fin de l&rsquo;\u00e8re Orb\u00e1n ?<\/strong><\/p>\n<p>2026 pourrait voir la fin de la plus longue p\u00e9riode de pouvoir ininterrompu dans l&rsquo;UE.<\/p>\n<p><strong>Viktor Orb\u00e1n<\/strong> a \u00e9t\u00e9 Premier ministre de la Hongrie entre 1998 et 2002, et r\u00e8gne sur le pays depuis sa r\u00e9\u00e9lection en 2010. Dans la course \u00e0 son sixi\u00e8me mandat, il est confront\u00e9 \u00e0 un s\u00e9rieux adversaire : P\u00e9ter Magyar, un ancien membre du Fidesz devenu chef de l&rsquo;opposition.<\/p>\n<p>Le parti de Orb\u00e1n, le Fidesz, et le parti Tisza de P\u00e9ter Magyar n&rsquo;ont pas de grandes divergences sur des questions de soci\u00e9t\u00e9 telles que les droits des personnes LGBTQ+ ou l&rsquo;immigration, mais P\u00e9ter Magyar plaide vigoureusement en faveur de l&rsquo;am\u00e9lioration du pouvoir d&rsquo;achat des Hongrois, qui est actuellement l&rsquo;un des plus faibles d&rsquo;Europe, et de meilleures relations avec Bruxelles, qui conditionne toujours le versement de plusieurs millions d&rsquo;euros au titre du Fonds de coh\u00e9sion au respect de l&rsquo;\u00c9tat de droit.<\/p>\n<p>Sa campagne semble toucher une corde sensible : les derniers sondages donnent 13 points d&rsquo;avance \u00e0 Tisza. Mais quel que soit le r\u00e9sultat, le vote aura des ramifications bien au-del\u00e0 des fronti\u00e8res hongroises.<\/p>\n<p>Orb\u00e1n se situe au centre du camp national-conservateur europ\u00e9en, s&rsquo;alignant \u00e9troitement sur la vision du monde du pr\u00e9sident am\u00e9ricain Donald Trump et contestant ouvertement les positions du courant dominant de l&rsquo;UE sur la migration, les normes d\u00e9mocratiques et, en particulier, la guerre en Ukraine.<\/p>\n<p>La r\u00e9ticence de Budapest \u00e0 sanctionner Moscou ou \u00e0 soutenir Kyiv a accentu\u00e9 les divisions au sein du bloc. Un changement de leadership pourrait remanier la dynamique du pouvoir au sein du Conseil europ\u00e9en \u00e0 un moment crucial pour l&rsquo;avenir de l&rsquo;Ukraine.<\/p>\n<p><strong>Espagne, Allemagne, France et Italie : les gouvernements nationaux doivent faire face \u00e0 des probl\u00e8mes locaux<\/strong><\/p>\n<p>Quatre des plus grandes puissances de l&rsquo;UE se pr\u00e9parent \u00e0 des \u00e9lections r\u00e9gionales et municipales qui confirmeront ou pas, l&rsquo;ampleur de l&rsquo;\u00e9lan de l&rsquo;extr\u00eame droite et permettront de mesurer la m\u00e9fiance croissante \u00e0 l&rsquo;\u00e9gard des autorit\u00e9s \u00e0 Madrid, Berlin, Paris et Rome.<\/p>\n<p><strong>En Espagne<\/strong>, le parti socialiste PSOE du Premier ministre Pedro S\u00e1nchez est sous le choc de sa d\u00e9faite aux \u00e9lections r\u00e9gionales du 21 d\u00e9cembre en Estr\u00e9madure, obtenant le pire r\u00e9sultat de son histoire dans ce qui \u00e9tait un bastion traditionnel.<\/p>\n<p>Pendant ce temps, \u00e0 Madrid, la coalition au pouvoir de S\u00e1nchez est sous pression apr\u00e8s plusieurs scandales de corruption et peine \u00e0 adopter un budget pour la troisi\u00e8me ann\u00e9e cons\u00e9cutive.<\/p>\n<p>Les prochaines \u00e9lections r\u00e9gionales en Aragon, le 8 f\u00e9vrier, en Castille et L\u00e9on, le 15 mars, et en Andalousie, la plus grande r\u00e9gion d&rsquo;Espagne par sa taille et sa population, le 30 juin, seront toutes des tests cruciaux non seulement pour le PSOE, mais aussi pour le Parti populaire (PP), l&rsquo;opposition de centre-droit.<\/p>\n<p>La question est de savoir si le PP peut obtenir des majorit\u00e9s avant les \u00e9lections g\u00e9n\u00e9rales de 2027 sans compter sur le soutien du parti d&rsquo;extr\u00eame droite Vox.<\/p>\n<p>Les 15 et 22 mars, <strong>les Fran\u00e7ais<\/strong> se rendront \u00e9galement aux urnes pour \u00e9lire les maires de tout le pays. Tout comme en Espagne, ces \u00e9lections locales serviront de jauge avant le scrutin pr\u00e9sidentiel de 2027.<\/p>\n<p>La France est actuellement confront\u00e9e \u00e0 une crise politique caract\u00e9ris\u00e9e par une instabilit\u00e9 gouvernementale prolong\u00e9e, un faible taux d&rsquo;approbation du pr\u00e9sident Emmanuel Macron et la mont\u00e9e continue du Rassemblement national (RN), malgr\u00e9 l&rsquo;interdiction faite par la justice \u00e0 sa dirigeante, Marine Le Pen, de se pr\u00e9senter aux \u00e9lections. Son proc\u00e8s en appel qui d\u00e9bute le 13 janvier confirmera ou non le verdict de premi\u00e8re instance. <\/p>\n<p><strong>En Italie<\/strong>, les \u00e9lections municipales dans les grandes villes de Rome, Milan, Bologne et Turin ont \u00e9t\u00e9 report\u00e9es pendant la pand\u00e9mie et reprogramm\u00e9es au printemps 2027. Au lieu de cela, les \u00e9lecteurs se rendront aux urnes en 2026 uniquement dans un plus petit nombre de villes telles que Venise, Reggio Calabria, Arezzo, Andria et Pistoia.<\/p>\n<p>Les Italiens se prononceront \u00e9galement par r\u00e9f\u00e9rendum sur une r\u00e9forme constitutionnelle du syst\u00e8me judiciaire. Ce r\u00e9f\u00e9rendum sera soumis au printemps prochain, mais la date n&rsquo;a pas encore \u00e9t\u00e9 fix\u00e9e. Ce r\u00e9f\u00e9rendum sera consid\u00e9r\u00e9 comme un test du soutien de l&rsquo;opinion publique \u00e0 la coalition de <strong>Giorgia Meloni<\/strong> avant les \u00e9lections g\u00e9n\u00e9rales de 2027.<\/p>\n<p>Enfin, <strong>plusieurs l\u00e4nder allemands<\/strong> se pr\u00e9parent \u00e0 des \u00e9lections r\u00e9gionales : Le Bade-Wurtemberg et la Rh\u00e9nanie-Palatinat en mars, et la Saxe-Anhalt, Berlin et le Mecklembourg-Pom\u00e9ranie-Occidentale en septembre.<\/p>\n<p>Ces \u00e9lections r\u00e9gionales mettront \u00e0 l&rsquo;\u00e9preuve la popularit\u00e9 du chancelier <strong>Friedrich Merz<\/strong>, en poste depuis mai, et mesureront \u00e9galement la mont\u00e9e de l&rsquo;extr\u00eame droite, non seulement dans l&rsquo;ancienne Allemagne de l&rsquo;Est d\u00e9sindustrialis\u00e9e, mais aussi dans l&rsquo;Ouest plus riche.<\/p>\n<p><strong>Su\u00e8de : l&rsquo;ombre de l&rsquo;ing\u00e9rence \u00e9trang\u00e8re<\/strong><\/p>\n<p>Dans la perspective des \u00e9lections g\u00e9n\u00e9rales de septembre, le Premier ministre <strong>Ulf Kristersson<\/strong> a \u00e9crit sur X que \u00ab\u00a0lorsque la Su\u00e8de se rendra aux urnes l&rsquo;ann\u00e9e prochaine, nous le ferons dans une situation de s\u00e9curit\u00e9 grave que nous devons prendre en compte\u00a0\u00bb.<\/p>\n<p>Ulf Kristersson gouverne une coalition de centristes, de socialistes, de lib\u00e9raux et de chr\u00e9tiens-d\u00e9mocrates, dont les sondages sont actuellement similaires \u00e0 ceux obtenus lors des \u00e9lections de 2023.<\/p>\n<p>Depuis lors, la Su\u00e8de est confront\u00e9e \u00e0 une hausse de la criminalit\u00e9 violente, qui alimente la rh\u00e9torique de droite entendue dans toute l&rsquo;Europe, dans laquelle le ph\u00e9nom\u00e8ne est souvent mis en avant pour alimenter les arguments anti-migratoires.<\/p>\n<p>Mais la \u00ab\u00a0situation s\u00e9curitaire grave\u00a0\u00bb qui pr\u00e9occupe le premier ministre est la menace d&rsquo;ing\u00e9rence \u00e9trang\u00e8re.<\/p>\n<p>En novembre, le minist\u00e8re de la D\u00e9fense a d\u00e9clar\u00e9 qu&rsquo;il avait renforc\u00e9 ses capacit\u00e9s en mati\u00e8re de cybers\u00e9curit\u00e9 et qu&rsquo;il \u00e9tait en alerte face aux ing\u00e9rences \u00e9lectorales telles que celles observ\u00e9es en <a href=\"https:\/\/fr.euronews.com\/2025\/12\/12\/lallemagne-accuse-la-russie-de-cyberattaques-et-dingerence-politique\" target=\"_blank\" rel=\"noopener\"><strong>Allemagne<\/strong><\/a>, qui a insist\u00e9 cette ann\u00e9e sur le fait que la Russie \u00ab\u00a0paierait le prix\u00a0\u00bb de ses \u00ab\u00a0attaques hybrides\u00a0\u00bb contre les infrastructures \u00e9lectorales.<\/p>\n<p>De telles op\u00e9rations d&rsquo;ing\u00e9rence \u00e9trang\u00e8re sont susceptibles de profiter aux partis critiques \u00e0 l&rsquo;\u00e9gard de l&rsquo;immigration, sceptiques quant \u00e0 l&rsquo;int\u00e9gration de l&rsquo;UE et plus ambigus dans leur position \u00e0 l&rsquo;\u00e9gard de Moscou, une tendance illustr\u00e9e par les D\u00e9mocrates de Su\u00e8de.<\/p>\n<p>Les \u00e9lections su\u00e9doises devraient constituer un test de r\u00e9sistance d\u00e9mocratique dans l&rsquo;UE apr\u00e8s la mise en \u0153uvre de la loi sur les services num\u00e9riques (DSA), qui s&rsquo;attaque \u00e0 l&rsquo;ing\u00e9rence \u00e9lectorale sur les m\u00e9dias sociaux, et le bouclier d\u00e9mocratique propos\u00e9 par l&rsquo;Union europ\u00e9enne.<\/p>\n<p><strong>Le Danemark : sous pression, dans son pays et \u00e0 l&rsquo;\u00e9tranger<\/strong><\/p>\n<p>Apr\u00e8s avoir perdu Copenhague pour la premi\u00e8re fois depuis 1938, <strong>Mette Frederiksen<\/strong> et ses sociaux-d\u00e9mocrates doivent maintenant faire face \u00e0 un vote national.<\/p>\n<p>Les sondages indiquent que la Premi\u00e8re ministre, au pouvoir depuis 2019, pourrait perdre son poste, alors que la coalition au pouvoir, qui comprend des partis de centre-gauche et de centre-droit, semble de plus en plus fragile.<\/p>\n<p><strong>Le Danemark<\/strong> est \u00e9galement pr\u00e9occup\u00e9 par son int\u00e9grit\u00e9 territoriale. Au d\u00e9but du mois, Donald Trump a r\u00e9it\u00e9r\u00e9 ses intentions expansionnistes \u00e0 l&rsquo;\u00e9gard du Groenland, un territoire autonome du Royaume du Danemark.<\/p>\n<p>Le vote devrait avoir lieu avant octobre 2026, mais la date n&rsquo;a pas encore \u00e9t\u00e9 confirm\u00e9e.<\/p>\n<p>Bulgarie : pas de gouvernement, mais bient\u00f4t l&rsquo;euro<\/p>\n<p>\u00c0 partir du 1er janvier 2026, la Bulgarie adoptera officiellement l&rsquo;euro comme monnaie. Toutefois, le pays conna\u00eet une grande instabilit\u00e9 politique depuis novembre, \u00e0 la<a href=\"https:\/\/fr.euronews.com\/2025\/12\/11\/demission-du-gouvernement-bulgare\" target=\"_blank\" rel=\"noopener\"> <strong>suite de la d\u00e9mission<\/strong><\/a><a href=\"https:\/\/www.euronews.com\/2025\/12\/11\/bulgarians-demand-government-resign-in-mass-protests-over-corruption\" target=\"_blank\" rel=\"noopener\"> <\/a>du gouvernement et des<a href=\"https:\/\/www.euronews.com\/2025\/12\/11\/bulgarians-demand-government-resign-in-mass-protests-over-corruption\" target=\"_blank\" rel=\"noopener\"> <\/a>importantes manifestations de rue contre la corruption et l&rsquo;influence de l&rsquo;oligarchie.<\/p>\n<p>Une \u00e9lection pr\u00e9sidentielle est d\u00e9j\u00e0 pr\u00e9vue pour le 8 novembre, et un vote parlementaire devrait \u00e9galement permettre de sortir de l&rsquo;impasse politique.<\/p>\n<p><strong>Lettonie et Slov\u00e9nie : nouveaux chefs d&rsquo;Etat possibles<\/strong><\/p>\n<p><strong>La Slov\u00e9nie et la Lettonie<\/strong> organiseront des \u00e9lections l\u00e9gislatives respectivement en mars et en octobre.<\/p>\n<p>En Slov\u00e9nie, les sondages montrent que le Parti d\u00e9mocratique, parti d&rsquo;opposition de centre-droit, devance l\u00e9g\u00e8rement le Mouvement de la libert\u00e9, parti de centre-gauche dirig\u00e9 par le Premier ministre <strong>Robert Golob<\/strong>. Les analystes estiment que la formation d&rsquo;un gouvernement apr\u00e8s les \u00e9lections pourrait s&rsquo;av\u00e9rer difficile, car plusieurs nouveaux petits partis entrent en lice.<\/p>\n<p>En Lettonie, les \u00e9lections d\u00e9termineront qui succ\u00e9dera \u00e0 l&rsquo;actuelle coalition de centre-droit dirig\u00e9e par la Premi\u00e8re ministre <strong>Evika Sili\u0146a<\/strong>. Son parti est actuellement en deuxi\u00e8me position dans les sondages, juste derri\u00e8re l&rsquo;Alliance nationale conservatrice.<\/p>\n<p>Plus t\u00f4t en 2025, les \u00e9lections locales ont r\u00e9v\u00e9l\u00e9 des faiblesses dans le syst\u00e8me informatique de vote, mais la Commission \u00e9lectorale centrale lettone affirme les avoir r\u00e9solues avant le vote d&rsquo;octobre.<\/p>\n<p>\u00c9tats-Unis, Br\u00e9sil, Isra\u00ebl et Russie : des \u00e9lections mondiales qui ont des r\u00e9percussions sur l&rsquo;UE<\/p>\n<p>L&rsquo;UE n&rsquo;est pas seulement \u00e0 la merci de ses propres \u00e9lecteurs.<\/p>\n<p>En novembre 2026, les \u00e9lecteurs am\u00e9ricains se rendront aux urnes pour les \u00e9lections de mi-mandat du Congr\u00e8s, qui d\u00e9terminent la composition de la Chambre des repr\u00e9sentants et un tiers des si\u00e8ges du S\u00e9nat.<\/p>\n<p>Le r\u00e9sultat pourrait d\u00e9cider du pouvoir que l&rsquo;administration Trump peut exercer dans le pays et \u00e0 l&rsquo;\u00e9tranger.<\/p>\n<p>Les Europ\u00e9ens suivront de pr\u00e8s l&rsquo;\u00e9volution de la situation. Au d\u00e9but du mois, l&rsquo;administration am\u00e9ricaine a publi\u00e9 une strat\u00e9gie de s\u00e9curit\u00e9 nationale dans laquelle elle s&rsquo;engage \u00e0 \u00ab\u00a0cultiver la r\u00e9sistance \u00e0 la trajectoire actuelle de l&rsquo;Europe au sein des nations europ\u00e9ennes\u00a0\u00bb afin d&rsquo;arr\u00eater son \u00ab\u00a0<a href=\"https:\/\/fr.euronews.com\/my-europe\/2025\/12\/09\/antonio-costa-repond-a-donald-trump-on-respecte-la-souverainete-des-uns-et-des-autres\" target=\"_blank\" rel=\"noopener\"><strong>d\u00e9clin civilisationnel<\/strong><\/a>\u00ab\u00a0.<\/p>\n<p>Les Br\u00e9siliens se rendront aux urnes en octobre 2026. L&rsquo;actuel pr\u00e9sident <strong>Luiz In\u00e1cio Lula da Silva<\/strong>, favori des sondages, cherche \u00e0 se faire r\u00e9\u00e9lire.<\/p>\n<p>L&rsquo;enjeu de ce scrutin pour l&rsquo;Union europ\u00e9enne r\u00e9side dans l&rsquo;avenir de l&rsquo;accord du Mercosur, un accord de libre-\u00e9change en gestation depuis plus de vingt ans.<\/p>\n<p><strong>Isra\u00ebl<\/strong> organisera \u00e9galement des \u00e9lections l\u00e9gislatives et \u00e9lira son Premier ministre, ce qui pourrait modifier la dynamique du pouvoir qui a fa\u00e7onn\u00e9 les conflits dans la r\u00e9gion.<\/p>\n<p>Enfin, <strong>les Russes<\/strong> se rendront aux urnes pour des <strong>\u00e9lections l\u00e9gislatives<\/strong>, mais le r\u00e9sultat devrait aller en faveur du pr\u00e9sident Vladimir Poutine, les partis d&rsquo;opposition \u00e9tant largement r\u00e9duits au silence et la libert\u00e9 de la presse se faisant de plus en plus rare.<\/p>\n<p><strong>Restez avec Euronews en 2026 et suivez notre couverture des d\u00e9veloppements \u00e0 travers l&rsquo;Union europ\u00e9enne et au-del\u00e0.<\/strong><\/p>\n","protected":false},"excerpt":{"rendered":"L&rsquo;ann\u00e9e 2025 a \u00e9t\u00e9 une ann\u00e9e charni\u00e8re pour les \u00e9lections \u00e0 fort enjeu dans l&rsquo;Union europ\u00e9enne. La Roumanie&hellip;\n","protected":false},"author":2,"featured_media":631885,"comment_status":"","ping_status":"","sticky":false,"template":"","format":"standard","meta":{"footnotes":""},"categories":[1586],"tags":[11,5949,42982,1777,674,1011,27,12,17749,25,364],"class_list":{"0":"post-631884","1":"post","2":"type-post","3":"status-publish","4":"format-standard","5":"has-post-thumbnail","7":"category-europe","8":"tag-actualites","9":"tag-elections","10":"tag-elections-parlementaires","11":"tag-eu","12":"tag-europe","13":"tag-fr","14":"tag-france","15":"tag-news","16":"tag-politique-europeenne","17":"tag-republique-francaise","18":"tag-union-europeenne"},"share_on_mastodon":{"url":"https:\/\/pubeurope.com\/@fr\/115813712161784725","error":""},"_links":{"self":[{"href":"https:\/\/www.europesays.com\/fr\/wp-json\/wp\/v2\/posts\/631884","targetHints":{"allow":["GET"]}}],"collection":[{"href":"https:\/\/www.europesays.com\/fr\/wp-json\/wp\/v2\/posts"}],"about":[{"href":"https:\/\/www.europesays.com\/fr\/wp-json\/wp\/v2\/types\/post"}],"author":[{"embeddable":true,"href":"https:\/\/www.europesays.com\/fr\/wp-json\/wp\/v2\/users\/2"}],"replies":[{"embeddable":true,"href":"https:\/\/www.europesays.com\/fr\/wp-json\/wp\/v2\/comments?post=631884"}],"version-history":[{"count":0,"href":"https:\/\/www.europesays.com\/fr\/wp-json\/wp\/v2\/posts\/631884\/revisions"}],"wp:featuredmedia":[{"embeddable":true,"href":"https:\/\/www.europesays.com\/fr\/wp-json\/wp\/v2\/media\/631885"}],"wp:attachment":[{"href":"https:\/\/www.europesays.com\/fr\/wp-json\/wp\/v2\/media?parent=631884"}],"wp:term":[{"taxonomy":"category","embeddable":true,"href":"https:\/\/www.europesays.com\/fr\/wp-json\/wp\/v2\/categories?post=631884"},{"taxonomy":"post_tag","embeddable":true,"href":"https:\/\/www.europesays.com\/fr\/wp-json\/wp\/v2\/tags?post=631884"}],"curies":[{"name":"wp","href":"https:\/\/api.w.org\/{rel}","templated":true}]}}