{"id":631886,"date":"2025-12-31T10:29:11","date_gmt":"2025-12-31T10:29:11","guid":{"rendered":"https:\/\/www.europesays.com\/fr\/631886\/"},"modified":"2025-12-31T10:29:11","modified_gmt":"2025-12-31T10:29:11","slug":"cette-annee-le-noel-de-johan-djourou-a-eu-lieu-en-plein-ete","status":"publish","type":"post","link":"https:\/\/www.europesays.com\/fr\/631886\/","title":{"rendered":"Cette ann\u00e9e, le No\u00ebl de Johan Djourou a eu lieu en plein \u00e9t\u00e9"},"content":{"rendered":"<p><strong>Tirer la prise (\u00e9pisode 2\/5)<\/strong><\/p>\n<p>Diff\u00e9rend douanier avec les \u00c9tats-Unis, tensions autour des Bilat\u00e9rales III, budgets cantonaux et f\u00e9d\u00e9raux dans le rouge, catastrophes naturelles, sans compter la guerre en Ukraine et le conflit au Proche Orient&#8230; L&rsquo;actualit\u00e9 en 2025 a \u00e9t\u00e9 lourde, dans le monde et en Suisse. Alors en cette fin d&rsquo;ann\u00e9e, Le Temps a demand\u00e9 \u00e0 des personnalit\u00e9s helv\u00e9tiques comment elles font pour se ressourcer, pour recharger leurs batteries et se pr\u00e9parer \u00e0 l&rsquo;ann\u00e9e qui vient.<\/p>\n<p>Cette ann\u00e9e, le No\u00ebl de Johan Djourou a eu lieu au mois de juillet. Le jeudi\u00a010. Les M\u00e8res No\u00ebl s\u2019appelaient Riola Xhemaili\u00a0et G\u00e9raldine Reuteler et le cadeau a \u00e9t\u00e9 d\u00e9livr\u00e9 \u00e0 22h49 \u2013 \u00abEt le buuuut! Egalisation! Magique!\u00bb, ont hurl\u00e9 les commentateurs sportifs. Alors que la Nati pensait \u00eatre \u00e9limin\u00e9e de son Euro \u00e0 domicile, elle se qualifie ce jour-l\u00e0 pour les quarts de finale sur le fil, dans le temps additionnel. Frisson collectif. \u00abL\u2019Euro f\u00e9minin a \u00e9t\u00e9 un \u00e9v\u00e9nement exceptionnel. Les \u00e9motions v\u00e9cues d\u00e9passent la compr\u00e9hension\u00bb, se rem\u00e9more Johan Djourou, aujourd\u2019hui directeur technique de l\u2019\u00e9quipe nationale f\u00e9minine, quand lui est demand\u00e9 de regarder 2025 dans le r\u00e9troviseur.<\/p>\n<p>Pour son sport, l\u2019ann\u00e9e a \u00e9t\u00e9 belle sur le terrain, parfois moche en dehors \u2013 les spectateurs du tirage au sort de la Coupe du monde 2026 <a href=\"https:\/\/www.letemps.ch\/monde\/sans-rire-donald-trump-recoit-le-prix-fifa-de-la-paix?srsltid=AfmBOoonNgTabBVUSW4MDLtSgHtV8OdVkYmJgmZ06hR7kuS-ATu6CGGT\" rel=\"nofollow noopener\" target=\"_blank\">en sont t\u00e9moins<\/a>. Pour trouver de l\u2019\u00e9lan et du sens, l\u2019ancien d\u00e9fenseur bien-aim\u00e9 de l\u2019\u00e9quipe nationale (76 s\u00e9lections) puise dans le souvenir in\u00e9puisable de cet \u00e9t\u00e9 dor\u00e9 o\u00f9 les Suissesses <a href=\"https:\/\/www.letemps.ch\/opinions\/editoriaux\/editorial-peu-importe-le-resultat-du-match-contre-l-espagne-la-suisse-a-deja-gagne?srsltid=AfmBOopiaaje6pEaVguCQaTcCXakJXAb0T7Y8Jj9c5vNiXqqAo8gvyHj\" rel=\"nofollow noopener\" target=\"_blank\">ont rempli<\/a> quatre fois les trois plus grands stades du pays. \u00abComme joueur, il n\u2019y a pas la m\u00eame place pour les \u00e9motions. Il y a de l\u2019adr\u00e9naline bien s\u00fbr, mais le terrain, c\u2019est d\u2019abord le travail, la performance, tu te laisses moins traverser par tes \u00e9tats d\u2019\u00e2me m\u00eame si tu sens l\u2019\u00e9nergie des supporters, glisse Johan Djourou. Passer de l\u2019autre c\u00f4t\u00e9, c\u2019est une chance et un long apprentissage.\u00bb<\/p>\n","protected":false},"excerpt":{"rendered":"Tirer la prise (\u00e9pisode 2\/5) Diff\u00e9rend douanier avec les \u00c9tats-Unis, tensions autour des Bilat\u00e9rales III, budgets cantonaux et&hellip;\n","protected":false},"author":2,"featured_media":631887,"comment_status":"","ping_status":"","sticky":false,"template":"","format":"standard","meta":{"footnotes":""},"categories":[1586],"tags":[11,1777,674,1779,1011,27,12,301,25,517,3067,1778,364],"class_list":{"0":"post-631886","1":"post","2":"type-post","3":"status-publish","4":"format-standard","5":"has-post-thumbnail","7":"category-europe","8":"tag-actualites","9":"tag-eu","10":"tag-europe","11":"tag-european-union","12":"tag-fr","13":"tag-france","14":"tag-news","15":"tag-premium","16":"tag-republique-francaise","17":"tag-sport","18":"tag-suisse","19":"tag-ue","20":"tag-union-europeenne"},"share_on_mastodon":{"url":"https:\/\/pubeurope.com\/@fr\/115813716074867749","error":""},"_links":{"self":[{"href":"https:\/\/www.europesays.com\/fr\/wp-json\/wp\/v2\/posts\/631886","targetHints":{"allow":["GET"]}}],"collection":[{"href":"https:\/\/www.europesays.com\/fr\/wp-json\/wp\/v2\/posts"}],"about":[{"href":"https:\/\/www.europesays.com\/fr\/wp-json\/wp\/v2\/types\/post"}],"author":[{"embeddable":true,"href":"https:\/\/www.europesays.com\/fr\/wp-json\/wp\/v2\/users\/2"}],"replies":[{"embeddable":true,"href":"https:\/\/www.europesays.com\/fr\/wp-json\/wp\/v2\/comments?post=631886"}],"version-history":[{"count":0,"href":"https:\/\/www.europesays.com\/fr\/wp-json\/wp\/v2\/posts\/631886\/revisions"}],"wp:featuredmedia":[{"embeddable":true,"href":"https:\/\/www.europesays.com\/fr\/wp-json\/wp\/v2\/media\/631887"}],"wp:attachment":[{"href":"https:\/\/www.europesays.com\/fr\/wp-json\/wp\/v2\/media?parent=631886"}],"wp:term":[{"taxonomy":"category","embeddable":true,"href":"https:\/\/www.europesays.com\/fr\/wp-json\/wp\/v2\/categories?post=631886"},{"taxonomy":"post_tag","embeddable":true,"href":"https:\/\/www.europesays.com\/fr\/wp-json\/wp\/v2\/tags?post=631886"}],"curies":[{"name":"wp","href":"https:\/\/api.w.org\/{rel}","templated":true}]}}