{"id":631892,"date":"2025-12-31T10:32:11","date_gmt":"2025-12-31T10:32:11","guid":{"rendered":"https:\/\/www.europesays.com\/fr\/631892\/"},"modified":"2025-12-31T10:32:11","modified_gmt":"2025-12-31T10:32:11","slug":"chateau-renove-megafeux-dartifice-tour-de-france-orelsan-2025-lannee-folle-de-caen-qui-fetait-son-millenaire","status":"publish","type":"post","link":"https:\/\/www.europesays.com\/fr\/631892\/","title":{"rendered":"Ch\u00e2teau r\u00e9nov\u00e9, m\u00e9gafeux d\u2019artifice, Tour de France, Orelsan\u2026 2025, l\u2019ann\u00e9e folle de Caen qui f\u00eatait son Mill\u00e9naire"},"content":{"rendered":"<p class=\"paragraph text_align_left lp-f-body-02\">Quelques gouttes de pluie n\u2019auront d\u00e9courag\u00e9 personne, ce 21 d\u00e9cembre, devant l\u2019h\u00f4tel de ville de Caen. L\u2019Abbaye aux Hommes, c\u2019est le nom de l\u2019\u00e9difice, comme \u00e9crin pour le final des <a href=\"https:\/\/www.leparisien.fr\/calvados-14\/une-tres-bonne-publicite-le-millenaire-de-caen-un-saut-dans-le-temps-pour-une-vitrine-davenir-20-03-2025-YDD7GLZ7ORACJL4UOH4TQMWI3Q.php\" target=\"_self\" rel=\"noopener\">c\u00e9l\u00e9brations du mill\u00e9naire de la cit\u00e9 normande<\/a>, fond\u00e9e en 1025.<\/p>\n<p class=\"\">\u00ab On a eu un premier feu d\u2019artifice tr\u00e8s joli puis on a vu une nacelle s\u2019\u00e9lever. Et Orelsan est apparu, s\u2019exclame Dimitri, pr\u00e9sent parmi les 45 000 spectateurs. On a avait vu venir sa pr\u00e9sence mais avec la nacelle, c\u2019\u00e9tait surprenant \u00bb.<\/p>\n<p class=\"\"><a href=\"https:\/\/www.leparisien.fr\/culture-loisirs\/musique\/video-cest-lembleme-de-notre-ville-avec-les-fans-dorelsan-a-caen-le-jour-du-premier-concert-de-sa-giga-tournee-23-02-2022-TUSRSU3LIJEAVGDRMSWQ744GUM.php\" target=\"_self\" rel=\"noopener\">La star caennaise<\/a>, \u00e0 quelques semaines d\u2019entamer <a href=\"https:\/\/www.leparisien.fr\/calvados-14\/cest-incontournable-quand-tu-viens-du-coin-orelsan-revient-en-concert-a-caen-en-janvier-2026-30-09-2025-R6S7B2ZQSRFPTIS3J7L7XAIOPU.php\" target=\"_self\" rel=\"noopener\">sa tourn\u00e9e \u00e0 domicile<\/a>, a emmen\u00e9 le public avec \u00ab La Terre est ronde \u00bb, \u00ab Basique \u00bb et \u00ab La Qu\u00eate \u00bb. Avant \u00ab un bouquet final \u00e0 360 degr\u00e9s, comme le raconte Dimitri. Une sensation de jamais vu avec autant de feux d\u2019artifice \u00bb. \u00ab C\u2019\u00e9tait grandiose, tel qu\u2019on l\u2019avait imagin\u00e9, s\u2019enthousiasme le maire, Aristide Olivier. C\u2019est la fin d\u2019une ann\u00e9e dingue. \u00bb<\/p>\n<p>\u00ab On a v\u00e9cu une communion populaire \u00bb<\/p>\n<p class=\"\">Pour souffler ses 1 000 bougies, la capitale calvadosienne aura mis les petits plats dans les grands d\u00e8s le 20 mars, date de l\u2019inauguration du Mill\u00e9naire marqu\u00e9e par <a href=\"https:\/\/www.leparisien.fr\/calvados-14\/tout-simplement-magique-caen-fete-son-millenaire-tout-feu-tout-flammes-24-03-2025-KJO6MO7WLBH3XMAPOBODE2S5J4.php\" target=\"_self\" rel=\"noopener\">la r\u00e9ouverture et l\u2019embrasement du ch\u00e2teau<\/a>. \u00ab \u00c7a a \u00e9t\u00e9 notre vraie grande surprise. On s\u2019attendait \u00e0 13 000-15 000 personnes par soir et on en a eu 105 000 en trois jours \u00bb, glisse Thierry Chevalier, directeur de l\u2019organisation.<\/p>\n<p class=\"\">Tous les temps forts ont fait le plein : la <a href=\"https:\/\/www.leparisien.fr\/calvados-14\/150-000-personnes-a-la-parade-caen-fete-un-millenaire-de-plus-en-plus-epoustouflant-12-05-2025-2GFXE44ZHJF3VEJKIZUEZQGZ3Q.php\" target=\"_self\" rel=\"noopener\">Parade Op\u00e9ratique<\/a> du 9 mai a fait d\u00e9border Caen (150 000 personnes mass\u00e9es le long des 5 km de la parade), <a href=\"https:\/\/www.leparisien.fr\/calvados-14\/avec-ce-port-dans-les-terres-il-y-a-une-ame-maritime-caen-continue-de-celebrer-son-millenaire-avec-une-parade-navale-27-06-2025-PP2Q3OH7QRDTXAO4WDQATUFMGM.php\" target=\"_self\" rel=\"noopener\">le week-maritime<\/a> a rappel\u00e9 fin juin les liens entre la ville et la mer (200 000 personnes) et <a href=\"https:\/\/www.leparisien.fr\/calvados-14\/le-succes-du-millenaire-de-caen-se-confirme-avec-le-spectacle-aquanauts-27-08-2025-LLDYZ7XIY5FIJNO4PVMB3RVQFY.php\" target=\"_self\" rel=\"noopener\">Aquanauts <\/a>a \u00e9merveill\u00e9 le bassin Saint-Pierre, avec voltige et po\u00e9sie trois soirs de septembre durant.<\/p>\n<p class=\"\">\u00ab Techniquement, c\u2019\u00e9tait un d\u00e9fi de fou de monter ces spectacles dans l\u2019espace public, souligne Thierry Chevalier. Par d\u00e9finition, c\u2019\u00e9tait la premi\u00e8re fois qu\u2019on f\u00eatait notre Mill\u00e9naire. La premi\u00e8re qu\u2019on faisait des choses de cette ampleur dans la ville. \u00bb <a href=\"https:\/\/www.leparisien.fr\/calvados-14\/le-tour-de-france-a-retrouve-sa-normandie-comment-caen-bayeux-et-vire-se-preparent-a-faire-la-fete-21-06-2025-LOHIG247EBF67BU7XP5MNNIICU.php\" target=\"_self\" rel=\"noopener\">Le tour de France,<\/a> tombant \u00e0 pic le 9 juillet avec son contre-la-montre au d\u00e9part et \u00e0 l\u2019arriv\u00e9e dans le c\u0153ur historique de la cit\u00e9, les estimations font \u00e9tat de 700 000 spectateurs en ville sur tous les temps forts.<\/p>\n<p class=\"\">\u00ab Sans compter tous les petits \u00e9v\u00e9nements, les conf\u00e9rences, expositions, qui ont aussi trouv\u00e9 leur public \u00bb, ajoute le directeur du Mill\u00e9naire. \u00ab La ville ne pouvait pas \u00eatre aussi mise en valeur que \u00e7a. Ce Mill\u00e9naire est splendide, clame Dimitri. Il a une \u00e2me. On a v\u00e9cu une communion populaire avec de la fiert\u00e9 pour Caen. \u00bb<\/p>\n<p class=\"\">Un \u00ab sentiment d\u2019appartenance \u00bb, comme le souffle le maire Aristide Olivier, dop\u00e9 par une f\u00eate de plusieurs mois qui aura largement r\u00e9veill\u00e9 une cit\u00e9 parfois surnomm\u00e9e \u00ab la belle endormie \u00bb. \u00ab Caen est toujours belle, mais \u00e9nergique maintenant \u00bb, s\u2019amuse le premier magistrat.<\/p>\n<p class=\"\">S\u2019il est difficile de mesurer l\u2019impact des festivit\u00e9s sur l\u2019image de la cit\u00e9 de Guillaume Le Conqu\u00e9rant, les chiffres touristiques en hausse par rapport \u00e0 2024, pourtant marqu\u00e9e par<a href=\"https:\/\/www.leparisien.fr\/calvados-14\/entre-memoire-evenements-populaires-et-tourisme-le-tres-attendu-80e-anniversaire-du-debarquement-a-tenu-ses-promesses-11-06-2024-Y3QJ7VCIUZH2FOJAQPZMZFT6O4.php\" target=\"_self\" rel=\"noopener\"> le 80e anniversaire du D\u00e9barquement<\/a>, t\u00e9moigne d\u2019un certain pouvoir d\u2019attraction. De nombreux visiteurs, au fil des temps forts, nous auront invariablement confi\u00e9 leur \u00e9merveillement et leur attachement \u00e0 Caen.<\/p>\n<p>En attendant le mill\u00e9naire de la Normandie en 2027 !<\/p>\n<p class=\"\">M\u00eame Orelsan s\u2019est spontan\u00e9ment propos\u00e9 pour participer, nous confie-t-on, et a v\u00e9cu le final avec une certaine \u00e9motion. Le Mill\u00e9naire &#8211; 10 millions d\u2019euros \u00e9tal\u00e9s sur cinq ann\u00e9es &#8211; \u00ab laisse un h\u00e9ritage et de belles images \u00e0 montrer \u00bb, affirme Thierry Chevalier, lui aussi optimisme quant \u00e0 l\u2019effet sur l\u2019image de Caen.<\/p>\n<p class=\"\">La ville normande a profit\u00e9 de l\u2019\u00e9v\u00e9nement pour <a href=\"https:\/\/www.leparisien.fr\/calvados-14\/un-chateau-plus-verdoyant-pour-linauguration-du-millenaire-de-caen-le-20-mars-08-03-2025-GZJ22MHWTJDFZE76DCROHLOBNM.php\" target=\"_self\" rel=\"noopener\">r\u00e9volutionner l\u2019enceinte de son ch\u00e2teau<\/a>, repens\u00e9e pour \u00eatre plus accueillante pour les passants, ou encore certains de ses quais aux portes du centre-ville. Le succ\u00e8s du Mill\u00e9naire augure aussi de belles choses pour\u2026 un autre mill\u00e9naire : celui de la Normandie, en 2027.<\/p>\n","protected":false},"excerpt":{"rendered":"Quelques gouttes de pluie n\u2019auront d\u00e9courag\u00e9 personne, ce 21 d\u00e9cembre, devant l\u2019h\u00f4tel de ville de Caen. L\u2019Abbaye aux&hellip;\n","protected":false},"author":2,"featured_media":631893,"comment_status":"","ping_status":"","sticky":false,"template":"","format":"standard","meta":{"footnotes":""},"categories":[4],"tags":[917,11,5763,872,459,1011,27,12,25],"class_list":{"0":"post-631892","1":"post","2":"type-post","3":"status-publish","4":"format-standard","5":"has-post-thumbnail","7":"category-france","8":"tag-actu-locale","9":"tag-actualites","10":"tag-calvados-14","11":"tag-culture-et-loisirs","12":"tag-departements-horsidfo","13":"tag-fr","14":"tag-france","15":"tag-news","16":"tag-republique-francaise"},"share_on_mastodon":{"url":"https:\/\/pubeurope.com\/@fr\/115813727908766491","error":""},"_links":{"self":[{"href":"https:\/\/www.europesays.com\/fr\/wp-json\/wp\/v2\/posts\/631892","targetHints":{"allow":["GET"]}}],"collection":[{"href":"https:\/\/www.europesays.com\/fr\/wp-json\/wp\/v2\/posts"}],"about":[{"href":"https:\/\/www.europesays.com\/fr\/wp-json\/wp\/v2\/types\/post"}],"author":[{"embeddable":true,"href":"https:\/\/www.europesays.com\/fr\/wp-json\/wp\/v2\/users\/2"}],"replies":[{"embeddable":true,"href":"https:\/\/www.europesays.com\/fr\/wp-json\/wp\/v2\/comments?post=631892"}],"version-history":[{"count":0,"href":"https:\/\/www.europesays.com\/fr\/wp-json\/wp\/v2\/posts\/631892\/revisions"}],"wp:featuredmedia":[{"embeddable":true,"href":"https:\/\/www.europesays.com\/fr\/wp-json\/wp\/v2\/media\/631893"}],"wp:attachment":[{"href":"https:\/\/www.europesays.com\/fr\/wp-json\/wp\/v2\/media?parent=631892"}],"wp:term":[{"taxonomy":"category","embeddable":true,"href":"https:\/\/www.europesays.com\/fr\/wp-json\/wp\/v2\/categories?post=631892"},{"taxonomy":"post_tag","embeddable":true,"href":"https:\/\/www.europesays.com\/fr\/wp-json\/wp\/v2\/tags?post=631892"}],"curies":[{"name":"wp","href":"https:\/\/api.w.org\/{rel}","templated":true}]}}