{"id":631894,"date":"2025-12-31T10:33:11","date_gmt":"2025-12-31T10:33:11","guid":{"rendered":"https:\/\/www.europesays.com\/fr\/631894\/"},"modified":"2025-12-31T10:33:11","modified_gmt":"2025-12-31T10:33:11","slug":"quiz-saurez-vous-retrouver-les-vainqueurs-europeens-dune-ryder-cup-sur-le-sol-americain-indice-un-joueur-francais-en-fait-partie","status":"publish","type":"post","link":"https:\/\/www.europesays.com\/fr\/631894\/","title":{"rendered":"(Quiz) Saurez-vous retrouver les vainqueurs europ\u00e9ens d&rsquo;une Ryder Cup sur le sol am\u00e9ricain ? Indice : Un joueur fran\u00e7ais en fait partie !"},"content":{"rendered":"<p>\t\t\t\t\t\t<img width=\"770\" height=\"559\" src=\"https:\/\/www.europesays.com\/fr\/wp-content\/uploads\/2025\/12\/afp__20250929__2237964393__v2__highres__rydercup2025singlesmatches-770x559.jpg\" class=\"img-responsive wp-post-image\" alt=\"\" decoding=\"async\" fetchpriority=\"high\"  \/>\t\t\t\t\t<\/p>\n<p>\t\t\t\t\t\t Partager cet article <\/p>\n<p class=\"screen-reader-text juiz_sps_maybe_hidden_text\">Partager la publication \u00ab\u00a0(Quiz) Saurez-vous retrouver les vainqueurs europ\u00e9ens d\u2019une Ryder Cup sur le sol am\u00e9ricain ? Indice : Un joueur fran\u00e7ais en fait partie !\u00a0\u00bb<\/p>\n<p><strong>Pour la 5e fois de l\u2019histoire, l\u2019Europe a vaincu en terres hostiles. L\u2019\u00e9quipe de Luke Donald en 2025, victorieuse \u00e0 Bethpage, rentre dans l\u2019histoire aux c\u00f4t\u00e9s des illustres pr\u00e9c\u00e9dentes en Ryder Cup, 38 ans apr\u00e8s la premi\u00e8re victoire du Vieux Continent aux USA. Saurez-vous retrouver tous les vainqueurs depuis 1987 ?<\/strong><\/p>\n<p>Des pionniers en 1987 sous le capitanat de <strong>Tony Jacklin<\/strong> aux derniers en date en 2025, 47 joueurs europ\u00e9ens sont venus inscrire leur nom au palmar\u00e8s d\u2019une <strong>Ryder Cup<\/strong> remport\u00e9e \u00e0 l\u2019ext\u00e9rieur. Saurez-vous retrouver le noms des h\u00e9ros du Vieux Continent, dont un Fran\u00e7ais, dans le temps imparti ?<\/p>\n<p>Deux pr\u00e9cisions pratiques :<\/p>\n<ul>&#13;<\/p>\n<li>Pour les joueurs ayant gagn\u00e9 plusieurs fois \u00e0 l\u2019ext\u00e9rieur, c\u2019est la date de la premi\u00e8re victoire qui fait foi<\/li>\n<p>&#13;<\/p>\n<li>Si le nom de famille seul ne fonctionne pas, veuillez taper le nom complet du joueur.<\/li>\n<p>&#13;\n<\/ul>\n<p>Si vous ne visualisez pas le quiz <a href=\"https:\/\/www.golfplanete.com\/actualites\/quiz-qui-sont-les-vainqueurs-europeens-dont-un-francais-dune-ryder-cup-sur-le-sol-americain\/\" target=\"_blank\" rel=\"noopener\">cliquez ici &gt;&gt;<\/a><\/p>\n<\/p>\n<p>Photo by JAMIE SQUIRE \/ GETTY IMAGES NORTH AMERICA \/ Getty Images via AFP)<\/p>\n","protected":false},"excerpt":{"rendered":"Partager cet article Partager la publication \u00ab\u00a0(Quiz) Saurez-vous retrouver les vainqueurs europ\u00e9ens d\u2019une Ryder Cup sur le sol&hellip;\n","protected":false},"author":2,"featured_media":631895,"comment_status":"","ping_status":"","sticky":false,"template":"","format":"standard","meta":{"footnotes":""},"categories":[1418],"tags":[1011,27,1472,60],"class_list":{"0":"post-631894","1":"post","2":"type-post","3":"status-publish","4":"format-standard","5":"has-post-thumbnail","7":"category-golf","8":"tag-fr","9":"tag-france","10":"tag-golf","11":"tag-sports"},"share_on_mastodon":{"url":"https:\/\/pubeurope.com\/@fr\/115813731985844950","error":""},"_links":{"self":[{"href":"https:\/\/www.europesays.com\/fr\/wp-json\/wp\/v2\/posts\/631894","targetHints":{"allow":["GET"]}}],"collection":[{"href":"https:\/\/www.europesays.com\/fr\/wp-json\/wp\/v2\/posts"}],"about":[{"href":"https:\/\/www.europesays.com\/fr\/wp-json\/wp\/v2\/types\/post"}],"author":[{"embeddable":true,"href":"https:\/\/www.europesays.com\/fr\/wp-json\/wp\/v2\/users\/2"}],"replies":[{"embeddable":true,"href":"https:\/\/www.europesays.com\/fr\/wp-json\/wp\/v2\/comments?post=631894"}],"version-history":[{"count":0,"href":"https:\/\/www.europesays.com\/fr\/wp-json\/wp\/v2\/posts\/631894\/revisions"}],"wp:featuredmedia":[{"embeddable":true,"href":"https:\/\/www.europesays.com\/fr\/wp-json\/wp\/v2\/media\/631895"}],"wp:attachment":[{"href":"https:\/\/www.europesays.com\/fr\/wp-json\/wp\/v2\/media?parent=631894"}],"wp:term":[{"taxonomy":"category","embeddable":true,"href":"https:\/\/www.europesays.com\/fr\/wp-json\/wp\/v2\/categories?post=631894"},{"taxonomy":"post_tag","embeddable":true,"href":"https:\/\/www.europesays.com\/fr\/wp-json\/wp\/v2\/tags?post=631894"}],"curies":[{"name":"wp","href":"https:\/\/api.w.org\/{rel}","templated":true}]}}