{"id":631911,"date":"2025-12-31T10:46:19","date_gmt":"2025-12-31T10:46:19","guid":{"rendered":"https:\/\/www.europesays.com\/fr\/631911\/"},"modified":"2025-12-31T10:46:19","modified_gmt":"2025-12-31T10:46:19","slug":"winter-accusee-davoir-interpelle-jungkook-dans-une-video-desormais-virale","status":"publish","type":"post","link":"https:\/\/www.europesays.com\/fr\/631911\/","title":{"rendered":"Winter accus\u00e9e d\u2019avoir interpell\u00e9 Jungkook dans une vid\u00e9o d\u00e9sormais virale"},"content":{"rendered":"<p>Les rumeurs sur une possible relation entre Winter d\u2019aespa et Jungkook de BTS ont repris <strong>apr\u00e8s la diffusion d\u2019une nouvelle vid\u00e9o<\/strong>.<\/p>\n<p>Dans cet \u00e9pisode, <strong>Winter a prononc\u00e9 une phrase que certains fans ont interpr\u00e9t\u00e9e comme un message pour Jungkook<\/strong>, ce qui a pouss\u00e9 les internautes \u00e0 observer chaque geste et chaque d\u00e9tail de ses apparitions pr\u00e9c\u00e9dentes.<\/p>\n<p><img loading=\"lazy\" decoding=\"async\" width=\"932\" height=\"554\" src=\"https:\/\/www.europesays.com\/fr\/wp-content\/uploads\/2025\/12\/Winter-a-prononce-une-phrase-que-certains-fans-ont-interpretee-comme-un-message-pour-Jungkook.webp.webp\" alt=\"Winter accus\u00e9e d\u2019avoir interpell\u00e9 Jungkook dans une vid\u00e9o d\u00e9sormais virale\" class=\"wp-image-285945 lazyload\" title=\"Winter accus\u00e9e d\u2019avoir interpell\u00e9 Jungkook dans une vid\u00e9o d\u00e9sormais virale\"  \/>Today, I\u2019m a Western Cuisine Chef. Napoli MatfiaUne phrase qui attire l\u2019attention des fans<\/p>\n<p>Le 13 janvier, la cha\u00eene YouTube officielle d\u2019aespa a publi\u00e9 l\u2019\u00e9pisode Today, I\u2019m a Western Cuisine Chef. Napoli Matfia, le vainqueur de Culinary Class War, montrait \u00e0 Winter comment pr\u00e9parer des p\u00e2tes fra\u00eeches. Alors qu\u2019elle \u00e9talait la p\u00e2te, Winter a regard\u00e9 la cam\u00e9ra et a demand\u00e9 : <strong>\u00ab Hey, est-ce que tu regardes ? \u00bb<\/strong><\/p>\n<p>Napoli Matfia lui a demand\u00e9 : <strong>\u00ab \u00c0 qui tu parles ? \u00bb<\/strong> Winter a r\u00e9pondu en souriant : <strong>\u00ab Je demande si tu regardes. \u00bb<\/strong> M\u00eame si les sous-titres indiquaient <strong>\u00ab Les MYs, regardez-vous ? \u00bb,<\/strong> <strong>certains fans ont pens\u00e9 qu\u2019elle s\u2019adressait \u00e0 Jungkook<\/strong>. D\u2019autres ont <strong>trouv\u00e9 que dire \u00ab hey \u00bb n\u2019\u00e9tait pas habituel pour parler aux t\u00e9l\u00e9spectateurs<\/strong>, ce qui a aliment\u00e9 les discussions sur les r\u00e9seaux sociaux.<\/p>\n<p><img loading=\"lazy\" decoding=\"async\" width=\"768\" height=\"432\" src=\"https:\/\/www.europesays.com\/fr\/wp-content\/uploads\/2025\/12\/Les-rumeurs-de-couple-entre-Jungkook-et-Winter-repartent-apres-son-nouveau-compte-Instagram.jpeg\" alt=\"Winter accus\u00e9e d\u2019avoir interpell\u00e9 Jungkook dans une vid\u00e9o d\u00e9sormais virale\" class=\"wp-image-258306 lazyload\" title=\"Winter accus\u00e9e d\u2019avoir interpell\u00e9 Jungkook dans une vid\u00e9o d\u00e9sormais virale\"  \/>Les tatouages et les accessoires qui relancent les sp\u00e9culations<\/p>\n<p><a href=\"https:\/\/altselection.ouest-france.fr\/tatouages-assortis-de-jungkook-et-winter-les-internautes-semballent-les-fans-repliquent\/\" target=\"_blank\" rel=\"noopener\">Les rumeurs avaient commenc\u00e9 <strong>\u00e0 cause de tatouages suppos\u00e9s de couple<\/strong>.<\/a> Winter poss\u00e8de un tatouage de trois chiens \u00e0 l\u2019arri\u00e8re de son bras, pr\u00e8s du coude. Jungkook a \u00e9galement \u00e9t\u00e9 aper\u00e7u avec un tatouage de style chien sur son bras.<\/p>\n<p>Les fans ont aussi remarqu\u00e9 <strong>que les deux portaient parfois des accessoires identiques<\/strong>, comme des bracelets, des shorts ou des mod\u00e8les de moniteurs intra-auriculaires. Certains ont m\u00eame observ\u00e9 <strong>qu\u2019ils avaient appliqu\u00e9 un vernis \u00e0 ongles de la m\u00eame couleur sur l\u2019annulaire<\/strong>, <strong>\u00e0 seulement un jour d\u2019\u00e9cart<\/strong>, ce qui a renforc\u00e9 les sp\u00e9culations.<\/p>\n<p><strong>La venue de Jungkook \u00e0 un concert d\u2019aespa pendant son cong\u00e9 militaire<\/strong> a relanc\u00e9 les discussions. Plusieurs fans ont soulign\u00e9 <strong>qu\u2019il n\u2019avait jamais assist\u00e9 \u00e0 un concert d\u2019un groupe f\u00e9minin de HYBE auparavant<\/strong>. Cela a fait pr\u00e9sumer un lien particulier avec Winter, m\u00eame si <strong>aucune confirmation officielle n\u2019existe pour le moment<\/strong>.<\/p>\n<\/p>\n<p>Qu\u2019en pensez-vous\u00a0?<\/p>\n<p>  Si vous appr\u00e9ciez notre travail, vous pouvez nous soutenir en nous suivant sur Google :  <a href=\"https:\/\/profile.google.com\/cp\/EjwKHGFsdHNlbGVjdGlvbi5vdWVzdC1mcmFuY2UuZnISHGFsdHNlbGVjdGlvbi5vdWVzdC1mcmFuY2UuZnI\" target=\"_blank\" rel=\"noopener nofollow external\" style=\"&#010; display:inline-block !important;&#010; padding:12px 20px !important;&#010; background:#ff2d89 !important;&#010; color:#fff !important;&#010; border-radius:999px !important;&#010; font-weight:700 !important;&#010; text-decoration:none !important;&#010; line-height:1 !important;&#010; border:0 !important;&#010; box-shadow:0 6px 18px rgba(255,45,137,.25) !important;&#010; transition:transform .06s ease, box-shadow .2s ease !important;\"> Suivre sur Google News <\/a><\/p>\n","protected":false},"excerpt":{"rendered":"Les rumeurs sur une possible relation entre Winter d\u2019aespa et Jungkook de BTS ont repris apr\u00e8s la diffusion&hellip;\n","protected":false},"author":2,"featured_media":631912,"comment_status":"","ping_status":"","sticky":false,"template":"","format":"standard","meta":{"footnotes":""},"categories":[1355],"tags":[58,59,1011,27,1361,873],"class_list":{"0":"post-631911","1":"post","2":"type-post","3":"status-publish","4":"format-standard","5":"has-post-thumbnail","7":"category-musique","8":"tag-divertissement","9":"tag-entertainment","10":"tag-fr","11":"tag-france","12":"tag-music","13":"tag-musique"},"share_on_mastodon":{"url":"https:\/\/pubeurope.com\/@fr\/115813783119551753","error":""},"_links":{"self":[{"href":"https:\/\/www.europesays.com\/fr\/wp-json\/wp\/v2\/posts\/631911","targetHints":{"allow":["GET"]}}],"collection":[{"href":"https:\/\/www.europesays.com\/fr\/wp-json\/wp\/v2\/posts"}],"about":[{"href":"https:\/\/www.europesays.com\/fr\/wp-json\/wp\/v2\/types\/post"}],"author":[{"embeddable":true,"href":"https:\/\/www.europesays.com\/fr\/wp-json\/wp\/v2\/users\/2"}],"replies":[{"embeddable":true,"href":"https:\/\/www.europesays.com\/fr\/wp-json\/wp\/v2\/comments?post=631911"}],"version-history":[{"count":0,"href":"https:\/\/www.europesays.com\/fr\/wp-json\/wp\/v2\/posts\/631911\/revisions"}],"wp:featuredmedia":[{"embeddable":true,"href":"https:\/\/www.europesays.com\/fr\/wp-json\/wp\/v2\/media\/631912"}],"wp:attachment":[{"href":"https:\/\/www.europesays.com\/fr\/wp-json\/wp\/v2\/media?parent=631911"}],"wp:term":[{"taxonomy":"category","embeddable":true,"href":"https:\/\/www.europesays.com\/fr\/wp-json\/wp\/v2\/categories?post=631911"},{"taxonomy":"post_tag","embeddable":true,"href":"https:\/\/www.europesays.com\/fr\/wp-json\/wp\/v2\/tags?post=631911"}],"curies":[{"name":"wp","href":"https:\/\/api.w.org\/{rel}","templated":true}]}}