{"id":631913,"date":"2025-12-31T10:47:10","date_gmt":"2025-12-31T10:47:10","guid":{"rendered":"https:\/\/www.europesays.com\/fr\/631913\/"},"modified":"2025-12-31T10:47:10","modified_gmt":"2025-12-31T10:47:10","slug":"thor-joue-heros-et-pere-protecteur-dans-un-nouvel-extrait-davengers-doomsday","status":"publish","type":"post","link":"https:\/\/www.europesays.com\/fr\/631913\/","title":{"rendered":"Thor joue h\u00e9ros et p\u00e8re \u00ab\u00a0protecteur\u00a0\u00bb dans un nouvel extrait d\u2019Avengers\u00a0: Doomsday"},"content":{"rendered":"<p>\n    Le dieu du Tonnerre, r\u00e9put\u00e9 pour ses qualit\u00e9s de guerrier, adresse une pri\u00e8re \u00e0 son p\u00e8re Odin dans un nouveau teaser du prochain film Avengers partag\u00e9 par Marvel. Il semble se lancer dans son ultime bataille.<\/p>\n<p class=\"fig-paragraph\">Le compte \u00e0 rebours est lanc\u00e9. Apr\u00e8s la diffusion d\u2019un premier extrait\u00a0<a href=\"http:\/\/www.lefigaro.fr\/cinema\/le-premier-teaser-d-avengers-doomsday-annonce-le-retour-de-chris-evans-20251222\" data-fig-type=\"Article\" data-gtm-custom-categorie=\"navigation\" data-gtm-custom-action=\"crossclick\" data-gtm-custom-label=\"Contextuel\" data-gtm-event=\"customEventSPE\" data-fig-domain=\"LEFIGARO\" target=\"_blank\" rel=\"noopener\">mettant en sc\u00e8ne Chris Evans<\/a>, alias Captain America, la semaine pass\u00e9e, dans une campagne recul\u00e9e des \u00c9tats-Unis, Marvel a d\u00e9voil\u00e9 de nouvelles images de\u00a0<a href=\"http:\/\/www.lefigaro.fr\/cinema\/avengers-doomsday-tout-savoir-sur-le-futur-blockbuster-de-marvel-20251216\" data-fig-type=\"Article\" data-gtm-custom-categorie=\"navigation\" data-gtm-custom-action=\"crossclick\" data-gtm-custom-label=\"Contextuel\" data-gtm-event=\"customEventSPE\" data-fig-domain=\"LEFIGARO\" target=\"_blank\" rel=\"noopener\">son prochain blockbuster Avengers\u00a0: Doomsday<\/a>, en salles le 16 d\u00e9cembre 2026. Cette fois, les studios am\u00e9ricains ont mis l\u2019accent sur\u00a0<a href=\"https:\/\/www.lefigaro.fr\/mode-homme\/chris-hemsworth-star-au-parfum-20220909\" data-fig-type=\"Article\" data-gtm-custom-categorie=\"navigation\" data-gtm-custom-action=\"crossclick\" data-gtm-custom-label=\"Contextuel\" data-gtm-event=\"customEventSPE\" data-fig-domain=\"LEFIGARO\" target=\"_blank\" rel=\"noopener\">Chris Hemsworth<\/a>, interpr\u00e8te de Thor, h\u00e9ros du Marvel Cinematic Universe (MCU) depuis 2011. Le dieu du Tonnerre, reconduit pour une cinqui\u00e8me aventure au sein de la troupe des Avengers, semble adresser une pri\u00e8re \u00e0 son p\u00e8re Odin, d\u00e9c\u00e9d\u00e9 dans\u00a0<a href=\"https:\/\/www.lefigaro.fr\/cinema\/2017\/10\/25\/03002-20171025ARTFIG00211--thor-ragnarok-un-film-completement-marteau-qui-a-amuse-les-critiques.php\" data-fig-type=\"Article\" data-gtm-custom-categorie=\"navigation\" data-gtm-custom-action=\"crossclick\" data-gtm-custom-label=\"Contextuel\" data-gtm-event=\"customEventSPE\" data-fig-domain=\"LEFIGARO\" target=\"_blank\" rel=\"noopener\">Ragnarok<\/a> \u00a0en 2017.<\/p>\n<p class=\"fig-paragraph\">\u00ab\u00a0Toute ma vie, j\u2019ai r\u00e9pondu aux appels de l\u2019honneur, du devoir, du combat, mais le destin m\u2019a offert une chose que je n\u2019avais jamais esp\u00e9r\u00e9e, une enfant, une vie pr\u00e9serv\u00e9e de la temp\u00eate, explique Thor, d\u2019un ton solennel, dans ce court extrait d\u2019une minute trente. Accorde-moi la force des p\u00e8res de toute chose pour pouvoir me battre une fois de plus, d\u00e9faire un nouvel ennemi et retourner aupr\u00e8s d\u2019elle, pas comme un guerrier, mais comme un protecteur. Qu\u2019elle ne connaisse pas la guerre, mais la qui\u00e9tude. Celle que je n\u2019ai jamais connue.\u00a0\u00bb\u00a0<\/p>\n<p>                                            <a class=\"fig-a11y-skip\" href=\"#fig-a11y-skip-main-inarticle\" data-module=\"a11y-skip\" data-context=\"was @visible\"><br \/>\n    Passer la publicit\u00e9<br \/>\n<\/a>            <\/p>\n<p class=\"fig-paragraph\">Le dieu nordique et ancien roi d\u2019Asgard se pr\u00e9pare \u00e0 mener ce qui semble \u00eatre l\u2019ultime bataille de sa vie, probablement contre le Dr Doom, grand m\u00e9chant des deux prochains volets des Avengers incarn\u00e9 par\u00a0<a href=\"http:\/\/www.lefigaro.fr\/culture\/j-aime-jouer-des-personnages-complexes-au-comic-con-robert-downey-jr-annonce-son-retour-chez-marvel-20240728\" data-fig-type=\"NewsFlash\" data-gtm-custom-categorie=\"navigation\" data-gtm-custom-action=\"crossclick\" data-gtm-custom-label=\"Contextuel\" data-gtm-event=\"customEventSPE\" data-fig-domain=\"LEFIGARO\" target=\"_blank\" rel=\"noopener\">Robert Downey Jr.\u00a0<\/a>Tout comme Chris Evans dans l\u2019extrait partag\u00e9 le 23 d\u00e9cembre par Marvel, le h\u00e9ros joue les \u00ab\u00a0papas poules\u00a0\u00bb en d\u00e9diant ce nouveau combat \u00e0 sa fille adoptive Love, aper\u00e7ue pour la premi\u00e8re fois dans le MCU dans\u00a0<a href=\"https:\/\/www.lefigaro.fr\/cinema\/notre-critique-de-thor-love-and-thunder-taika-waititi-a-thor-et-a-raison-20220712\" data-fig-type=\"Article\" data-gtm-custom-categorie=\"navigation\" data-gtm-custom-action=\"crossclick\" data-gtm-custom-label=\"Contextuel\" data-gtm-event=\"customEventSPE\" data-fig-domain=\"LEFIGARO\" target=\"_blank\" rel=\"noopener\">Thor\u00a0: Love and Thunder<\/a> . Il s\u2019en d\u00e9gage une forme d\u2019humanit\u00e9 et de sensibilit\u00e9 qui avait souvent manqu\u00e9 au personnage de Thor, grand guerrier \u00e0 la voix rauque.<\/p>\n<p>                                            Deux extraits et une bande-annonce \u00e0 venir<\/p>\n<p class=\"fig-paragraph\">Les fans de la saga Avengers pourront aussi noter l\u2019apparence de Chris Hemsworth qui, comme dans l\u2019\u00e9pisode\u00a0<a href=\"https:\/\/www.lefigaro.fr\/cinema\/2018\/04\/30\/03002-20180430ARTFIG00124-avec-infinity-war-les-avengers-realisent-le-meilleur-demarrage-de-l-histoire-du-cinema.php\" data-fig-type=\"Article\" data-gtm-custom-categorie=\"navigation\" data-gtm-custom-action=\"crossclick\" data-gtm-custom-label=\"Contextuel\" data-gtm-event=\"customEventSPE\" data-fig-domain=\"LEFIGARO\" target=\"_blank\" rel=\"noopener\">Infinity War<\/a> \u00a0en 2018, a ras\u00e9 ses longs cheveux blonds. Peut-\u00eatre redoute-t-il autant le Dr Doom que Thanos\u00a0?\u00a0Thor manie aussi le \u00ab\u00a0Stormbreaker\u00a0\u00bb, son arme forg\u00e9e dans\u00a0<a href=\"http:\/\/www.lefigaro.fr\/cinema\/dossier\/avengers-infinity-wars\" data-fig-type=\"Topic\" data-gtm-custom-categorie=\"navigation\" data-gtm-custom-action=\"crossclick\" data-gtm-custom-label=\"Contextuel\" data-gtm-event=\"customEventSPE\" data-fig-domain=\"LEFIGARO\" target=\"_blank\" rel=\"noopener\">Endgame<\/a> . Car son embl\u00e9matique marteau, le \u00ab\u00a0Mjollnir\u00a0\u00bb, a \u00e9t\u00e9 laiss\u00e9 dans le pass\u00e9 au moment o\u00f9 Captain America est all\u00e9 remettre les pierres d\u2019infinit\u00e9 \u00e0 leur place \u00e0 l\u2019issue du dernier volet des Avengers en 2019.<\/p>\n<p class=\"fig-body-link\">\n            \u00c0 lire aussi<br \/>\n        <a class=\"fig-body-link__link\" href=\"http:\/\/www.lefigaro.fr\/cinema\/tom-holland-tom-hiddleston-florence-pugh-les-visages-qui-doivent-incarner-le-renouveau-de-marvel-20250718\" target=\"_blank\" data-fig-type=\"Article\" rel=\"noopener\" data-gtm-custom-categorie=\"navigation\" data-gtm-custom-action=\"crossclick\" data-gtm-custom-label=\"Contextuel\" data-gtm-event=\"customEventSPE\" data-fig-domain=\"LEFIGARO\"><\/p>\n<p>        Tom Holland, Tom Hiddleston, Florence Pugh&#8230; Les visages qui doivent incarner le renouveau de Marvel<br \/>\n    <\/a>\n<\/p>\n<p class=\"fig-paragraph\">Si Marvel garde ce rythme de publication, de nouvelles images de Doomsday devraient \u00eatre diffus\u00e9es dans les salles de cin\u00e9ma avant les projections d\u2019<a href=\"http:\/\/www.lefigaro.fr\/cinema\/attention-embargo-notre-critique-d-avatar-de-feu-et-de-cendres-james-cameron-met-le-feu-a-son-univers-20251216\" data-fig-type=\"Article\" data-gtm-custom-categorie=\"navigation\" data-gtm-custom-action=\"crossclick\" data-gtm-custom-label=\"Contextuel\" data-gtm-event=\"customEventSPE\" data-fig-domain=\"LEFIGARO\" target=\"_blank\" rel=\"noopener\">Avatar\u00a0: De feu et de cendres\u00a0<\/a>le mardi 6 janvier. Les observateurs tablent sur un extrait autour des X-Men qui feront leurs premiers pas dans le MCU dans les deux prochains films Avengers. Marvel devrait ensuite partager un teaser autour de Dr Doom la semaine suivante. Et des rumeurs indiquent qu\u2019une bande-annonce d\u2019une minute trente sera diffus\u00e9e dans les prochaines semaines.<\/p>\n","protected":false},"excerpt":{"rendered":"Le dieu du Tonnerre, r\u00e9put\u00e9 pour ses qualit\u00e9s de guerrier, adresse une pri\u00e8re \u00e0 son p\u00e8re Odin dans&hellip;\n","protected":false},"author":2,"featured_media":631914,"comment_status":"","ping_status":"","sticky":false,"template":"","format":"standard","meta":{"footnotes":""},"categories":[1354],"tags":[11320,68631,58,59,1346,1011,27,2135,1360],"class_list":{"0":"post-631913","1":"post","2":"type-post","3":"status-publish","4":"format-standard","5":"has-post-thumbnail","7":"category-films","8":"tag-avengers","9":"tag-chris-hemsworth","10":"tag-divertissement","11":"tag-entertainment","12":"tag-films","13":"tag-fr","14":"tag-france","15":"tag-marvel","16":"tag-movies"},"share_on_mastodon":{"url":"https:\/\/pubeurope.com\/@fr\/115813786819333819","error":""},"_links":{"self":[{"href":"https:\/\/www.europesays.com\/fr\/wp-json\/wp\/v2\/posts\/631913","targetHints":{"allow":["GET"]}}],"collection":[{"href":"https:\/\/www.europesays.com\/fr\/wp-json\/wp\/v2\/posts"}],"about":[{"href":"https:\/\/www.europesays.com\/fr\/wp-json\/wp\/v2\/types\/post"}],"author":[{"embeddable":true,"href":"https:\/\/www.europesays.com\/fr\/wp-json\/wp\/v2\/users\/2"}],"replies":[{"embeddable":true,"href":"https:\/\/www.europesays.com\/fr\/wp-json\/wp\/v2\/comments?post=631913"}],"version-history":[{"count":0,"href":"https:\/\/www.europesays.com\/fr\/wp-json\/wp\/v2\/posts\/631913\/revisions"}],"wp:featuredmedia":[{"embeddable":true,"href":"https:\/\/www.europesays.com\/fr\/wp-json\/wp\/v2\/media\/631914"}],"wp:attachment":[{"href":"https:\/\/www.europesays.com\/fr\/wp-json\/wp\/v2\/media?parent=631913"}],"wp:term":[{"taxonomy":"category","embeddable":true,"href":"https:\/\/www.europesays.com\/fr\/wp-json\/wp\/v2\/categories?post=631913"},{"taxonomy":"post_tag","embeddable":true,"href":"https:\/\/www.europesays.com\/fr\/wp-json\/wp\/v2\/tags?post=631913"}],"curies":[{"name":"wp","href":"https:\/\/api.w.org\/{rel}","templated":true}]}}