{"id":631915,"date":"2025-12-31T10:48:12","date_gmt":"2025-12-31T10:48:12","guid":{"rendered":"https:\/\/www.europesays.com\/fr\/631915\/"},"modified":"2025-12-31T10:48:12","modified_gmt":"2025-12-31T10:48:12","slug":"luxembourg-la-grippe-frappe-fort-le-dr-diederich-appelle-a-la-vigilance","status":"publish","type":"post","link":"https:\/\/www.europesays.com\/fr\/631915\/","title":{"rendered":"Luxembourg: la grippe frappe fort, le Dr. Diederich appelle \u00e0 la vigilance"},"content":{"rendered":"<p>Publi\u00e931. d\u00e9cembre 2025, 07:55<\/p>\n<p>Au Luxembourg: \u00abMalade pendant deux semaines\u00bb: la grippe fait des ravages<\/p>\n<p>L&rsquo;\u00e9pid\u00e9mie de grippe se propage au Luxembourg. L&rsquo;essentiel fait le point avec un m\u00e9decin g\u00e9n\u00e9raliste.<\/p>\n<p><img decoding=\"async\" alt=\"Thomas Holzer\" src=\"https:\/\/www.europesays.com\/fr\/wp-content\/uploads\/2025\/12\/268f2472-04c2-475e-bd10-16c0ac9aec01.jpeg\" class=\"sc-b1f21c84-1 juVSAe\"\/><img loading=\"lazy\" decoding=\"async\" src=\"https:\/\/www.europesays.com\/fr\/wp-content\/uploads\/2025\/12\/8ef6e875-ec19-45fe-ad4f-9d7146de3a18.jpg\" alt=\"La grippe se r\u00e9v\u00e8le particuli\u00e8rement contagieuse cette ann\u00e9e.\" title=\"La grippe se r\u00e9v\u00e8le particuli\u00e8rement contagieuse cette ann\u00e9e.\"  width=\"1200\" height=\"800\"\/><\/p>\n<p>La grippe se r\u00e9v\u00e8le particuli\u00e8rement contagieuse cette ann\u00e9e.<\/p>\n<p>iStock<\/p>\n<p>Qui n&rsquo;a pas dans son entourage une personne qui a r\u00e9cemment contract\u00e9 la grippe? Lanc\u00e9e depuis quelques semaines, l&rsquo;\u00e9pid\u00e9mie se propage \u00e0 vitesse grand V au Luxembourg, comme le constate le Dr. S\u00e9bastien Diederich, m\u00e9decin g\u00e9n\u00e9raliste \u00e0 Schifflange: \u00abDifficile de dire si le pic a \u00e9t\u00e9 atteint, mais je vois beaucoup de patients avec des sympt\u00f4mes grippaux\u00bb, explique-t-il \u00e0 L&rsquo;essentiel. M\u00eame constat aux urgences, o\u00f9 les cas de personnes en souffrance se multiplient.<\/p>\n<p>Car le virus se veut f\u00e9roce fin 2025. Si sa propagation \u00e0 cette p\u00e9riode de l&rsquo;ann\u00e9e n&rsquo;a rien d&rsquo;exceptionnel, les sympt\u00f4mes se r\u00e9v\u00e8lent particuli\u00e8rement prononc\u00e9s pour certaines personnes. \u00abJ&rsquo;en sais quelque chose, j&rsquo;ai \u00e9t\u00e9 malade pendant deux semaines\u00bb, confie le Dr. Diederich, qui rappelle les risques pour les personnes immunod\u00e9prim\u00e9es et les seniors. Chaque ann\u00e9e, plusieurs dizaines de personnes meurent de complications suivant une grippe.<\/p>\n<blockquote class=\"Quote_quote__uexDU Quote_siteAreaNews__9_7Qz\">\n<p class=\"Quote_quoteText__6G6oY\">\u00ab\u00c9viter d&rsquo;aller au travail en cas de fi\u00e8vre\u00bb<\/p>\n<\/blockquote>\n<p>Le Dr. S\u00e9bastien Diederich, m\u00e9decin g\u00e9n\u00e9raliste<\/p>\n<p>D&rsquo;o\u00f9 l&rsquo;importance pour l&rsquo;ensemble de la population de suivre les gestes barri\u00e8res en cas de sympt\u00f4mes grippaux. \u00abC&rsquo;est un peu comme le Covid. Lorsqu&rsquo;on est malade, mieux vaut porter le masque, \u00e9viter les transports publics et ne pas aller au travail en cas de fi\u00e8vre\u00bb, explique le m\u00e9decin. Le pic de contagion intervient trois ou quatre jours apr\u00e8s les premiers signes de la maladie, avant de diminuer de mani\u00e8re progressive.<\/p>\n<p>\u00abPlus que la m\u00e9t\u00e9o, c&rsquo;est surtout le fait de se rassembler \u00e0 plusieurs pendant les f\u00eates dans des pi\u00e8ces peu a\u00e9r\u00e9es, qui favorise la transmission du virus\u00bb, indique le m\u00e9decin.<\/p>\n<p>Le vaccin aussi recommand\u00e9 pour les enfants et ados<\/p>\n<p>Bien que r\u00e9current, les r\u00e9sidents n&rsquo;en prennent pas moins au s\u00e9rieux le virus de la grippe, constate le professionnel: \u00abIls le connaissent bien, mais ils n&rsquo;h\u00e9sitent pas \u00e0 consulter. Beaucoup se sont \u00e9galement fait vacciner avant\u00bb. Les campagnes successives du minist\u00e8re de la Sant\u00e9 semblent avoir port\u00e9 leurs fruits. Le vaccin est \u00abvivement recommand\u00e9\u00bb pour les personnes \u00e0 risque, leurs aidants mais \u00e9galement pour certains professionnels (soignants, employ\u00e9s de foyers, de maisons de retraite et de cr\u00e8ches, enseignants et chauffeurs de bus).<\/p>\n<p>Nouveaut\u00e9 cette ann\u00e9e, la direction de la Sant\u00e9 conseille \u00e9galement aux enfants et adolescents \u00e2g\u00e9s de 2 \u00e0 17 ans de se faire vacciner \u00abafin de diminuer la fr\u00e9quence des infections dans cette cat\u00e9gorie d&rsquo;\u00e2ge, leurs complications et la transmission du virus \u00e0 des populations vuln\u00e9rables\u00bb. Pour eux, le vaccin est \u00e9galement gratuit.<\/p>\n<p>Selon la derni\u00e8re r\u00e9trospective fournie par le minist\u00e8re de la Sant\u00e9, 639 cas ont \u00e9t\u00e9 enregistr\u00e9s entre le 15 et le 21 d\u00e9cembre, soit une hausse de 2% par rapport \u00e0 la semaine pr\u00e9c\u00e9dente. Des chiffres qui ne refl\u00e8tent pas le nombre r\u00e9el d&rsquo;infections puisque tous les malades n&rsquo;ont pas \u00e9t\u00e9 test\u00e9s. Le prochain bilan sera publi\u00e9 vendredi.<\/p>\n<p>Curieux de d\u00e9couvrir qui fait l&rsquo;actu \u00e0 L&rsquo;essentiel? Rejoins-nous sur le r\u00e9seau business n\u00b0 1 au Luxembourg!<\/p>\n","protected":false},"excerpt":{"rendered":"Publi\u00e931. d\u00e9cembre 2025, 07:55 Au Luxembourg: \u00abMalade pendant deux semaines\u00bb: la grippe fait des ravages L&rsquo;\u00e9pid\u00e9mie de grippe&hellip;\n","protected":false},"author":2,"featured_media":631916,"comment_status":"","ping_status":"","sticky":false,"template":"","format":"standard","meta":{"footnotes":""},"categories":[10],"tags":[1011,27,72,71],"class_list":{"0":"post-631915","1":"post","2":"type-post","3":"status-publish","4":"format-standard","5":"has-post-thumbnail","7":"category-sante","8":"tag-fr","9":"tag-france","10":"tag-health","11":"tag-sante"},"share_on_mastodon":{"url":"https:\/\/pubeurope.com\/@fr\/115813790934596872","error":""},"_links":{"self":[{"href":"https:\/\/www.europesays.com\/fr\/wp-json\/wp\/v2\/posts\/631915","targetHints":{"allow":["GET"]}}],"collection":[{"href":"https:\/\/www.europesays.com\/fr\/wp-json\/wp\/v2\/posts"}],"about":[{"href":"https:\/\/www.europesays.com\/fr\/wp-json\/wp\/v2\/types\/post"}],"author":[{"embeddable":true,"href":"https:\/\/www.europesays.com\/fr\/wp-json\/wp\/v2\/users\/2"}],"replies":[{"embeddable":true,"href":"https:\/\/www.europesays.com\/fr\/wp-json\/wp\/v2\/comments?post=631915"}],"version-history":[{"count":0,"href":"https:\/\/www.europesays.com\/fr\/wp-json\/wp\/v2\/posts\/631915\/revisions"}],"wp:featuredmedia":[{"embeddable":true,"href":"https:\/\/www.europesays.com\/fr\/wp-json\/wp\/v2\/media\/631916"}],"wp:attachment":[{"href":"https:\/\/www.europesays.com\/fr\/wp-json\/wp\/v2\/media?parent=631915"}],"wp:term":[{"taxonomy":"category","embeddable":true,"href":"https:\/\/www.europesays.com\/fr\/wp-json\/wp\/v2\/categories?post=631915"},{"taxonomy":"post_tag","embeddable":true,"href":"https:\/\/www.europesays.com\/fr\/wp-json\/wp\/v2\/tags?post=631915"}],"curies":[{"name":"wp","href":"https:\/\/api.w.org\/{rel}","templated":true}]}}