{"id":631924,"date":"2025-12-31T10:53:13","date_gmt":"2025-12-31T10:53:13","guid":{"rendered":"https:\/\/www.europesays.com\/fr\/631924\/"},"modified":"2025-12-31T10:53:13","modified_gmt":"2025-12-31T10:53:13","slug":"un-jour-sans-fin-leconomie-francaise-sera-t-elle-aussi-moribonde-en-2026-quen-2025","status":"publish","type":"post","link":"https:\/\/www.europesays.com\/fr\/631924\/","title":{"rendered":"Un jour sans fin\u2026 L\u2019\u00e9conomie fran\u00e7aise sera-t-elle aussi moribonde en\u00a02026 qu\u2019en\u00a02025\u00a0?"},"content":{"rendered":"<p><a href=\"https:\/\/www.20minutes.fr\/economie\/croissance\/\" class=\"c-link c-link--is-underlined\" target=\"_blank\" rel=\"noopener\">Croissance<\/a> moribonde, <a href=\"https:\/\/www.20minutes.fr\/economie\/deficit\/\" class=\"c-link c-link--is-underlined\" target=\"_blank\" rel=\"noopener\">d\u00e9ficit<\/a> explosif, <a href=\"https:\/\/www.20minutes.fr\/dossier\/chomage\" class=\"c-link c-link--is-underlined\" target=\"_blank\" rel=\"noopener\">ch\u00f4mage<\/a> qui remonte l\u00e9g\u00e8rement, dette au plafond\u2026 Il \u00e9tait grand temps que 2025 se termine pour l\u2019<a href=\"https:\/\/www.20minutes.fr\/economie\/\" class=\"c-link c-link--is-underlined\" target=\"_blank\" rel=\"noopener\">\u00e9conomie<\/a> fran\u00e7aise. Mais \u00e0 l\u2019approche de la nouvelle ann\u00e9e, rien n\u2019indique que 2026 soit vraiment plus r\u00e9jouissante. \u00ab\u00a0La tendance centrale veut que ce soit une 2025 bis\u00a0\u00bb, avertit l\u2019\u00e9conomiste Sylvain Bersinger. La croissance devrait tourner encore autour des 1\u00a0%, l\u00e9g\u00e8rement en hausse par rapport \u00e0\u00a02025, mais \u00ab\u00a0toujours molle et accompagn\u00e9e d\u2019une dynamique poussive\u00a0\u00bb. Quoi qu\u2019il en soit, elle devrait \u00eatre bien insuffisante pour r\u00e9gler le d\u00e9ficit, qui jouera encore des maux de t\u00eate au pays. L\u2019expert proph\u00e9tise\u00a0: \u00ab\u00a0Tout comme le th\u00e8me des derni\u00e8res ann\u00e9es \u00e9tait l\u2019inflation, ou avant cela le ch\u00f4mage, le d\u00e9ficit va devenir la principale contrainte \u00e9conomique de notre \u00e9poque.\u00a0\u00bb<\/p>\n<p>Croissance molle, d\u00e9ficit inqui\u00e9tant\u2026 La France est-elle condamn\u00e9e \u00e0 revivre un jour sans fin\u00a0? Le sc\u00e9nario est d\u2019autant plus probable s\u2019il n\u2019y a pas de Budget en\u00a02026 &#8211; et le sc\u00e9nario politique en prend le chemin. Derni\u00e8res tentatives en janvier pour <a href=\"https:\/\/www.20minutes.fr\/politique\/sebastien-lecornu\/\" class=\"c-link c-link--is-underlined\" target=\"_blank\" rel=\"noopener\">S\u00e9bastien Lecornu<\/a> et ses troupes de faire \u00e9merger un texte au Parlement. Sans nouveau budget, difficile d\u2019imaginer de grands bouleversements. \u00ab\u00a0En reprenant les m\u00eames recettes, on obtient le m\u00eame r\u00e9sultat\u00a0\u00bb, image St\u00e9phanie Villers, macro-\u00e9conomiste sp\u00e9cialiste en pr\u00e9vision \u00e0 PwC France.<\/p>\n<p>Un peu d\u2019espoir tout de m\u00eame<\/p>\n<p>Pourtant, quelques motifs d\u2019espoir apparaissent pour \u00e9viter de se la jouer \u00e0 la Bill Murray. A commencer par <a href=\"https:\/\/www.20minutes.fr\/economie\/4145093-20250324-ue-mega-plan-relance-allemand-500-milliards-catastrophe-benediction-economie-francaise\" class=\"c-link c-link--is-underlined\" target=\"_blank\" rel=\"noopener\">le m\u00e9ga-plan de relance allemand<\/a>, qui devrait voir les premiers effets en\u00a02026 avec 120\u00a0milliards inject\u00e9s directement dans l\u2019\u00e9conomie germanique. Un \u00ab\u00a0bazooka\u00a0\u00bb comme le pr\u00e9sente <a href=\"https:\/\/www.20minutes.fr\/dossier\/berlin\" class=\"c-link c-link--is-underlined\" target=\"_blank\" rel=\"noopener\">Berlin<\/a>, afin de booster la croissance de l\u2019<a href=\"https:\/\/www.20minutes.fr\/dossier\/allemagne\" class=\"c-link c-link--is-underlined\" target=\"_blank\" rel=\"noopener\">Allemagne<\/a>, mais \u00e9galement celle de toute l\u2019Union europ\u00e9enne, explique Philippe Crevel, \u00e9conomiste et directeur du Cercle de l\u2019Epargne. Et \u00e0 ce petit jeu, c\u2019est la France, premier partenaire commercial, qui en r\u00e9colterait le plus de fruits.<\/p>\n<p>Autre signe d\u2019espoir, la <a href=\"https:\/\/www.20minutes.fr\/dossier\/consommation_des_menages\" class=\"c-link c-link--is-underlined\" target=\"_blank\" rel=\"noopener\">consommation<\/a> des m\u00e9nages, indispensable \u00e0 une bonne croissance et \u00e0 une \u00e9conomie sereine, montre depuis quelques mois des fr\u00e9missements de reprise. 2026 pourrait confirmer cette tendance, avec une g\u00e9opolitique mondiale un peu plus stable. La paix en Ukraine l\u2019ann\u00e9e prochaine devient de plus en plus probable, tant les deux camps sont dans une impasse guerri\u00e8re. <a href=\"https:\/\/www.20minutes.fr\/dossier\/donald_trump\" class=\"c-link c-link--is-underlined\" target=\"_blank\" rel=\"noopener\">Donald Trump<\/a>, lui, \u00ab\u00a0fera peut-\u00eatre moins de folies \u00e0 l\u2019internationale qu\u2019en\u00a02025, occup\u00e9 par les midterms\u00a0\u00bb, esp\u00e8re Philippe Crevel.<\/p>\n<\/p>\n<p>De quoi rassurer un temps les m\u00e9nages sur l\u2019incertitude du monde. Or, moins les citoyens sont inquiets, plus ils ont tendance \u00e0 consommer. Et apr\u00e8s des ann\u00e9es de sur-\u00e9pargne, les Fran\u00e7ais sont peut-\u00eatre enfin pr\u00eats \u00e0 casser la tirelire, poursuit St\u00e9phanie Villers\u00a0: \u00ab\u00a0L\u2019inflation est derri\u00e8re nous, l\u2019incertitude politique est encore l\u00e0, mais ne pr\u00e9sente que peu de menaces jusqu\u2019\u00e0\u00a02027\u2026 La situation est objectivement bonne pour une reprise de la consommation.\u00a0\u00bb Plus qu\u2019\u00e0 s\u2019y mettre.<\/p>\n<p>Le monde, lui, n\u2019attend pas<\/p>\n<p>Il en va de m\u00eame pour les <a href=\"https:\/\/www.20minutes.fr\/dossier\/entreprise\" class=\"c-link c-link--is-underlined\" target=\"_blank\" rel=\"noopener\">entreprises<\/a>, qui apr\u00e8s avoir patient\u00e9 les deux premiers trimestres\u00a02025, ont progressivement relanc\u00e9 leurs investissements au T3. Vont-elles continuer toute l\u2019ann\u00e9e\u00a02026, sortant la croissance du marasme\u00a0? Difficile \u00e0 pr\u00e9voir. Car tout comme votre ann\u00e9e\u00a02026 ressemblera que peu \u00e0 ce que vous avez pr\u00e9vu, la vie reste pleine d\u2019incertitudes pour l\u2019\u00e9conomie fran\u00e7aise, reconna\u00eet Sylvain Bersinger. \u00ab\u00a0Les chocs, positifs ou n\u00e9gatifs, sont rarement pr\u00e9visibles, et rien ne reste longtemps fig\u00e9. Qui aurait pu pr\u00e9voir le Covid ou la guerre en Ukraine\u00a0?\u00a0\u00bb.<\/p>\n<p>Reste que la France a int\u00e9r\u00eat \u00e0 sortir de sa l\u00e9thargie. Le monde, lui, n\u2019attend pas, alerte l\u2019experte\u00a0: \u00ab\u00a0Les enjeux actuels sont \u00e9normes, notamment sur la relance et la d\u00e9fense europ\u00e9enne. Le risque d\u2019une ann\u00e9e\u00a02025 bis, ce n\u2019est pas tant le d\u00e9ficit ou la dette, qui devraient ne pas \u00eatre catastrophiques, mais de manquer ce rendez-vous \u00e9conomique avec l\u2019histoire.\u00a0\u00bb<\/p>\n","protected":false},"excerpt":{"rendered":"Croissance moribonde, d\u00e9ficit explosif, ch\u00f4mage qui remonte l\u00e9g\u00e8rement, dette au plafond\u2026 Il \u00e9tait grand temps que 2025 se&hellip;\n","protected":false},"author":2,"featured_media":631925,"comment_status":"","ping_status":"","sticky":false,"template":"","format":"standard","meta":{"footnotes":""},"categories":[5],"tags":[11,672,1003,8410,10259,75,33,73,1011,3844,27,14,74,12,11067,28],"class_list":{"0":"post-631924","1":"post","2":"type-post","3":"status-publish","4":"format-standard","5":"has-post-thumbnail","7":"category-international","8":"tag-actualites","9":"tag-allemagne","10":"tag-budget","11":"tag-croissance-economique","12":"tag-deficit","13":"tag-donald-trump","14":"tag-economie","15":"tag-etats-unis","16":"tag-fr","17":"tag-francais","18":"tag-france","19":"tag-international","20":"tag-monde","21":"tag-news","22":"tag-sebastien-lecornu","23":"tag-world"},"share_on_mastodon":{"url":"https:\/\/pubeurope.com\/@fr\/115813810447395272","error":""},"_links":{"self":[{"href":"https:\/\/www.europesays.com\/fr\/wp-json\/wp\/v2\/posts\/631924","targetHints":{"allow":["GET"]}}],"collection":[{"href":"https:\/\/www.europesays.com\/fr\/wp-json\/wp\/v2\/posts"}],"about":[{"href":"https:\/\/www.europesays.com\/fr\/wp-json\/wp\/v2\/types\/post"}],"author":[{"embeddable":true,"href":"https:\/\/www.europesays.com\/fr\/wp-json\/wp\/v2\/users\/2"}],"replies":[{"embeddable":true,"href":"https:\/\/www.europesays.com\/fr\/wp-json\/wp\/v2\/comments?post=631924"}],"version-history":[{"count":0,"href":"https:\/\/www.europesays.com\/fr\/wp-json\/wp\/v2\/posts\/631924\/revisions"}],"wp:featuredmedia":[{"embeddable":true,"href":"https:\/\/www.europesays.com\/fr\/wp-json\/wp\/v2\/media\/631925"}],"wp:attachment":[{"href":"https:\/\/www.europesays.com\/fr\/wp-json\/wp\/v2\/media?parent=631924"}],"wp:term":[{"taxonomy":"category","embeddable":true,"href":"https:\/\/www.europesays.com\/fr\/wp-json\/wp\/v2\/categories?post=631924"},{"taxonomy":"post_tag","embeddable":true,"href":"https:\/\/www.europesays.com\/fr\/wp-json\/wp\/v2\/tags?post=631924"}],"curies":[{"name":"wp","href":"https:\/\/api.w.org\/{rel}","templated":true}]}}