{"id":631931,"date":"2025-12-31T10:59:09","date_gmt":"2025-12-31T10:59:09","guid":{"rendered":"https:\/\/www.europesays.com\/fr\/631931\/"},"modified":"2025-12-31T10:59:09","modified_gmt":"2025-12-31T10:59:09","slug":"les-parcs-et-jardins-de-nancy-vont-fermer-plus-tot-ce-31-decembre-voici-les-horaires","status":"publish","type":"post","link":"https:\/\/www.europesays.com\/fr\/631931\/","title":{"rendered":"les parcs et jardins de Nancy vont fermer plus t\u00f4t ce 31 d\u00e9cembre, voici les horaires"},"content":{"rendered":"<p>                    Par<br \/>\n        <strong><br \/>\n            <a href=\"https:\/\/actu.fr\/auteur\/pierre-emile-bouchy-actu-fr\" title=\"Consulter tous les articles de Paul-Emile Bouchy\" target=\"_blank\" rel=\"noopener\">Paul-Emile Bouchy<\/a><br \/>\n                    <\/strong><\/p>\n<p>        Publi\u00e9 le<\/p>\n<p>            31 d\u00e9c. 2025 \u00e0 10h02        <\/p>\n<p>Ne tardez pas si vous voulez profiter une derni\u00e8re fois en 2025<strong> des parcs et des jardins<\/strong> de la ville de <a href=\"https:\/\/actu.fr\/grand-est\/nancy_54395\" target=\"_blank\" rel=\"noopener\">Nancy<\/a>\u2009! En raison du r\u00e9veillon du <a href=\"https:\/\/actu.fr\/societe\/nouvel-an-qui-est-saint-sylvestre-que-l-on-celebre-ce-mercredi-31-decembre_63633411.html\" target=\"_blank\" rel=\"noopener\">Nouvel An<\/a>, <strong>la Ville a choisi de les fermer plus t\u00f4t ce mercredi 31\u00a0d\u00e9cembre<\/strong>.<\/p>\n<p class=\" wall-content\">On vous indique les horaires de fermeture.<\/p>\n<p>Des parcs ferm\u00e9s d\u00e8s 16h30 \u00e0 Nancy<\/p>\n<p class=\" wall-content\">Habituellement ouverts jusqu\u2019\u00e0 20h pendant l\u2019hiver, le <a href=\"https:\/\/actu.fr\/tag\/parc-de-la-pepiniere\" target=\"_blank\" rel=\"noopener\">parc de la P\u00e9pini\u00e8re<\/a> et le <strong>parc Sainte-Marie vont fermer exceptionnellement \u00e0 18h<\/strong> ce mercredi.<\/p>\n<p class=\" wall-content\">Les autres parcs et jardins vont <strong>fermer progressivement \u00e0 partir de 16h30<\/strong>.<\/p>\n<p class=\" wall-content\">\u00c0 noter que <strong>la d\u00e9chetterie de Nancy ne sera ouverte que jusqu\u2019\u00e0 17h30<\/strong> aujourd\u2019hui et que <strong>toutes les d\u00e9chetteries de la M\u00e9tropole du Grand Nancy seront ferm\u00e9es jeudi 1er\u00a0janvier<\/strong>.<\/p>\n<p class=\" wall-content\">Personnalisez votre actualit\u00e9 en ajoutant vos villes et m\u00e9dias en favori avec <a href=\"https:\/\/moncompte.actu.fr\" title=\"D\u00e9couvez Mon Actu\" rel=\"nofollow noopener\" data-trk=\"{&quot;cta&quot;:{&quot;action&quot;:&quot;https:\\\/\\\/moncompte.actu.fr&quot;,&quot;category&quot;:&quot;mon compte&quot;,&quot;from&quot;:&quot;article footer&quot;,&quot;name&quot;:&quot;Mon actu&quot;,&quot;type&quot;:&quot;cta&quot;}}\" target=\"_blank\">Mon Actu<\/a>.<\/p>\n","protected":false},"excerpt":{"rendered":"Par Paul-Emile Bouchy Publi\u00e9 le 31 d\u00e9c. 2025 \u00e0 10h02 Ne tardez pas si vous voulez profiter une&hellip;\n","protected":false},"author":2,"featured_media":212578,"comment_status":"","ping_status":"","sticky":false,"template":"","format":"standard","meta":{"footnotes":""},"categories":[9635],"tags":[1111,11,1777,674,1011,27,775,1702,12,11014,25,104],"class_list":{"0":"post-631931","1":"post","2":"type-post","3":"status-publish","4":"format-standard","5":"has-post-thumbnail","7":"category-nancy","8":"tag-actu","9":"tag-actualites","10":"tag-eu","11":"tag-europe","12":"tag-fr","13":"tag-france","14":"tag-grand-est","15":"tag-nancy","16":"tag-news","17":"tag-parc-de-la-pepiniere","18":"tag-republique-francaise","19":"tag-societe"},"share_on_mastodon":{"url":"https:\/\/pubeurope.com\/@fr\/115813834022250330","error":""},"_links":{"self":[{"href":"https:\/\/www.europesays.com\/fr\/wp-json\/wp\/v2\/posts\/631931","targetHints":{"allow":["GET"]}}],"collection":[{"href":"https:\/\/www.europesays.com\/fr\/wp-json\/wp\/v2\/posts"}],"about":[{"href":"https:\/\/www.europesays.com\/fr\/wp-json\/wp\/v2\/types\/post"}],"author":[{"embeddable":true,"href":"https:\/\/www.europesays.com\/fr\/wp-json\/wp\/v2\/users\/2"}],"replies":[{"embeddable":true,"href":"https:\/\/www.europesays.com\/fr\/wp-json\/wp\/v2\/comments?post=631931"}],"version-history":[{"count":0,"href":"https:\/\/www.europesays.com\/fr\/wp-json\/wp\/v2\/posts\/631931\/revisions"}],"wp:featuredmedia":[{"embeddable":true,"href":"https:\/\/www.europesays.com\/fr\/wp-json\/wp\/v2\/media\/212578"}],"wp:attachment":[{"href":"https:\/\/www.europesays.com\/fr\/wp-json\/wp\/v2\/media?parent=631931"}],"wp:term":[{"taxonomy":"category","embeddable":true,"href":"https:\/\/www.europesays.com\/fr\/wp-json\/wp\/v2\/categories?post=631931"},{"taxonomy":"post_tag","embeddable":true,"href":"https:\/\/www.europesays.com\/fr\/wp-json\/wp\/v2\/tags?post=631931"}],"curies":[{"name":"wp","href":"https:\/\/api.w.org\/{rel}","templated":true}]}}