{"id":631944,"date":"2025-12-31T11:07:11","date_gmt":"2025-12-31T11:07:11","guid":{"rendered":"https:\/\/www.europesays.com\/fr\/631944\/"},"modified":"2025-12-31T11:07:11","modified_gmt":"2025-12-31T11:07:11","slug":"dispositif-renforce-pour-la-nuit-de-la-saint-sylvestre","status":"publish","type":"post","link":"https:\/\/www.europesays.com\/fr\/631944\/","title":{"rendered":"dispositif renforc\u00e9 pour la nuit de la Saint-Sylvestre"},"content":{"rendered":"<p>Compte tenu du plan vigipirate, toujours au niveau \u00ab\u00a0urgence attentat\u00a0\u00bb, la pr\u00e9fecture de l\u2019Is\u00e8re a renforc\u00e9 le dispositif de secours et de s\u00e9curit\u00e9 pour que les festivit\u00e9s de cette Saint-Sylvestre se d\u00e9roulent sereinement.<\/p>\n<p>Selon nos informations, plus de 150 policiers is\u00e9rois \u2014 tous services confondus \u2014 sont engag\u00e9s\u00a0dans leur zone de comp\u00e9tence, dont une centaine sur la seule circonscription de police de Grenoble.<\/p>\n<p>Eux mais bien \u00e9videmment aussi les gendarmes et les sapeurs-pompiers \u00ab\u00a0seront pleinement mobilis\u00e9s \u00e0 partir du 31\u00a0d\u00e9cembre dans tout le d\u00e9partement pour garantir la s\u00e9curit\u00e9 de nos concitoyens, pr\u00e9venir les troubles \u00e0 l\u2019ordre public et porter secours aux personnes\u00a0\u00bb, a indiqu\u00e9 Catherine S\u00e9guin, la pr\u00e9f\u00e8te de l\u2019Is\u00e8re, dans un communiqu\u00e9\u00a0qui \u00e9num\u00e8re les mesures mises en place.<\/p>\n<p>Ce contenu est bloqu\u00e9 car vous n&rsquo;avez pas accept\u00e9 les cookies et autres traceurs.<\/p>\n<p>En cliquant sur \u00ab J\u2019accepte \u00bb, les cookies et autres traceurs seront d\u00e9pos\u00e9s et vous pourrez visualiser les contenus  (<a href=\"\" class=\"consentModule_policy\" target=\"_blank\" title=\"Consulter la politique de protection des donn\u00e9es du fournisseur\">plus d&rsquo;informations<\/a>).<\/p>\n<p>En cliquant sur \u00ab J\u2019accepte tous les cookies \u00bb, vous autorisez des d\u00e9p\u00f4ts de cookies et autres traceurs pour le stockage de vos donn\u00e9es sur nos sites et applications \u00e0 des fins de personnalisation et de ciblage publicitaire.<\/p>\n<p class=\"consentModule_secondaryText\">Vous gardez la possibilit\u00e9 de retirer votre consentement \u00e0 tout moment en consultant notre <a href=\"https:\/\/www.ledauphine.com\/protection-des-donnees\" target=\"_blank\" title=\"Consulter notre politique de protection des donn\u00e9es\" rel=\"noopener\">politique de protection des donn\u00e9es<\/a>. <br \/>&#13;<br \/>\n            <a href=\"https:\/\/www.ledauphine.com\/faits-divers-justice\/2025\/12\/31\/javascript:Didomi.notice.show()\" class=\"consentModule_cmp\" target=\"_blank\" rel=\"noopener\">G\u00e9rer mes choix<\/a>&#13;\n        <\/p>\n<p>&#13;<br \/>\n                        J&rsquo;accepte&#13;<br \/>\n            J&rsquo;accepte tous les cookies&#13;\n        <\/p>\n<p>  Ni alcool, ni arme, ni feux d\u2019artifice sur la voie publique<\/p>\n<p>Ainsi, \u00e0 partir de midi ce mercredi et jusqu\u2019\u00e0 8 heures jeudi, il est interdit sur l\u2019ensemble du d\u00e9partement de l\u2019Is\u00e8re,<\/p>\n<ul>\n<li>de consommer, d\u2019acheter et de vendre de l\u2019alcool sur la voie publique\u00a0;<\/li>\n<li>d\u2019acheter, de vendre, de c\u00e9der, de transporter, d\u2019avoir sur soi et d\u2019utiliser des fumig\u00e8nes et des feux d\u2019artifice sur la voie publique ou de les tirer depuis un lieu priv\u00e9 en direction de l\u2019espace public\u00a0;<\/li>\n<li>de transporter des combustibles corrosifs ainsi que des carburants \u00e0 emporter et des gaz inflammables\u00a0;<\/li>\n<li>de porter et de transporter une arme, quelle que soit sa cat\u00e9gorie, ainsi que des munitions et tout objet pouvant constituer une arme, sauf pour les personnes habilit\u00e9es dans l\u2019exercice de leur mission.<\/li>\n<\/ul>\n<p>  Des contr\u00f4les routiers renforc\u00e9s<\/p>\n<p>La pr\u00e9f\u00e8te annonce que les forces de s\u00e9curit\u00e9 int\u00e9rieure m\u00e8neront des contr\u00f4les cibl\u00e9s pour garantir le respect de ces mesures et incite par ailleurs \u00e0 la plus grande prudence sur les routes en rappelant qu\u2019en 2025, 41 personnes ont en effet perdu la vie en Is\u00e8re dans un accident provoqu\u00e9 majoritairement par la conduite en \u00e9tat d\u2019ivresse, la vitesse excessive ou inadapt\u00e9e, ou la prise de stup\u00e9fiants.<\/p>\n<p>\u00ab\u00a0Policiers et gendarmes renforceront les contr\u00f4les routiers tout au long de la nuit pour lutter contre l\u2019ins\u00e9curit\u00e9 routi\u00e8re\u00a0\u00bb, pr\u00e9vient-elle en remerciant les forces de s\u00e9curit\u00e9 et de secours \u00ab\u00a0qui consacrent cette nuit de f\u00eate \u00e0 la protection de nos concitoyens\u00a0\u00bb.<\/p>\n<p class=\"note\">*L\u2019arr\u00eat\u00e9 complet est consultable sur le site internet isere.gouv.fr.<\/p>\n","protected":false},"excerpt":{"rendered":"Compte tenu du plan vigipirate, toujours au niveau \u00ab\u00a0urgence attentat\u00a0\u00bb, la pr\u00e9fecture de l\u2019Is\u00e8re a renforc\u00e9 le dispositif&hellip;\n","protected":false},"author":2,"featured_media":631945,"comment_status":"","ping_status":"","sticky":false,"template":"","format":"standard","meta":{"footnotes":""},"categories":[9566],"tags":[1111,11,2430,115,112,113,111,114,1777,674,274,107,1795,1011,27,2731,108,12,25],"class_list":{"0":"post-631944","1":"post","2":"type-post","3":"status-publish","4":"format-standard","5":"has-post-thumbnail","7":"category-grenoble","8":"tag-actu","9":"tag-actualites","10":"tag-auvergne-rhone-alpes","11":"tag-edition-bourgoin-jallieu-nord-dauphine","12":"tag-edition-grenoble-agglomeration","13":"tag-edition-gresivaudan-oisans","14":"tag-edition-vienne-roussillon","15":"tag-edition-voiron-saint-marcellin","16":"tag-eu","17":"tag-europe","18":"tag-faits-divers-justice","19":"tag-fil-info","20":"tag-fil-web","21":"tag-fr","22":"tag-france","23":"tag-grenoble","24":"tag-isere","25":"tag-news","26":"tag-republique-francaise"},"share_on_mastodon":{"url":"https:\/\/pubeurope.com\/@fr\/115813865504581164","error":""},"_links":{"self":[{"href":"https:\/\/www.europesays.com\/fr\/wp-json\/wp\/v2\/posts\/631944","targetHints":{"allow":["GET"]}}],"collection":[{"href":"https:\/\/www.europesays.com\/fr\/wp-json\/wp\/v2\/posts"}],"about":[{"href":"https:\/\/www.europesays.com\/fr\/wp-json\/wp\/v2\/types\/post"}],"author":[{"embeddable":true,"href":"https:\/\/www.europesays.com\/fr\/wp-json\/wp\/v2\/users\/2"}],"replies":[{"embeddable":true,"href":"https:\/\/www.europesays.com\/fr\/wp-json\/wp\/v2\/comments?post=631944"}],"version-history":[{"count":0,"href":"https:\/\/www.europesays.com\/fr\/wp-json\/wp\/v2\/posts\/631944\/revisions"}],"wp:featuredmedia":[{"embeddable":true,"href":"https:\/\/www.europesays.com\/fr\/wp-json\/wp\/v2\/media\/631945"}],"wp:attachment":[{"href":"https:\/\/www.europesays.com\/fr\/wp-json\/wp\/v2\/media?parent=631944"}],"wp:term":[{"taxonomy":"category","embeddable":true,"href":"https:\/\/www.europesays.com\/fr\/wp-json\/wp\/v2\/categories?post=631944"},{"taxonomy":"post_tag","embeddable":true,"href":"https:\/\/www.europesays.com\/fr\/wp-json\/wp\/v2\/tags?post=631944"}],"curies":[{"name":"wp","href":"https:\/\/api.w.org\/{rel}","templated":true}]}}