{"id":631948,"date":"2025-12-31T11:09:09","date_gmt":"2025-12-31T11:09:09","guid":{"rendered":"https:\/\/www.europesays.com\/fr\/631948\/"},"modified":"2025-12-31T11:09:09","modified_gmt":"2025-12-31T11:09:09","slug":"pourquoi-il-ny-aura-pas-de-feu-dartifice-pour-feter-la-saint-sylvestre","status":"publish","type":"post","link":"https:\/\/www.europesays.com\/fr\/631948\/","title":{"rendered":"pourquoi il n&rsquo;y aura pas de feu d&rsquo;artifice pour f\u00eater la Saint-Sylvestre"},"content":{"rendered":"<p>                    Par<br \/>\n        <strong><br \/>\n            <a href=\"https:\/\/actu.fr\/auteur\/clemence-pays02-actu-fr\" title=\"Consulter tous les articles de Cl\u00e9mence Pays\" target=\"_blank\" rel=\"noopener\">Cl\u00e9mence Pays<\/a><br \/>\n                    <\/strong><\/p>\n<p>        Publi\u00e9 le<\/p>\n<p>            31 d\u00e9c. 2025 \u00e0 9h51        <\/p>\n<p>Entre <a href=\"https:\/\/actu.fr\/bretagne\/rennes_35238\/animations-a-rennes-le-feu-d-artifice-du-nouvel-an-est-finalement-annule_47527489.html\" target=\"_blank\" rel=\"noopener\">la pand\u00e9mie de Covid<\/a>, <a href=\"https:\/\/actu.fr\/bretagne\/rennes_35238\/nouvel-an-a-rennes-le-programme-de-la-soiree-evolue-on-vous-explique_60329431.html\" target=\"_blank\" rel=\"noopener\">la s\u00e9curit\u00e9 et la m\u00e9t\u00e9o capricieuse<\/a>, voil\u00e0 plusieurs ann\u00e9es que <strong>la Saint-Sylvestre est c\u00e9l\u00e9br\u00e9e sans feu d\u2019artifice<\/strong> dans le centre-ville de Rennes. Et l\u2019ann\u00e9e 2025 ne verra pas le retour de ce spectacle pyrotechnique.<\/p>\n<p class=\" wall-content\">Interrog\u00e9e par la r\u00e9daction \u00e0 ce sujet, la Ville confirme que le feu d\u2019artifice qui avait lieu place de l\u2019H\u00f4tel-de-Ville \u00ab\u2009a effectivement \u00e9t\u00e9 <strong>annul\u00e9<\/strong>\u2009\u00bb pour la soir\u00e9e de ce mercredi 31 d\u00e9cembre.<\/p>\n<p>\u00ab\u2009Des raisons de s\u00e9curit\u00e9\u2009\u00bb<\/p>\n<p class=\" wall-content\">Ce choix a \u00e9t\u00e9 motiv\u00e9 par <strong>\u00ab\u2009des raisons de s\u00e9curit\u00e9,<\/strong> en suivant les pr\u00e9conisations de la Pr\u00e9fecture\u2009\u00bb, poursuit la Ville.<\/p>\n<p class=\" wall-content\">Pour m\u00e9moire, un<strong> arr\u00eat\u00e9 pr\u00e9fectoral est en vigueur jusqu\u2019au vendredi 2\u00a0janvier 2026<\/strong> dans de nombreuses communes d\u2019Ille-et-Vilaine, dont Rennes. <a href=\"https:\/\/actu.fr\/bretagne\/rennes_35238\/artifices-produits-chimiques-voici-ce-qui-est-interdit-dans-ces-communes-d-ille-et-vilaine-jusqu-en-janvier_63610689.html\" target=\"_blank\" rel=\"noopener\">Celui-ci restreint la vente et l\u2019utilisation \u00ab\u2009d\u2019artifices de divertissement et d\u2019articles pyrotechniques\u2009\u00bb<\/a>.<\/p>\n<blockquote class=\"ac-article-quote wall-content\">\n<p>Pour le r\u00e9veillon du 31 d\u00e9cembre, les projections sur la fa\u00e7ade de l\u2019H\u00f4tel de Ville se prolongeront jusqu\u2019\u00e0 23h59, juste avant le d\u00e9compte du passage \u00e0 la nouvelle ann\u00e9e.<\/p>\n<p>    <strong>Ville de Rennes<\/strong>\n            <\/p><\/blockquote>\n<p class=\" wall-content\">Ceux qui le souhaitent pourront donc malgr\u00e9 tout se rassembler entre la mairie et l\u2019op\u00e9ra pour vivre ensemble les derni\u00e8res minutes de 2025 et lancer l\u2019ann\u00e9e 2026. Pour la suite, <a href=\"https:\/\/actu.fr\/bretagne\/rennes_35238\/soiree-du-nouvel-an-a-rennes-vous-ne-savez-pas-quoi-faire-nos-5-idees-de-derniere-minute_63605377.html\" target=\"_blank\" rel=\"noopener\">plusieurs <strong>soir\u00e9es gratuites<\/strong> sont organis\u00e9es pour danser jusqu\u2019au bout de la nuit<\/a>. Parmi elles, la traditionnelle soir\u00e9e au Libert\u00e9 avec le groupe G\u00e9n\u00e9ration.<\/p>\n<p class=\" wall-content\">Personnalisez votre actualit\u00e9 en ajoutant vos villes et m\u00e9dias en favori avec <a href=\"https:\/\/moncompte.actu.fr\" title=\"D\u00e9couvez Mon Actu\" rel=\"nofollow noopener\" data-trk=\"{&quot;cta&quot;:{&quot;action&quot;:&quot;https:\\\/\\\/moncompte.actu.fr&quot;,&quot;category&quot;:&quot;mon compte&quot;,&quot;from&quot;:&quot;article footer&quot;,&quot;name&quot;:&quot;Mon actu&quot;,&quot;type&quot;:&quot;cta&quot;}}\" target=\"_blank\">Mon Actu<\/a>.<\/p>\n","protected":false},"excerpt":{"rendered":"Par Cl\u00e9mence Pays Publi\u00e9 le 31 d\u00e9c. 2025 \u00e0 9h51 Entre la pand\u00e9mie de Covid, la s\u00e9curit\u00e9 et&hellip;\n","protected":false},"author":2,"featured_media":631949,"comment_status":"","ping_status":"","sticky":false,"template":"","format":"standard","meta":{"footnotes":""},"categories":[2821],"tags":[1111,11,1063,829,1777,674,16701,1011,27,12,57085,584,25,104],"class_list":{"0":"post-631948","1":"post","2":"type-post","3":"status-publish","4":"format-standard","5":"has-post-thumbnail","7":"category-rennes","8":"tag-actu","9":"tag-actualites","10":"tag-animations","11":"tag-bretagne","12":"tag-eu","13":"tag-europe","14":"tag-feu-dartifice","15":"tag-fr","16":"tag-france","17":"tag-news","18":"tag-nouvel-an-a-rennes","19":"tag-rennes","20":"tag-republique-francaise","21":"tag-societe"},"share_on_mastodon":{"url":"https:\/\/pubeurope.com\/@fr\/115813873378399335","error":""},"_links":{"self":[{"href":"https:\/\/www.europesays.com\/fr\/wp-json\/wp\/v2\/posts\/631948","targetHints":{"allow":["GET"]}}],"collection":[{"href":"https:\/\/www.europesays.com\/fr\/wp-json\/wp\/v2\/posts"}],"about":[{"href":"https:\/\/www.europesays.com\/fr\/wp-json\/wp\/v2\/types\/post"}],"author":[{"embeddable":true,"href":"https:\/\/www.europesays.com\/fr\/wp-json\/wp\/v2\/users\/2"}],"replies":[{"embeddable":true,"href":"https:\/\/www.europesays.com\/fr\/wp-json\/wp\/v2\/comments?post=631948"}],"version-history":[{"count":0,"href":"https:\/\/www.europesays.com\/fr\/wp-json\/wp\/v2\/posts\/631948\/revisions"}],"wp:featuredmedia":[{"embeddable":true,"href":"https:\/\/www.europesays.com\/fr\/wp-json\/wp\/v2\/media\/631949"}],"wp:attachment":[{"href":"https:\/\/www.europesays.com\/fr\/wp-json\/wp\/v2\/media?parent=631948"}],"wp:term":[{"taxonomy":"category","embeddable":true,"href":"https:\/\/www.europesays.com\/fr\/wp-json\/wp\/v2\/categories?post=631948"},{"taxonomy":"post_tag","embeddable":true,"href":"https:\/\/www.europesays.com\/fr\/wp-json\/wp\/v2\/tags?post=631948"}],"curies":[{"name":"wp","href":"https:\/\/api.w.org\/{rel}","templated":true}]}}