{"id":631956,"date":"2025-12-31T11:15:11","date_gmt":"2025-12-31T11:15:11","guid":{"rendered":"https:\/\/www.europesays.com\/fr\/631956\/"},"modified":"2025-12-31T11:15:11","modified_gmt":"2025-12-31T11:15:11","slug":"comment-claude-puel-a-pese-dans-le-dossier-elye-wahi-a-logc-nice","status":"publish","type":"post","link":"https:\/\/www.europesays.com\/fr\/631956\/","title":{"rendered":"comment Claude Puel a pes\u00e9 dans le dossier Elye Wahi \u00e0 l\u2019OGC Nice"},"content":{"rendered":"<p class=\"fs-5 \">Si le mercato d\u2019hiver est lanc\u00e9 depuis un bon moment en coulisses, la premi\u00e8re concr\u00e9tisation d\u2019une piste n\u2019a jamais \u00e9t\u00e9 aussi proche.<\/p>\n<p class=\"fs-5 \">Et <a href=\"https:\/\/www.nicematin.com\/sports\/football\/mercato-l-ogc-nice-tient-sa-premiere-recrue-l-attaquant-elye-wahi-prete-jusqu-a-la-fin-de-la-saison-10662704\" target=\"_blank\" rel=\"noopener\">il s\u2019agit de celle menant \u00e0 Elye Wahi<\/a>, dont le nom revient d\u00e9j\u00e0 avec insistance depuis la semaine derni\u00e8re.<\/p>\n<p class=\"fs-5 \">Proche ce mardi, l\u2019accord total autour du pr\u00eat sans option d\u2019achat et jusqu\u2019\u00e0 la fin de la saison du joueur de Francfort sera tr\u00e8s probablement trouv\u00e9 ce mercredi, apr\u00e8s une quinzaine de jours de n\u00e9gociations.<\/p>\n<p class=\"fs-5 \">D\u2019abord enthousiaste \u00e0 l\u2019id\u00e9e de faire partie du projet d\u00e9peint par l\u2019ex-PDG Fabrice Bocquet et le directeur sportif Florian Maurice, l\u2019attaquant, qui f\u00eatera ses 23 ans vendredi, avait d\u00e9finitivement \u00e9pous\u00e9 l\u2019id\u00e9e <a href=\"https:\/\/www.nicematin.com\/sports\/elye-wahi-au-bout-du-fil-10661750\" target=\"_blank\" rel=\"noopener\">de rejoindre les Aiglons apr\u00e8s sa discussion avec Franck Haise<\/a>.<\/p>\n<p class=\"fs-5 \">Form\u00e9 puis lanc\u00e9 \u00e0 <strong>Montpellier<\/strong>, puis pass\u00e9 par Lens et Marseille, Wahi veut se relancer dans une L1 qu\u2019il conna\u00eet bien apr\u00e8s un d\u00e9but d\u2019aventure compliqu\u00e9 \u00e0 l\u2019Eintracht Francfort.<\/p>\n<p>        <img src=\"https:\/\/www.europesays.com\/fr\/wp-content\/uploads\/2025\/12\/d078404_ftp-1-bb9iay2n5dxo-afp-87cq7nq.jpg\"   loading=\"lazy\" decoding=\"async\" alt=\"(FILES) Monterrey's Spanish defender #93 Sergio Ramos celebrates after scoring the equalising goal from the penalty spot during the Liga MX Apertura football tournament match between Monterrey and Pumas at BBVA Stadium in Monterrey, Nuevo Leon state, Mexico on October 18, 2025. Ramos confirmed late on December 6, 2025 that his time with Mexican club Rayados de Monterrey had come to an end, following their elimination in the semifinals of the 2025 Apertura tournament against Toluca. (Photo by Julio Cesar AGUILAR \/ AFP)\" class=\"img-fluid position-absolute w-100 object-fit-cover rounded-2\" width=\"600\" height=\"400\"\/><\/p>\n<p>                                                                                Le discours primordial de Puel<\/p>\n<p class=\"fs-5 \">Arriv\u00e9 sur les rives du Main contre 26 millions d\u2019euros en janvier dernier, Wahi n\u2019a pas dispos\u00e9 du temps de jeu esp\u00e9r\u00e9 pour sa premi\u00e8re saison enti\u00e8re en Bundesliga (400 minutes en 14 matchs ttc).<\/p>\n<p class=\"fs-5 \">L\u2019avant-centre a certes d\u00e9livr\u00e9 trois passes d\u00e9cisives, mais n\u2019a inscrit qu\u2019un seul but en Coupe, face au FV Engers 07, modeste club de 5e division allemande. Son unique r\u00e9alisation de l\u2019ann\u00e9e civile 2025.<\/p>\n<p class=\"fs-5 \">Seulement voil\u00e0, la mer est agit\u00e9e en ce moment sur la C\u00f4te d\u2019Azur et apr\u00e8s l\u2019<a href=\"https:\/\/www.nicematin.com\/sports\/football\/l-ogc-nice-annonce-le-depart-de-son-president-fabrice-bocquet-10661582\" target=\"_blank\" rel=\"noopener\">\u00e9viction de Fabrice Bocquet<\/a>, <a href=\"https:\/\/www.nicematin.com\/sports\/franck-haise-n-est-plus-le-coach-de-l-ogc-nice-claude-puel-va-le-remplacer-10662475\" target=\"_blank\" rel=\"noopener\">Franck Haise a lui aussi chavir\u00e9 du rafiot<\/a>.<\/p>\n<p class=\"fs-5 \">Un d\u00e9part qui a sem\u00e9 le doute dans la t\u00eate du joueur, au point d\u2019h\u00e9siter tr\u00e8s fortement entre le <strong>Gym<\/strong> et l\u2019autre proposition formul\u00e9e par le <strong>FC S\u00e9ville<\/strong>.<\/p>\n<p class=\"fs-5 \">Entre alors en sc\u00e8ne dimanche celui qui allait officiellement devenir le nouvel entra\u00eeneur des Aiglons le lendemain.<\/p>\n<p class=\"fs-5 \">Apr\u00e8s un coup de fil fructueux, <strong>Claude Puel<\/strong> est parvenu \u00e0 convaincre l\u2019avant-centre de rejoindre Nice plut\u00f4t que l\u2019Andalousie.<\/p>\n<p class=\"fs-5 \">Au menu de la discussion, beaucoup de football et notamment la mani\u00e8re dont le technicien de 64 ans souhaite utiliser Elye Wahi \u00e0 la pointe de l\u2019attaque.<\/p>\n<p class=\"fs-5 \">Un front offensif azur\u00e9en qui n\u2019a d\u2019ailleurs plus grand-chose d\u2019inqui\u00e9tant pour les d\u00e9fenses adverses (6 buts inscrits sur les 10 derniers matchs tcc).<\/p>\n<p class=\"fs-5 \">Avec <strong>Terem Moffi<\/strong> sur le d\u00e9part, ainsi que <strong>Kevin Carlos<\/strong>, <strong>Bernard Nguene<\/strong> et <strong>Zoumana Diallo<\/strong> d\u00e9pourvus de l\u2019\u00e9toffe de titulaire &#8211; en tout cas sous Franck Haise &#8211; Elye Wahi s\u2019offre une occasion en or de relancer sa carri\u00e8re en m\u00eame temps que la saison de son nouveau club.<\/p>\n<p class=\"fs-5 \">Petit challenge personnel suppl\u00e9mentaire, l\u2019international espoirs tricolore (2 s\u00e9lections) garde la Coupe du monde 2026 en ligne de mire.<\/p>\n<p class=\"fs-5 \"><strong>Emerse Fae<\/strong>, ancien Aiglon et s\u00e9lectionneur de la C\u00f4te d\u2019Ivoire, garde un \u0153il attentif sur les performances du binational natif de Courcouronnes (Essonne).<\/p>\n<p>                                                                                Il devrait \u00eatre qualifi\u00e9 d\u00e8s la r\u00e9ception de Strasbourg<\/p>\n<p class=\"fs-5 \">Ce mardi, les derni\u00e8res tractations autour du pr\u00eat du buteur tournaient autour des modalit\u00e9s de son salaire, la formation de <strong>Bundesliga<\/strong> se montrant inflexible sur une prise en charge \u00e0 50\u2005% de l\u2019<strong>OGC Nice<\/strong>.<\/p>\n<p class=\"fs-5 \">Le club azur\u00e9en, ainsi que les deux autres parties concern\u00e9es, \u00e0 savoir l\u2019Eintracht Francfort et le joueur, ont tous consenti \u00e0 des efforts en d\u00e9but de soir\u00e9e afin que le deal puisse avancer de mani\u00e8re significative.<\/p>\n<p class=\"fs-5 \">Une conjoncture dont chacun ressort gagnant puisqu\u2019elle t\u00e9moigne de la volont\u00e9 d\u2019Elye Wahi de se relancer dans un nouveau projet ainsi que du d\u00e9sir du Gym de l\u2019attirer.<\/p>\n<p class=\"fs-5 \">Le futur nouveau num\u00e9ro 9 des Rouge et Noir entretenait sa condition physique de mani\u00e8re individuelle sur <strong>Paris<\/strong> depuis quelques jours, il est attendu dans les prochaines heures \u00e0 Nice en vue de sa qualification pour la r\u00e9ception de <strong>Strasbourg<\/strong>, samedi \u00e0 19h.<\/p>\n<p class=\"fs-5 \">Avec un mercato qui ne d\u00e9marre officiellement qu\u2019au jour de l\u2019an, les documents doivent \u00eatre envoy\u00e9s jeudi soir au plus tard pour respecter le d\u00e9lai de 48\u2005heures avant une rencontre.<\/p>\n<p class=\"fs-5 \">Parti du mauvais pied, Nice a chang\u00e9 de pr\u00e9sident, de coach et d\u00e9sormais de num\u00e9ro neuf pour lancer un nouveau d\u00e9part.<\/p>\n","protected":false},"excerpt":{"rendered":"Si le mercato d\u2019hiver est lanc\u00e9 depuis un bon moment en coulisses, la premi\u00e8re concr\u00e9tisation d\u2019une piste n\u2019a&hellip;\n","protected":false},"author":2,"featured_media":631957,"comment_status":"","ping_status":"","sticky":false,"template":"","format":"standard","meta":{"footnotes":""},"categories":[2819],"tags":[1111,11,1777,674,1011,27,12,2401,54521,882,25],"class_list":{"0":"post-631956","1":"post","2":"type-post","3":"status-publish","4":"format-standard","5":"has-post-thumbnail","7":"category-nice","8":"tag-actu","9":"tag-actualites","10":"tag-eu","11":"tag-europe","12":"tag-fr","13":"tag-france","14":"tag-news","15":"tag-nice","16":"tag-ogcnice","17":"tag-provence-alpes-cote-dazur","18":"tag-republique-francaise"},"share_on_mastodon":{"url":"https:\/\/pubeurope.com\/@fr\/115813896877499123","error":""},"_links":{"self":[{"href":"https:\/\/www.europesays.com\/fr\/wp-json\/wp\/v2\/posts\/631956","targetHints":{"allow":["GET"]}}],"collection":[{"href":"https:\/\/www.europesays.com\/fr\/wp-json\/wp\/v2\/posts"}],"about":[{"href":"https:\/\/www.europesays.com\/fr\/wp-json\/wp\/v2\/types\/post"}],"author":[{"embeddable":true,"href":"https:\/\/www.europesays.com\/fr\/wp-json\/wp\/v2\/users\/2"}],"replies":[{"embeddable":true,"href":"https:\/\/www.europesays.com\/fr\/wp-json\/wp\/v2\/comments?post=631956"}],"version-history":[{"count":0,"href":"https:\/\/www.europesays.com\/fr\/wp-json\/wp\/v2\/posts\/631956\/revisions"}],"wp:featuredmedia":[{"embeddable":true,"href":"https:\/\/www.europesays.com\/fr\/wp-json\/wp\/v2\/media\/631957"}],"wp:attachment":[{"href":"https:\/\/www.europesays.com\/fr\/wp-json\/wp\/v2\/media?parent=631956"}],"wp:term":[{"taxonomy":"category","embeddable":true,"href":"https:\/\/www.europesays.com\/fr\/wp-json\/wp\/v2\/categories?post=631956"},{"taxonomy":"post_tag","embeddable":true,"href":"https:\/\/www.europesays.com\/fr\/wp-json\/wp\/v2\/tags?post=631956"}],"curies":[{"name":"wp","href":"https:\/\/api.w.org\/{rel}","templated":true}]}}