{"id":631970,"date":"2025-12-31T11:23:25","date_gmt":"2025-12-31T11:23:25","guid":{"rendered":"https:\/\/www.europesays.com\/fr\/631970\/"},"modified":"2025-12-31T11:23:25","modified_gmt":"2025-12-31T11:23:25","slug":"7-idees-sorties-sympa-pour-ce-week-end-2-au-4-janvier","status":"publish","type":"post","link":"https:\/\/www.europesays.com\/fr\/631970\/","title":{"rendered":"7 id\u00e9es sorties sympa pour ce week-end (2 au 4 janvier)"},"content":{"rendered":"<p class=\"intro\">Le week-end s&rsquo;annonce riche en \u00e9motions dans la m\u00e9tropole lilloise\u00a0! Entre ballets f\u00e9eriques, concerts intimistes et exp\u00e9riences immersives, ce d\u00e9but d&rsquo;ann\u00e9e 2026 propose une programmation \u00e9clectique qui devrait satisfaire tous les go\u00fbts. Du 2 au 4 janvier, laissez-vous tenter par ces sorties qui promettent de r\u00e9chauffer l&rsquo;ambiance hivernale. Alors, pr\u00eats \u00e0 braver le froid pour quelques heures d&rsquo;\u00e9vasion culturelle\u00a0?<\/p>\n<p class=\"mise_en_avant\"><strong>Pr\u00e9visions m\u00e9t\u00e9o ce week-end\u00a0:<\/strong> attendez-vous \u00e0 un temps hivernal avec de l\u00e9g\u00e8res chutes de neige jeudi (3\u00b0C), puis un ciel nuageux vendredi et samedi (3 \u00e0 4\u00b0C). Parfait pour se mettre au chaud dans une salle de spectacle\u00a0!<\/p>\n<p>1\/ Casse-Noisette &#8211; Ballet &amp; Orchestre &#8211; [Coup de \u2764\ufe0f JDS] &#8211; La magie de Tcha\u00efkovski sur sc\u00e8ne<\/p>\n<p>Le <a href=\"https:\/\/www.jds.fr\/lille\/spectacles\/danse\/casse-noisette-ballet-et-orchestre-tournee-2025-2026-696683_A\" target=\"_blank\" rel=\"noopener\">Casse-Noisette &#8211; Ballet &amp; Orchestre \u00e0 Lille<\/a> cl\u00f4ture ce week-end en beaut\u00e9 au Z\u00e9nith le samedi 4 janvier. Cette production Franceconcert redonne vie au chef-d&rsquo;\u0153uvre de Tcha\u00efkovski dans une version orchestrale compl\u00e8te, promettant 2h10 d&rsquo;enchantement avec entracte. Un choix \u00e9vident pour prolonger la magie des f\u00eates et d\u00e9couvrir l&rsquo;histoire intemporelle de Clara et de son prince charmant.<\/p>\n<p><strong>Notre conseil\u00a0:<\/strong> r\u00e9servez rapidement vos places, ce type de production attire les familles et les amateurs de danse classique. Les tarifs d\u00e9marrent \u00e0 45\u20ac, une belle occasion d&rsquo;initier les enfants \u00e0 l&rsquo;art lyrique.<\/p>\n<p>Z\u00e9nith de Lille | Lille<br \/>Le 04\/01\/2026<\/p>\n<p class=\"mise_en_avant\"><a href=\"https:\/\/www.jds.fr\/lille\/spectacles\/danse\/casse-noisette-ballet-et-orchestre-tournee-2025-2026-696683_A\" target=\"_blank\" rel=\"noopener\">[Coup de \u2764\ufe0f JDS] Casse-Noisette &#8211; Ballet &amp; Orchestre &#8211; Tourn\u00e9e 2025\/2026\u00a0: toutes les informations<\/a><\/p>\n<p><a class=\"btn btn-lg shadow-lg btn-primary rounded-pill fnac_link\" data-fnac=\"in_article\" href=\"https:\/\/www.awin1.com\/pclick.php?p=39104257463&amp;a=634278&amp;m=12494&amp;clickref=in_article-A-desktop\" target=\"_blank\" rel=\"nofollow noopener\"> Acheter des billets<\/a><\/p>\n<p>2\/ Candlelight\u00a0: Hommage \u00e0 Queen &#8211; Rock symphonique \u00e0 la lueur des bougies<\/p>\n<p>L&rsquo;exp\u00e9rience <a href=\"https:\/\/www.jds.fr\/lille\/manifestations\/festival\/candlelight-hommage-a-queen-1027677_A\" target=\"_blank\" rel=\"noopener\">Candlelight\u00a0: Hommage \u00e0 Queen \u00e0 Lille<\/a> transforme l&rsquo;H\u00f4tel Carlton en \u00e9crin musical intimiste d\u00e8s le 2 janvier. Un quatuor \u00e0 cordes revisite les plus grands tubes de Freddie Mercury et compagnie dans une ambiance feutr\u00e9e et romantique de 60 minutes. Cette formule originale s\u00e9duit par son c\u00f4t\u00e9 cosy et sa programmation de qualit\u00e9 incluant Bohemian Rhapsody et We Will Rock You.<\/p>\n<p><strong>Notre conseil\u00a0:<\/strong> arrivez 30 minutes avant le d\u00e9but pour profiter pleinement de l&rsquo;ambiance. L&rsquo;\u00e2ge minimum requis est de 8 ans, id\u00e9al pour une sortie interg\u00e9n\u00e9rationnelle.<\/p>\n<p>H\u00f4tel Carlton Lille | Lille<br \/>Du 02\/01\/2026 au 12\/04\/2026<\/p>\n<p class=\"mise_en_avant\"><a href=\"https:\/\/www.jds.fr\/lille\/manifestations\/festival\/candlelight-hommage-a-queen-1027677_A\" target=\"_blank\" rel=\"noopener\">Candlelight\u00a0: Hommage \u00e0 Queen\u00a0: toutes les informations<\/a><\/p>\n<p><a class=\"btn btn-lg shadow-lg btn-primary rounded-pill fnac_link\" data-fnac=\"in_article\" href=\"https:\/\/pdt.tradedoubler.com\/click?a(3419081)p(354825)product(103801-104185)ttid(3)url(https%3A%2F%2Ffeverup.com%2Fm%2F104185)\" target=\"_blank\" rel=\"nofollow noopener\"> Acheter des billets<\/a><\/p>\n<p><a data-lightbox=\"article\" data-title=\" DR\" class=\"image detail fullwidth\" href=\"https:\/\/www.jds.fr\/medias\/image\/candlelight-hommage-a-queen-641257-1200-0-F.webp\" title=\" DR\" target=\"_blank\" rel=\"noopener\"><br \/>\n<img decoding=\"async\" loading=\"lazy\" src=\"https:\/\/www.europesays.com\/fr\/wp-content\/uploads\/2025\/09\/candlelight-hommage-a-queen-641257-1200-0.webp.webp\"   alt=\"Candlelight : Hommage \u00e0 Queen\" class=\"shortcode_image border\"\/><br \/>\n\u00a9 DR<br \/>\n<\/a>\n<\/p>\n<p>3\/ The Jury Experience\u00a0: Diamants, mensonges et un mort &#8211; Justice participative garantie<\/p>\n<p>Le concept immersif <a href=\"https:\/\/www.jds.fr\/lille\/spectacles\/theatre\/the-jury-experience-diamants-mensonges-et-un-mort-1174913_A\" target=\"_blank\" rel=\"noopener\">The Jury Experience\u00a0: Diamants, mensonges et un mort \u00e0 Lille<\/a> d\u00e9marre au 1894 d\u00e8s le 3 janvier. Pendant 60 minutes, incarnez un jur\u00e9 dans l&rsquo;affaire du vol du collier de Lana Tonneti, d&rsquo;une valeur de 20 millions de dollars. Ce thriller judiciaire interactif vous place au c\u0153ur de l&rsquo;enqu\u00eate, smartphone en main pour voter et influencer le d\u00e9roulement. Une exp\u00e9rience qui renouvelle intelligemment le genre du th\u00e9\u00e2tre participatif.<\/p>\n<p><strong>Notre conseil\u00a0:<\/strong> chargez bien votre t\u00e9l\u00e9phone et arrivez avec l&rsquo;esprit critique aiguis\u00e9. L&rsquo;\u00e2ge minimum de 12 ans est justifi\u00e9 par la complexit\u00e9 des enjeux moraux abord\u00e9s.<\/p>\n<p>Le 1894 | Lille<br \/>Du 03\/01\/2026 au 15\/05\/2026<\/p>\n<p class=\"mise_en_avant\"><a href=\"https:\/\/www.jds.fr\/lille\/spectacles\/theatre\/the-jury-experience-diamants-mensonges-et-un-mort-1174913_A\" target=\"_blank\" rel=\"noopener\">The Jury Experience\u00a0: Diamants, mensonges et un mort\u00a0: toutes les informations<\/a><\/p>\n<p><a class=\"btn btn-lg shadow-lg btn-primary rounded-pill fnac_link\" data-fnac=\"in_article\" href=\"https:\/\/pdt.tradedoubler.com\/click?a(3419081)p(354825)product(103801-433970)ttid(3)url(https%3A%2F%2Ffeverup.com%2Fm%2F433970)\" target=\"_blank\" rel=\"nofollow noopener\"> Acheter des billets<\/a><\/p>\n<p><a data-lightbox=\"article\" data-title=\" DR\" class=\"image detail fullwidth\" href=\"https:\/\/www.jds.fr\/medias\/image\/the-jury-experience-diamants-mensonges-et-un-mort-722009-1200-0-F.webp\" title=\" DR\" target=\"_blank\" rel=\"noopener\"><br \/>\n<img decoding=\"async\" loading=\"lazy\" src=\"https:\/\/www.europesays.com\/fr\/wp-content\/uploads\/2025\/12\/the-jury-experience-diamants-mensonges-et-un-mort-722009-1200-0.webp.webp\"   alt=\"The Jury Experience : Diamants, mensonges et un mort\" class=\"shortcode_image border\"\/><br \/>\n\u00a9 DR<br \/>\n<\/a>\n<\/p>\n<p>4\/ Le Cirque de No\u00ebl sur l&rsquo;Eau &#8211; F\u00e9erie aquatique pour toute la famille<\/p>\n<p><a href=\"https:\/\/www.jds.fr\/lille\/spectacles\/cirque\/le-cirque-de-noel-sur-l-eau-1224729_A\" target=\"_blank\" rel=\"noopener\">Le Cirque de No\u00ebl sur l&rsquo;Eau \u00e0 Lille<\/a> enchante Le Chapito de Villeneuve d&rsquo;Ascq durant tout le week-end avec cette production Divan Production. Cette cr\u00e9ation originale marie acrobaties et d\u00e9cor aquatique dans un univers festif qui prolonge la magie de No\u00ebl. Seize repr\u00e9sentations au total offrent de multiples cr\u00e9neaux pour d\u00e9couvrir ce spectacle accessible et po\u00e9tique, parfait pour les familles.<\/p>\n<p><strong>Notre conseil\u00a0:<\/strong> profitez du parking gratuit de 1200 places \u00e0 50 m\u00e8tres du lieu et pr\u00e9voyez d&rsquo;arriver un peu en avance pour installer confortablement les enfants. Tarifs familiaux de 15 \u00e0 25\u20ac.<\/p>\n<p>Le Chapito | Lille<br \/>Du 02\/01\/2026 au 04\/01\/2026<\/p>\n<p class=\"mise_en_avant\"><a href=\"https:\/\/www.jds.fr\/lille\/spectacles\/cirque\/le-cirque-de-noel-sur-l-eau-1224729_A\" target=\"_blank\" rel=\"noopener\">Le Cirque de No\u00ebl sur l&rsquo;Eau\u00a0: toutes les informations<\/a><\/p>\n<p><a class=\"btn btn-lg shadow-lg btn-primary rounded-pill fnac_link\" data-fnac=\"in_article\" href=\"https:\/\/www.awin1.com\/pclick.php?p=42890435288&amp;a=634278&amp;m=12494&amp;clickref=in_article-A-desktop\" target=\"_blank\" rel=\"nofollow noopener\"> Acheter des billets<\/a><\/p>\n<p>5\/ Billet coupe-file pour la Villa Cavrois &#8211; Architecture moderniste \u00e0 port\u00e9e de main<\/p>\n<p>La <a href=\"https:\/\/www.jds.fr\/lille\/manifestations\/billet-coupe-file-pour-la-villa-cavrois-1198933_A\" target=\"_blank\" rel=\"noopener\">Villa Cavrois \u00e0 Croix<\/a> ouvre ses portes ce week-end pour une plong\u00e9e dans l&rsquo;univers de l&rsquo;architecte Mallet-Stevens et du modernisme des ann\u00e9es 1930. Cette merveille architecturale parfaitement restaur\u00e9e d\u00e9voile l&rsquo;intimit\u00e9 de la famille Cavrois et les codes esth\u00e9tiques d&rsquo;une \u00e9poque r\u00e9volutionnaire. Une escapade culturelle \u00e0 deux pas de Lille qui change des traditionnelles sorties hivernales.<\/p>\n<p><strong>Notre conseil\u00a0:<\/strong> n&rsquo;oubliez pas de r\u00e9server votre cr\u00e9neau horaire sur le site officiel apr\u00e8s achat de votre billet. La visite est accessible PMR et convient \u00e0 tous les \u00e2ges pour une sortie culturelle enrichissante.<\/p>\n<p>Villa Cavrois | Croix<br \/>Du 31\/12\/2025 au 22\/02\/2026<\/p>\n<p class=\"mise_en_avant\"><a href=\"https:\/\/www.jds.fr\/lille\/manifestations\/billet-coupe-file-pour-la-villa-cavrois-1198933_A\" target=\"_blank\" rel=\"noopener\">Billet coupe-file pour la Villa Cavrois\u00a0: toutes les informations<\/a><\/p>\n<p><a class=\"btn btn-lg shadow-lg btn-primary rounded-pill fnac_link\" data-fnac=\"in_article\" href=\"https:\/\/pdt.tradedoubler.com\/click?a(3419081)p(354825)product(103801-141528)ttid(3)url(https%3A%2F%2Ffeverup.com%2Fm%2F141528)\" target=\"_blank\" rel=\"nofollow noopener\"> Acheter des billets<\/a><\/p>\n<p><a data-lightbox=\"article\" data-title=\" DR\" class=\"image detail fullwidth\" href=\"https:\/\/www.jds.fr\/medias\/image\/billet-coupe-file-pour-la-villa-cavrois-736728-1200-0-F.webp\" title=\" DR\" target=\"_blank\" rel=\"noopener\"><br \/>\n<img decoding=\"async\" loading=\"lazy\" src=\"https:\/\/www.europesays.com\/fr\/wp-content\/uploads\/2025\/12\/billet-coupe-file-pour-la-villa-cavrois-736728-1200-0.webp.webp\"   alt=\"Billet coupe-file pour la Villa Cavrois\" class=\"shortcode_image border\"\/><br \/>\n\u00a9 DR<br \/>\n<\/a>\n<\/p>\n<p>6\/ La Reine des Neiges &#8211; Ballet ukrainien au Th\u00e9\u00e2tre S\u00e9bastopol<\/p>\n<p>Le <a href=\"https:\/\/www.jds.fr\/lille\/spectacles\/danse\/la-reine-des-neiges-1042697_A\" target=\"_blank\" rel=\"noopener\">spectacle La Reine des Neiges \u00e0 Lille<\/a> inaugure le week-end le jeudi 2 janvier au Th\u00e9\u00e2tre S\u00e9bastopol avec le Grand Ballet d&rsquo;Ukraine. Cette adaptation du conte d&rsquo;Andersen par quarante danseurs promet des d\u00e9cors enneig\u00e9s impressionnants et une mise en sc\u00e8ne accessible gr\u00e2ce \u00e0 Madame Rose, h\u00f4te-ballerine qui guide le public. Un spectacle familial qui capitalise sur l&rsquo;engouement pour cet univers f\u00e9erique.<\/p>\n<p><strong>Notre conseil\u00a0:<\/strong> parfait pour une premi\u00e8re approche de la danse classique avec les enfants. Les tarifs d\u00e9butent \u00e0 35\u20ac et la repr\u00e9sentation de 18h convient aux horaires familiaux.<\/p>\n<p>Th\u00e9\u00e2tre S\u00e9bastopol | Lille<br \/>Le 02\/01\/2026<\/p>\n<p class=\"mise_en_avant\"><a href=\"https:\/\/www.jds.fr\/lille\/spectacles\/danse\/la-reine-des-neiges-1042697_A\" target=\"_blank\" rel=\"noopener\">La Reine des Neiges\u00a0: toutes les informations<\/a><\/p>\n<p><a class=\"btn btn-lg shadow-lg btn-primary rounded-pill fnac_link\" data-fnac=\"in_article\" href=\"https:\/\/www.awin1.com\/pclick.php?p=41629511714&amp;a=634278&amp;m=12494&amp;clickref=in_article-A-desktop\" target=\"_blank\" rel=\"nofollow noopener\"> Acheter des billets<\/a><\/p>\n<p>7\/ C&rsquo;Est D\u00e9cid\u00e9, Je Deviens&#8230; Une Connasse\u00a0! &#8211; Humour d\u00e9complex\u00e9 \u00e0 la Com\u00e9die<\/p>\n<p>La <a href=\"https:\/\/www.jds.fr\/lille\/spectacles\/humour\/c-est-decide-je-deviens-une-connasse-la-comedie-de-lille-690317_A\" target=\"_blank\" rel=\"noopener\">com\u00e9die C&rsquo;Est D\u00e9cid\u00e9, Je Deviens&#8230; Une Connasse\u00a0! \u00e0 Lille<\/a> d\u00e9marre sa programmation \u00e0 la Com\u00e9die de Lille d\u00e8s le 3 janvier. Cette pi\u00e8ce d&rsquo;Elise Ponti suit Dolor\u00e8s, coinc\u00e9e et timide, qui demande l&rsquo;aide d&rsquo;Alex, bourreau des c\u0153urs, pour devenir une parfaite femme imbuvable. Un one-woman-show qui promet de d\u00e9complexer les relations amoureuses avec humour et second degr\u00e9, id\u00e9al pour commencer l&rsquo;ann\u00e9e en riant.<\/p>\n<p><strong>Notre conseil\u00a0:<\/strong> r\u00e9servez vite pour profiter des tarifs pr\u00e9f\u00e9rentiels d\u00e9marrant \u00e0 24,60\u20ac. Une sortie parfaite entre amis pour aborder avec l\u00e9g\u00e8ret\u00e9 les codes de s\u00e9duction contemporains.<\/p>\n<p>Com\u00e9die de Lille | Lille<br \/>Du 03\/01\/2026 au 18\/04\/2026<\/p>\n<p class=\"mise_en_avant\"><a href=\"https:\/\/www.jds.fr\/lille\/spectacles\/humour\/c-est-decide-je-deviens-une-connasse-la-comedie-de-lille-690317_A\" target=\"_blank\" rel=\"noopener\">C&rsquo;Est D\u00e9cid\u00e9, Je Deviens&#8230; Une Connasse\u00a0! &#8211; la Com\u00e9die de Lille\u00a0: toutes les informations<\/a><\/p>\n<p><a class=\"btn btn-lg shadow-lg btn-primary rounded-pill fnac_link\" data-fnac=\"in_article\" href=\"https:\/\/www.awin1.com\/pclick.php?p=42075693724&amp;a=634278&amp;m=12494&amp;clickref=in_article-A-desktop\" target=\"_blank\" rel=\"nofollow noopener\"> Acheter des billets<\/a><\/p>\n<p>Date de publication : le 31\/12\/2025.<\/p>\n","protected":false},"excerpt":{"rendered":"Le week-end s&rsquo;annonce riche en \u00e9motions dans la m\u00e9tropole lilloise\u00a0! Entre ballets f\u00e9eriques, concerts intimistes et exp\u00e9riences immersives,&hellip;\n","protected":false},"author":2,"featured_media":631971,"comment_status":"","ping_status":"","sticky":false,"template":"","format":"standard","meta":{"footnotes":""},"categories":[2815],"tags":[1111,11,1777,674,1011,27,811,1307,12,25],"class_list":{"0":"post-631970","1":"post","2":"type-post","3":"status-publish","4":"format-standard","5":"has-post-thumbnail","7":"category-lille","8":"tag-actu","9":"tag-actualites","10":"tag-eu","11":"tag-europe","12":"tag-fr","13":"tag-france","14":"tag-hauts-de-france","15":"tag-lille","16":"tag-news","17":"tag-republique-francaise"},"share_on_mastodon":{"url":"https:\/\/pubeurope.com\/@fr\/115813928534534505","error":""},"_links":{"self":[{"href":"https:\/\/www.europesays.com\/fr\/wp-json\/wp\/v2\/posts\/631970","targetHints":{"allow":["GET"]}}],"collection":[{"href":"https:\/\/www.europesays.com\/fr\/wp-json\/wp\/v2\/posts"}],"about":[{"href":"https:\/\/www.europesays.com\/fr\/wp-json\/wp\/v2\/types\/post"}],"author":[{"embeddable":true,"href":"https:\/\/www.europesays.com\/fr\/wp-json\/wp\/v2\/users\/2"}],"replies":[{"embeddable":true,"href":"https:\/\/www.europesays.com\/fr\/wp-json\/wp\/v2\/comments?post=631970"}],"version-history":[{"count":0,"href":"https:\/\/www.europesays.com\/fr\/wp-json\/wp\/v2\/posts\/631970\/revisions"}],"wp:featuredmedia":[{"embeddable":true,"href":"https:\/\/www.europesays.com\/fr\/wp-json\/wp\/v2\/media\/631971"}],"wp:attachment":[{"href":"https:\/\/www.europesays.com\/fr\/wp-json\/wp\/v2\/media?parent=631970"}],"wp:term":[{"taxonomy":"category","embeddable":true,"href":"https:\/\/www.europesays.com\/fr\/wp-json\/wp\/v2\/categories?post=631970"},{"taxonomy":"post_tag","embeddable":true,"href":"https:\/\/www.europesays.com\/fr\/wp-json\/wp\/v2\/tags?post=631970"}],"curies":[{"name":"wp","href":"https:\/\/api.w.org\/{rel}","templated":true}]}}