{"id":631988,"date":"2025-12-31T11:33:10","date_gmt":"2025-12-31T11:33:10","guid":{"rendered":"https:\/\/www.europesays.com\/fr\/631988\/"},"modified":"2025-12-31T11:33:10","modified_gmt":"2025-12-31T11:33:10","slug":"non-lieu-pour-le-pretre-breton-adepte-du-chemsex-soupconne-davoir-drogue-et-viole-un-adolescent","status":"publish","type":"post","link":"https:\/\/www.europesays.com\/fr\/631988\/","title":{"rendered":"non-lieu pour le pr\u00eatre breton adepte du chemsex soup\u00e7onn\u00e9 d&rsquo;avoir drogu\u00e9 et viol\u00e9 un adolescent"},"content":{"rendered":"<p>                    Par<br \/>\n        <strong><br \/>\n            <a href=\"https:\/\/actu.fr\/auteur\/redaction-paris\" title=\"Consulter tous les articles de R\u00e9daction Paris\" target=\"_blank\" rel=\"noopener\">R\u00e9daction Paris<\/a><br \/>\n                    <\/strong><\/p>\n<p>        Publi\u00e9 le<\/p>\n<p>            31 d\u00e9c. 2025 \u00e0 11h06        <\/p>\n<p>Une affaire de drogue, de <a href=\"https:\/\/actu.fr\/tag\/violences-sexuelles\" target=\"_blank\" rel=\"noopener\">violences sexuelles<\/a> et de soutane qui aboutit sur un non-lieu. Un juge d\u2019instruction a ordonn\u00e9 la fin des investigations \u00e0 l\u2019encontre d\u2019un pr\u00eatre breton qui \u00e9tait mis en examen, <a href=\"https:\/\/actu.fr\/ile-de-france\/paris_75056\/un-pretre-soupconne-d-avoir-drogue-et-viole-un-mineur-a-paris_55120053.html\" target=\"_blank\" rel=\"noopener\">soup\u00e7onn\u00e9 d\u2019avoir drogu\u00e9 et viol\u00e9 un adolescent<\/a> en 2022 \u00e0 <a href=\"https:\/\/actu.fr\/paris\/\" target=\"_blank\" rel=\"noopener\">Paris<\/a>, indique le parquet. Il est toutefois toujours poursuivi pour <strong>usage de stup\u00e9fiants.<\/strong><\/p>\n<p>Un non-lieu conforme aux r\u00e9quisitions du parquet<\/p>\n<p class=\" wall-content\">Par ordonnance du 26\u00a0d\u00e9cembre, le juge a renvoy\u00e9 Yannick Polign\u00e9 devant le tribunal correctionnel de Paris pour usage de stup\u00e9fiants, mais sans donner lieu \u00e0 poursuite pour des faits de nature sexuelle, a expliqu\u00e9 le parquet. Yannick Polign\u00e9, \u00e2g\u00e9 d\u00e9sormais de 55\u00a0ans, avait \u00e9t\u00e9 mis en examen en novembre\u00a02022, et plac\u00e9 en<strong> d\u00e9tention provisoire<\/strong>, pour viol avec administration d\u2019une substance de nature \u00e0 alt\u00e9rer le discernement, mise en danger de la vie d\u2019autrui, et usage de stup\u00e9fiants depuis 2016.<\/p>\n<p class=\" wall-content\">Le non-lieu ordonn\u00e9 par le juge pour le viol, et le seul renvoi du pr\u00eatre pour usage de stup\u00e9fiants, sont conformes aux r\u00e9quisitions du parquet, prises le 17\u00a0novembre dernier.<br \/>Les accusations port\u00e9es par l\u2019adolescent fin 2022 avaient provoqu\u00e9 une onde de choc dans le <a href=\"https:\/\/actu.fr\/rennes\/\" target=\"_blank\" rel=\"noopener\">dioc\u00e8se de Rennes<\/a> o\u00f9 exer\u00e7ait alors ce cur\u00e9, sur fond de multiplication de r\u00e9v\u00e9lations de violences sexuelles sur mineurs dans l\u2019Eglise.<\/p>\n<p class=\" wall-content\">Le parquet a expliqu\u00e9 que \u00ab\u2009l\u2019expertise psychiatrique a confirm\u00e9 la fragilit\u00e9 du mineur, qui avait d\u00e9velopp\u00e9 un rapport obsessionnel au sexe en lien avec une grande consommation de pornographie depuis un tr\u00e8s jeune \u00e2ge\u2009\u00bb.<\/p>\n<p>Des rapports sexuels consentis\u2009?<\/p>\n<p class=\" wall-content\">Le 3\u00a0novembre 2022, les pompiers parisiens avaient \u00e9t\u00e9 appel\u00e9s par cet adolescent, alors \u00e2g\u00e9 de 15\u00a0ans, \u00ab\u2009se plaignant de s\u2019\u00eatre fait droguer et ayant des douleurs anales, des diarrh\u00e9es et des vomissements\u2009\u00bb, a rappel\u00e9 le parquet. A la <strong>brigade de protection des mineurs<\/strong>, il avait d\u2019abord racont\u00e9 avoir rencontr\u00e9 un homme dans un bar et \u00e9t\u00e9 emmen\u00e9 dans un h\u00f4tel apr\u00e8s avoir \u00e9t\u00e9 drogu\u00e9, sans autre souvenir.<\/p>\n<p class=\" wall-content\">Par la suite, il avait expliqu\u00e9 avoir eu des \u00e9changes pr\u00e9alables sur l\u2019application de rencontres gay Grindr avec cet homme qui s\u2019\u00e9tait fait passer pour un militaire, tandis que lui-m\u00eame avait pr\u00e9tendu \u00eatre majeur. L\u2019homme lui avait d\u2019ailleurs pr\u00e9cis\u00e9 ne pas \u00eatre int\u00e9ress\u00e9 par les mineurs. Ils avaient consomm\u00e9 de la poudre \u00e9cras\u00e9e et bu plusieurs verres, selon l\u2019adolescent qui a pr\u00e9cis\u00e9 en avoir d\u00e9j\u00e0 consomm\u00e9 \u00e0 d\u2019autres occasions. Leurs rapports \u00e0 l\u2019h\u00f4tel avaient \u00e9t\u00e9 consentis, mais le mineur avait fait \u00e9tat de la brutalit\u00e9 de l\u2019homme.<\/p>\n<p>Un eccl\u00e9siastique adepte du chemsex<\/p>\n<p class=\" wall-content\">Le pr\u00eatre a expliqu\u00e9 de son c\u00f4t\u00e9 \u00eatre venu \u00e0 Paris pour un rendez-vous m\u00e9dical, puis avoir pris un rendez-vous sur Grindr. Il reconnaissait le d\u00e9roul\u00e9 des faits et la consommation commune de <strong>GBL et 3CMC<\/strong>, sans aucune notion de contrainte. Il assurait n\u2019avoir pas soup\u00e7onn\u00e9 la minorit\u00e9 du jeune homme, selon le parquet. Une source proche du dossier en novembre\u00a02022 avait indiqu\u00e9 \u00e0 l\u2019AFP qu\u2019il avait admis des rapports violents mais consentis. Les investigations sur son quotidien ont confirm\u00e9 une vie homosexuelle active et ponctu\u00e9e de <a href=\"https:\/\/www.google.com\/search?q=chemsex+site%3Aactu.fr&amp;rlz=1C1GCEA_enFR1123FR1123&amp;oq=chemsex+site%3Aactu.fr&amp;gs_lcrp=EgZjaHJvbWUyBggAEEUYOdIBCDI0MDBqMGo0qAIAsAIA&amp;sourceid=chrome&amp;ie=UTF-8\" target=\"_blank\" rel=\"noopener\">\u00ab\u2009chemsex\u2009\u00bb<\/a>, a indiqu\u00e9 le parquet.<\/p>\n<p>Votre r\u00e9gion, votre actu !<\/p>\n<p>Recevez chaque jour les infos qui comptent pour vous.<\/p>\n<p>\t<a href=\"https:\/\/actu.fr\/newsletter\" class=\"ac-btn ac-btn--corner ac-btn--medium ac-btn--blue800\" target=\"_blank\" rel=\"noopener\">S&rsquo;incrire<\/a><\/p>\n<p class=\" wall-content\">Au moment des faits, Yannick Polign\u00e9, ordonn\u00e9 pr\u00eatre en 1999, \u00e9tait cur\u00e9 de la paroisse <strong>Saint-Louis-Marie-en-Broc\u00e9liande<\/strong>, \u00e0 <a href=\"https:\/\/actu.fr\/bretagne\/montfort-sur-meu_35188\" target=\"_blank\" rel=\"noopener\">Montfort-sur-Meu<\/a> (Ille-et-Vilaine). L\u2019archev\u00eaque de Rennes Pierre d\u2019Ornellas avait annonc\u00e9 en novembre\u00a02022 avoir \u00ab\u2009signal\u00e9 \u00e0 Rome\u2009\u00bb les faits reproch\u00e9s au pr\u00eatre afin que soit lanc\u00e9e une proc\u00e9dure canonique.<\/p>\n<p class=\" wall-content\">Avec AFP<\/p>\n<p class=\" wall-content\">Personnalisez votre actualit\u00e9 en ajoutant vos villes et m\u00e9dias en favori avec <a href=\"https:\/\/moncompte.actu.fr\" title=\"D\u00e9couvez Mon Actu\" rel=\"nofollow noopener\" data-trk=\"{&quot;cta&quot;:{&quot;action&quot;:&quot;https:\\\/\\\/moncompte.actu.fr&quot;,&quot;category&quot;:&quot;mon compte&quot;,&quot;from&quot;:&quot;article footer&quot;,&quot;name&quot;:&quot;Mon actu&quot;,&quot;type&quot;:&quot;cta&quot;}}\" target=\"_blank\">Mon Actu<\/a>.<\/p>\n","protected":false},"excerpt":{"rendered":"Par R\u00e9daction Paris Publi\u00e9 le 31 d\u00e9c. 2025 \u00e0 11h06 Une affaire de drogue, de violences sexuelles et&hellip;\n","protected":false},"author":2,"featured_media":631989,"comment_status":"","ping_status":"","sticky":false,"template":"","format":"standard","meta":{"footnotes":""},"categories":[1888],"tags":[11,1777,674,118,1011,27,303,12,626,4020,25],"class_list":{"0":"post-631988","1":"post","2":"type-post","3":"status-publish","4":"format-standard","5":"has-post-thumbnail","7":"category-paris","8":"tag-actualites","9":"tag-eu","10":"tag-europe","11":"tag-faits-divers","12":"tag-fr","13":"tag-france","14":"tag-justice","15":"tag-news","16":"tag-paris","17":"tag-religion","18":"tag-republique-francaise"},"share_on_mastodon":{"url":"https:\/\/pubeurope.com\/@fr\/115813967720018258","error":""},"_links":{"self":[{"href":"https:\/\/www.europesays.com\/fr\/wp-json\/wp\/v2\/posts\/631988","targetHints":{"allow":["GET"]}}],"collection":[{"href":"https:\/\/www.europesays.com\/fr\/wp-json\/wp\/v2\/posts"}],"about":[{"href":"https:\/\/www.europesays.com\/fr\/wp-json\/wp\/v2\/types\/post"}],"author":[{"embeddable":true,"href":"https:\/\/www.europesays.com\/fr\/wp-json\/wp\/v2\/users\/2"}],"replies":[{"embeddable":true,"href":"https:\/\/www.europesays.com\/fr\/wp-json\/wp\/v2\/comments?post=631988"}],"version-history":[{"count":0,"href":"https:\/\/www.europesays.com\/fr\/wp-json\/wp\/v2\/posts\/631988\/revisions"}],"wp:featuredmedia":[{"embeddable":true,"href":"https:\/\/www.europesays.com\/fr\/wp-json\/wp\/v2\/media\/631989"}],"wp:attachment":[{"href":"https:\/\/www.europesays.com\/fr\/wp-json\/wp\/v2\/media?parent=631988"}],"wp:term":[{"taxonomy":"category","embeddable":true,"href":"https:\/\/www.europesays.com\/fr\/wp-json\/wp\/v2\/categories?post=631988"},{"taxonomy":"post_tag","embeddable":true,"href":"https:\/\/www.europesays.com\/fr\/wp-json\/wp\/v2\/tags?post=631988"}],"curies":[{"name":"wp","href":"https:\/\/api.w.org\/{rel}","templated":true}]}}