{"id":631996,"date":"2025-12-31T11:37:11","date_gmt":"2025-12-31T11:37:11","guid":{"rendered":"https:\/\/www.europesays.com\/fr\/631996\/"},"modified":"2025-12-31T11:37:11","modified_gmt":"2025-12-31T11:37:11","slug":"nigel-farage-dresse-un-tableau-sombre-du-royaume-uni-et-appelle-a-une-rupture-politique","status":"publish","type":"post","link":"https:\/\/www.europesays.com\/fr\/631996\/","title":{"rendered":"Nigel Farage dresse un tableau sombre du Royaume-Uni et appelle \u00e0 une rupture politique"},"content":{"rendered":"<p>\u00c0 l\u2019approche de la nouvelle ann\u00e9e,\u00a0<a href=\"https:\/\/www.dailymail.co.uk\/news\/article-15423011\/NIGEL-FARAGE-new-year-message-reform.html\" target=\"_blank\" rel=\"noopener\"><strong>Nigel Farage<\/strong>\u00a0livre un constat s\u00e9v\u00e8re de l\u2019\u00e9tat du Royaume-Uni.<\/a> Dans son message de v\u0153ux, l\u2019ancien leader du Brexit et figure centrale de\u00a0<strong>Reform UK<\/strong>\u00a0d\u00e9crit un pays qu\u2019il juge plus morose que jamais, frapp\u00e9 par l\u2019appauvrissement, la mont\u00e9e de l\u2019ins\u00e9curit\u00e9 et un climat politique qu\u2019il estime de plus en plus autoritaire.<\/p>\n<p>Selon lui, les Britanniques subissent une combinaison de facteurs d\u00e9l\u00e9t\u00e8res : inflation persistante, hausse du ch\u00f4mage, dette publique hors de contr\u00f4le et sentiment croissant d\u2019ins\u00e9curit\u00e9 dans l\u2019espace public. Il \u00e9voque \u00e9galement une soci\u00e9t\u00e9 o\u00f9 la libert\u00e9 d\u2019expression serait fragilis\u00e9e, allant jusqu\u2019\u00e0 d\u00e9noncer des interventions polici\u00e8res pour des propos tenus sur les r\u00e9seaux sociaux.<\/p>\n<p>Histoire nationale, identit\u00e9 et transmission<\/p>\n<p>Farage a choisi Greenwich pour prononcer son discours, un lieu qu\u2019il pr\u00e9sente comme symbolique de la puissance maritime et de l\u2019histoire britannique. Il insiste sur ce qu\u2019il consid\u00e8re comme un paradoxe contemporain : un pays riche d\u2019un pass\u00e9 qu\u2019il estime volontairement d\u00e9valoris\u00e9 par le syst\u00e8me \u00e9ducatif.<\/p>\n<p>Il affirme que les gouvernements successifs ont encourag\u00e9 une vision culpabilisante de l\u2019histoire nationale, au d\u00e9triment d\u2019un r\u00e9cit structurant. Une \u00e9ventuelle arriv\u00e9e de Reform au pouvoir s\u2019accompagnerait, selon lui, d\u2019une r\u00e9forme de l\u2019enseignement de l\u2019histoire, visant \u00e0 restaurer la fiert\u00e9 nationale.<\/p>\n<p>\u00c9nergie, innovation et critique du \u00ab net z\u00e9ro \u00bb<\/p>\n<p>Sur le plan \u00e9conomique, Farage oppose deux visions : celle d\u2019un pays qu\u2019il juge bloqu\u00e9 par des politiques \u00e9nerg\u00e9tiques restrictives, et celle d\u2019un Royaume-Uni tourn\u00e9 vers l\u2019innovation. Il critique vivement les strat\u00e9gies dites de \u00ab neutralit\u00e9 carbone \u00bb, qu\u2019il accuse de priver le pays d\u2019une \u00e9nergie abondante et bon march\u00e9, condition indispensable, selon lui, \u00e0 toute croissance.<\/p>\n<p>Il met en avant les secteurs technologiques \u00e9mergents, notamment l\u2019intelligence artificielle et les actifs num\u00e9riques. Farage affirme que les cryptomonnaies repr\u00e9sentent une opportunit\u00e9 \u00e9conomique majeure, comparable \u00e0 une nouvelle phase de d\u00e9r\u00e9gulation financi\u00e8re, et reproche aux autorit\u00e9s britanniques de chercher avant tout \u00e0 encadrer et freiner ce secteur.<\/p>\n<p>Immigration, citoyennet\u00e9 et fermet\u00e9 revendiqu\u00e9e<\/p>\n<p>L\u2019un des passages les plus importants de son intervention concerne le cas d\u2019un ressortissant \u00e9gyptien naturalis\u00e9 britannique, auteur de messages violents sur les r\u00e9seaux sociaux. Farage accuse \u00e0 la fois les conservateurs et les travaillistes d\u2019avoir ferm\u00e9 les yeux sur ces prises de position et appelle \u00e0 un retrait imm\u00e9diat de la nationalit\u00e9 britannique.<\/p>\n<p>Il met en garde contre les contraintes juridiques li\u00e9es au droit international, soulignant que certaines d\u00e9cisions tardives pourraient rendre toute expulsion impossible. Cet exemple est utilis\u00e9 pour illustrer ce qu\u2019il pr\u00e9sente comme un effondrement de l\u2019autorit\u00e9 de l\u2019\u00c9tat et une perte de contr\u00f4le des politiques migratoires.<\/p>\n<p>Enfin, Farage s\u2019alarme de reports ou d\u2019annulations d\u2019\u00e9lections locales, qu\u2019il interpr\u00e8te comme une d\u00e9rive autoritaire. Il estime que les \u00e9lections pr\u00e9vues en 2026 \u2013 en \u00c9cosse, au pays de Galles, \u00e0 Londres et dans de nombreux conseils locaux \u2013 constitueront un tournant politique majeur.<\/p>\n<p>Se fondant sur les r\u00e9sultats r\u00e9cents de Reform et sur des sondages favorables, il affirme que son mouvement serait en position de force pour bouleverser l\u2019\u00e9quilibre politique britannique. Il conclut en appelant explicitement les \u00e9lecteurs \u00e0 s\u2019engager, pr\u00e9sentant Reform comme une alternative aux partis traditionnels et comme un vecteur de \u00ab changement radical \u00bb pour le pays.<\/p>\n<p style=\"text-align: justify;\">[cc] Article r\u00e9dig\u00e9 par la r\u00e9daction de\u00a0<a href=\"http:\/\/breizh-info.com\/\" target=\"_blank\" rel=\"noopener\" data-saferedirecturl=\"https:\/\/www.google.com\/url?q=http:\/\/breizh-info.com&amp;source=gmail&amp;ust=1767174616262000&amp;usg=AOvVaw0Bth8CMZ2HdyQQvFRWuF67\">breizh-info.com<\/a>\u00a0et relu et corrig\u00e9 (orthographe, syntaxe) par une intelligence artificielle.<\/p>\n<p style=\"text-align: justify;\">Breizh-info.com, 2025, d\u00e9p\u00eaches libres de copie et de diffusion\u00a0<b>sous r\u00e9serve de mention obligatoire et de lien do follow vers la source d\u2019origine.<\/b><\/p>\n","protected":false},"excerpt":{"rendered":"\u00c0 l\u2019approche de la nouvelle ann\u00e9e,\u00a0Nigel Farage\u00a0livre un constat s\u00e9v\u00e8re de l\u2019\u00e9tat du Royaume-Uni. Dans son message de&hellip;\n","protected":false},"author":2,"featured_media":631997,"comment_status":"","ping_status":"","sticky":false,"template":"","format":"standard","meta":{"footnotes":""},"categories":[1588],"tags":[11,11948,5392,50873,1777,674,1061,2825,474,12,10669,33672,18053,473,1853,1851,1850,1852],"class_list":{"0":"post-631996","1":"post","2":"type-post","3":"status-publish","4":"format-standard","5":"has-post-thumbnail","7":"category-royaume-uni","8":"tag-actualites","9":"tag-crise-economique","10":"tag-cryptomonnaies","11":"tag-elections-locales","12":"tag-eu","13":"tag-europe","14":"tag-immigration","15":"tag-insecurite","16":"tag-liberte-dexpression","17":"tag-news","18":"tag-nigel-farage","19":"tag-politique-britannique","20":"tag-reform-uk","21":"tag-royaume-uni","22":"tag-royaume-uni-de-grande-bretagne-et-dirlande-du-nord","23":"tag-uk","24":"tag-united-kingdom","25":"tag-united-kingdom-of-great-britain-and-northern-ireland"},"share_on_mastodon":{"url":"https:\/\/pubeurope.com\/@fr\/115813983473574403","error":""},"_links":{"self":[{"href":"https:\/\/www.europesays.com\/fr\/wp-json\/wp\/v2\/posts\/631996","targetHints":{"allow":["GET"]}}],"collection":[{"href":"https:\/\/www.europesays.com\/fr\/wp-json\/wp\/v2\/posts"}],"about":[{"href":"https:\/\/www.europesays.com\/fr\/wp-json\/wp\/v2\/types\/post"}],"author":[{"embeddable":true,"href":"https:\/\/www.europesays.com\/fr\/wp-json\/wp\/v2\/users\/2"}],"replies":[{"embeddable":true,"href":"https:\/\/www.europesays.com\/fr\/wp-json\/wp\/v2\/comments?post=631996"}],"version-history":[{"count":0,"href":"https:\/\/www.europesays.com\/fr\/wp-json\/wp\/v2\/posts\/631996\/revisions"}],"wp:featuredmedia":[{"embeddable":true,"href":"https:\/\/www.europesays.com\/fr\/wp-json\/wp\/v2\/media\/631997"}],"wp:attachment":[{"href":"https:\/\/www.europesays.com\/fr\/wp-json\/wp\/v2\/media?parent=631996"}],"wp:term":[{"taxonomy":"category","embeddable":true,"href":"https:\/\/www.europesays.com\/fr\/wp-json\/wp\/v2\/categories?post=631996"},{"taxonomy":"post_tag","embeddable":true,"href":"https:\/\/www.europesays.com\/fr\/wp-json\/wp\/v2\/tags?post=631996"}],"curies":[{"name":"wp","href":"https:\/\/api.w.org\/{rel}","templated":true}]}}