{"id":632022,"date":"2025-12-31T11:57:09","date_gmt":"2025-12-31T11:57:09","guid":{"rendered":"https:\/\/www.europesays.com\/fr\/632022\/"},"modified":"2025-12-31T11:57:09","modified_gmt":"2025-12-31T11:57:09","slug":"reveillon-2026-et-clin-doeil-a-achraf-hakimi","status":"publish","type":"post","link":"https:\/\/www.europesays.com\/fr\/632022\/","title":{"rendered":"R\u00e9veillon 2026 et clin d\u2019\u0153il \u00e0 Achraf Hakimi"},"content":{"rendered":"<p>L\u2019ic\u00f4ne am\u00e9ricaine a partag\u00e9 son p\u00e9riple marocain avec ses millions d\u2019abonn\u00e9s, documentant son arriv\u00e9e dans la ville ocre quelques heures seulement avant le passage \u00e0 la nouvelle ann\u00e9e. Apr\u00e8s une escale culturelle \u00e0 F\u00e8s, la star a rejoint Marrakech accompagn\u00e9e de son compagnon et de sa garde rapproch\u00e9e pour s\u2019offrir une immersion authentique. Loin des paillettes habituelles, elle a \u00e9t\u00e9 aper\u00e7ue fl\u00e2nant dans les ruelles et les souks de la m\u00e9dina, profitant de l\u2019ambiance unique de la fin d\u2019ann\u00e9e.<\/p>\n<p><strong>\u00c0 lire\u00a0: <a href=\"https:\/\/www.bladi.net\/chateau-marocain-madonna-vente-los-angeles,100348.html\" class=\"spip_in\" target=\"_blank\" rel=\"noopener\">L\u2019ancien ch\u00e2teau marocain de Madonna mis en vente pr\u00e8s de Los Angeles<\/a><\/strong><\/p>\n<p>Au d\u00e9tour de ses promenades, Madonna a fait un clin d\u2019\u0153il appuy\u00e9 \u00e0 l\u2019actualit\u00e9 sportive en publiant des clich\u00e9s des maillots des s\u00e9lections africaines, mettant sp\u00e9cifiquement en lumi\u00e8re celui de la star marocaine Achraf Hakimi.<\/p>\n<p><strong>\u00c0 lire\u00a0: <a href=\"https:\/\/www.bladi.net\/madonna-declare-amour-maroc,104180.html\" class=\"spip_in\" target=\"_blank\" rel=\"noopener\">Madonna d\u00e9clare son amour au Maroc <\/a><\/strong><\/p>\n<p>Ce s\u00e9jour ne fait que renforcer l\u2019histoire d\u2019amour qui lie la chanteuse au Maroc depuis des ann\u00e9es. On se souvient de son fastueux 60\u1d49 anniversaire c\u00e9l\u00e9br\u00e9 ici m\u00eame, o\u00f9 elle s\u2019\u00e9tait autoproclam\u00e9e \u00ab\u00a0Reine berb\u00e8re\u00a0\u00bb en tenue amazighe. Plus r\u00e9cemment, elle avait manifest\u00e9 une solidarit\u00e9 touchante lors du s\u00e9isme de septembre 2023, effectuant d\u2019importants dons via l\u2019organisation Human Appeal et d\u00e9clarant que le Maroc tenait une \u00ab\u00a0place particuli\u00e8re\u00a0\u00bb dans son c\u0153ur. En choisissant \u00e0 nouveau le Royaume pour d\u00e9buter 2026, Madonna offre une vitrine mondiale exceptionnelle \u00e0 la destination touristique nationale.<\/p>\n<blockquote class=\"instagram-media\" data-instgrm-captioned=\"\" data-instgrm-permalink=\"https:\/\/www.instagram.com\/p\/DS5vv2QEnZs\/\" data-instgrm-version=\"14\"\/>\n<p>                                    <script async src=\"\/\/www.instagram.com\/embed.js\"><\/script><\/p>\n","protected":false},"excerpt":{"rendered":"L\u2019ic\u00f4ne am\u00e9ricaine a partag\u00e9 son p\u00e9riple marocain avec ses millions d\u2019abonn\u00e9s, documentant son arriv\u00e9e dans la ville ocre&hellip;\n","protected":false},"author":2,"featured_media":632023,"comment_status":"","ping_status":"","sticky":false,"template":"","format":"standard","meta":{"footnotes":""},"categories":[1355],"tags":[58,59,1011,27,1361,873],"class_list":{"0":"post-632022","1":"post","2":"type-post","3":"status-publish","4":"format-standard","5":"has-post-thumbnail","7":"category-musique","8":"tag-divertissement","9":"tag-entertainment","10":"tag-fr","11":"tag-france","12":"tag-music","13":"tag-musique"},"share_on_mastodon":{"url":"https:\/\/pubeurope.com\/@fr\/115814062121898547","error":""},"_links":{"self":[{"href":"https:\/\/www.europesays.com\/fr\/wp-json\/wp\/v2\/posts\/632022","targetHints":{"allow":["GET"]}}],"collection":[{"href":"https:\/\/www.europesays.com\/fr\/wp-json\/wp\/v2\/posts"}],"about":[{"href":"https:\/\/www.europesays.com\/fr\/wp-json\/wp\/v2\/types\/post"}],"author":[{"embeddable":true,"href":"https:\/\/www.europesays.com\/fr\/wp-json\/wp\/v2\/users\/2"}],"replies":[{"embeddable":true,"href":"https:\/\/www.europesays.com\/fr\/wp-json\/wp\/v2\/comments?post=632022"}],"version-history":[{"count":0,"href":"https:\/\/www.europesays.com\/fr\/wp-json\/wp\/v2\/posts\/632022\/revisions"}],"wp:featuredmedia":[{"embeddable":true,"href":"https:\/\/www.europesays.com\/fr\/wp-json\/wp\/v2\/media\/632023"}],"wp:attachment":[{"href":"https:\/\/www.europesays.com\/fr\/wp-json\/wp\/v2\/media?parent=632022"}],"wp:term":[{"taxonomy":"category","embeddable":true,"href":"https:\/\/www.europesays.com\/fr\/wp-json\/wp\/v2\/categories?post=632022"},{"taxonomy":"post_tag","embeddable":true,"href":"https:\/\/www.europesays.com\/fr\/wp-json\/wp\/v2\/tags?post=632022"}],"curies":[{"name":"wp","href":"https:\/\/api.w.org\/{rel}","templated":true}]}}