{"id":632035,"date":"2025-12-31T12:04:11","date_gmt":"2025-12-31T12:04:11","guid":{"rendered":"https:\/\/www.europesays.com\/fr\/632035\/"},"modified":"2025-12-31T12:04:11","modified_gmt":"2025-12-31T12:04:11","slug":"pour-la-premiere-fois-depuis-son-retour-au-pouvoir-donald-trump-oppose-son-veto-a-deux-projets-de-loi","status":"publish","type":"post","link":"https:\/\/www.europesays.com\/fr\/632035\/","title":{"rendered":"pour la premi\u00e8re fois depuis son retour au pouvoir, Donald Trump oppose son veto \u00e0 deux projets de loi"},"content":{"rendered":"<p>\n    Les deux textes bipartisans pr\u00e9voyaient l\u2019acheminement d\u2019eau du Colorado aux grandes plaines et un projet de loi pr\u00e9voyant l\u2019extension d\u2019une r\u00e9serve am\u00e9rindienne de la tribu des Mikasukis en Floride.<\/p>\n<p class=\"fig-paragraph\">Pour la premi\u00e8re fois lors de son second mandat, le pr\u00e9sident am\u00e9ricain\u00a0<a href=\"http:\/\/www.lefigaro.fr\/international\/des-artistes-annulent-leurs-concerts-au-kennedy-center-salle-de-spectacles-rebaptisee-au-nom-de-donald-trump-20251230\" target=\"_blank\" data-fig-type=\"NewsFlash\" rel=\"noopener\" data-gtm-custom-categorie=\"navigation\" data-gtm-custom-action=\"crossclick\" data-gtm-custom-label=\"Contextuel\" data-gtm-event=\"customEventSPE\" data-fig-domain=\"LEFIGARO\">Donald Trump<\/a>\u00a0a mis son veto \u00e0 deux\u00a0<a href=\"http:\/\/www.lefigaro.fr\/international\/etats-unis-le-senat-adopte-de-justesse-le-mega-projet-de-loi-budgetaire-de-donald-trump-20250701\" target=\"_blank\" data-fig-type=\"NewsFlash\" rel=\"noopener\" data-gtm-custom-categorie=\"navigation\" data-gtm-custom-action=\"crossclick\" data-gtm-custom-label=\"Contextuel\" data-gtm-event=\"customEventSPE\" data-fig-domain=\"LEFIGARO\">projets de loi<\/a>, rejetant la construction d&rsquo;un pipeline d&rsquo;eau potable et l&rsquo;extension d&rsquo;une r\u00e9serve am\u00e9rindienne. Le pr\u00e9sident r\u00e9publicain a oppos\u00e9 son veto lundi \u00e0 ces textes bipartisans, soutenu par les\u00a0<a href=\"http:\/\/www.lefigaro.fr\/international\/fini-d-etre-m-gentil-donald-trump-accuse-un-elu-democrate-de-deloyaute-apres-l-avoir-gracie-20251208\" target=\"_blank\" data-fig-type=\"NewsFlash\" rel=\"noopener\" data-gtm-custom-categorie=\"navigation\" data-gtm-custom-action=\"crossclick\" data-gtm-custom-label=\"Contextuel\" data-gtm-event=\"customEventSPE\" data-fig-domain=\"LEFIGARO\">\u00e9lus d\u00e9mocrates<\/a>\u00a0et les r\u00e9publicains, a annonc\u00e9 la Maison Blanche mercredi.<\/p>\n<p class=\"fig-paragraph\">Pour passer outre le veto pr\u00e9sidentiel, le S\u00e9nat et la Chambre des repr\u00e9sentants devront adopter ces textes \u00e0 une majorit\u00e9 des deux tiers. L&rsquo;un de ces textes visait \u00e0 achever un projet datant des ann\u00e9es 60 pour acheminer de l&rsquo;eau potable jusqu&rsquo;aux grandes plaines de l&rsquo;est du Colorado.<\/p>\n<p>                                            <a class=\"fig-a11y-skip\" href=\"#fig-a11y-skip-main-inarticle\" data-module=\"a11y-skip\" data-context=\"was @visible\"><br \/>\n    Passer la publicit\u00e9<br \/>\n<\/a>            <\/p>\n<p class=\"fig-paragraph\">Donald Trump a justifi\u00e9 son veto par le co\u00fbt, selon lui, trop important du projet, se f\u00e9licitant d&rsquo;\u00e9pargner ainsi aux contribuables am\u00e9ricains le financement de \u00abpolitiques co\u00fbteuses et peu fiables\u00bb, dans sa lettre d&rsquo;explication au Congr\u00e8s. Le pipeline, dont la construction avait \u00e9t\u00e9 propos\u00e9e dans les ann\u00e9es 60 sous la pr\u00e9sidence de John Kennedy, avait obtenu le soutien des deux chambres du Congr\u00e8s. \u00abCe n&rsquo;est pas termin\u00e9\u00bb, a \u00e9crit sur les r\u00e9seaux sociaux l&rsquo;\u00e9lue r\u00e9publicaine du Colorado \u00e0 la Chambre des repr\u00e9sentants Lauren Boebert, une ancienne alli\u00e9e de Donald Trump.<\/p>\n<p>                                            Contre l\u2019extension d\u2019une r\u00e9serve am\u00e9rindienne<\/p>\n<p class=\"fig-paragraph\">La Maison Blanche a \u00e9galement annonc\u00e9 le veto de Donald Trump \u00e0 un projet de loi pr\u00e9voyant l&rsquo;extension de la r\u00e9serve am\u00e9rindienne de la tribu des Mikasukis dans une section du parc national des Everglades, en Floride, nomm\u00e9e Osceola Camp. La tribu avait particip\u00e9, plus t\u00f4t cette ann\u00e9e, \u00e0 une action en justice contre l&rsquo;\u00abAlcatraz des alligators\u00bb, un centre de r\u00e9tention de migrants mont\u00e9 \u00e0 la va-vite dans cette r\u00e9gion mar\u00e9cageuse des Everglades. Une juge f\u00e9d\u00e9rale avait ordonn\u00e9 de d\u00e9manteler de nombreux \u00e9quipements du centre, signifiant sa fermeture \u00e0 terme.<\/p>\n<p class=\"fig-paragraph\">Donald Trump a affirm\u00e9 que la tribu des Mikasukis n&rsquo;\u00e9tait pas autoris\u00e9e \u00e0 occuper Osceola Camp et que son administration ne permettrait pas l&rsquo;utilisation de l&rsquo;argent des contribuables pour des \u00abprojets au b\u00e9n\u00e9fice d&rsquo;int\u00e9r\u00eats particuliers\u00bb, notamment pour des groupes \u00abnon align\u00e9s\u00bb avec sa politique migratoire.<\/p>\n<p class=\"fig-paragraph\">Les pr\u00e9sidents am\u00e9ricains ont rarement recours au veto aux \u00c9tats-Unis. Lors de son premier mandat \u00e0 la Maison Blanche, Donald Trump a oppos\u00e9 son veto \u00e0 10 textes. Son pr\u00e9d\u00e9cesseur, le d\u00e9mocrate Joe Biden, a mis son veto \u00e0 13 projets de loi au cours de ses quatre ann\u00e9es de mandat.<\/p>\n","protected":false},"excerpt":{"rendered":"Les deux textes bipartisans pr\u00e9voyaient l\u2019acheminement d\u2019eau du Colorado aux grandes plaines et un projet de loi pr\u00e9voyant&hellip;\n","protected":false},"author":2,"featured_media":632036,"comment_status":"","ping_status":"","sticky":false,"template":"","format":"standard","meta":{"footnotes":""},"categories":[5],"tags":[11,75,73,1011,27,14,12,316,28],"class_list":{"0":"post-632035","1":"post","2":"type-post","3":"status-publish","4":"format-standard","5":"has-post-thumbnail","7":"category-international","8":"tag-actualites","9":"tag-donald-trump","10":"tag-etats-unis","11":"tag-fr","12":"tag-france","13":"tag-international","14":"tag-news","15":"tag-politique","16":"tag-world"},"share_on_mastodon":{"url":"https:\/\/pubeurope.com\/@fr\/115814089649071386","error":""},"_links":{"self":[{"href":"https:\/\/www.europesays.com\/fr\/wp-json\/wp\/v2\/posts\/632035","targetHints":{"allow":["GET"]}}],"collection":[{"href":"https:\/\/www.europesays.com\/fr\/wp-json\/wp\/v2\/posts"}],"about":[{"href":"https:\/\/www.europesays.com\/fr\/wp-json\/wp\/v2\/types\/post"}],"author":[{"embeddable":true,"href":"https:\/\/www.europesays.com\/fr\/wp-json\/wp\/v2\/users\/2"}],"replies":[{"embeddable":true,"href":"https:\/\/www.europesays.com\/fr\/wp-json\/wp\/v2\/comments?post=632035"}],"version-history":[{"count":0,"href":"https:\/\/www.europesays.com\/fr\/wp-json\/wp\/v2\/posts\/632035\/revisions"}],"wp:featuredmedia":[{"embeddable":true,"href":"https:\/\/www.europesays.com\/fr\/wp-json\/wp\/v2\/media\/632036"}],"wp:attachment":[{"href":"https:\/\/www.europesays.com\/fr\/wp-json\/wp\/v2\/media?parent=632035"}],"wp:term":[{"taxonomy":"category","embeddable":true,"href":"https:\/\/www.europesays.com\/fr\/wp-json\/wp\/v2\/categories?post=632035"},{"taxonomy":"post_tag","embeddable":true,"href":"https:\/\/www.europesays.com\/fr\/wp-json\/wp\/v2\/tags?post=632035"}],"curies":[{"name":"wp","href":"https:\/\/api.w.org\/{rel}","templated":true}]}}