{"id":632037,"date":"2025-12-31T12:05:16","date_gmt":"2025-12-31T12:05:16","guid":{"rendered":"https:\/\/www.europesays.com\/fr\/632037\/"},"modified":"2025-12-31T12:05:16","modified_gmt":"2025-12-31T12:05:16","slug":"de-nouveaux-tests-civique-et-de-langue-requis-des-le-1er-janvier-pour-les-etrangers-sinstallant-durablement-en-france","status":"publish","type":"post","link":"https:\/\/www.europesays.com\/fr\/632037\/","title":{"rendered":"De nouveaux tests civique et de langue requis d\u00e8s le 1er janvier pour les \u00e9trangers s&rsquo;installant durablement en France"},"content":{"rendered":"\n<p class=\"c-chapo \">\n  Le test civique, d&rsquo;une dur\u00e9e de quarante-cinq minutes, se d\u00e9roulera sur support num\u00e9rique dans des centres d&rsquo;examen agr\u00e9\u00e9s. Un taux de 80% de bonnes r\u00e9ponses est exig\u00e9 pour valider l&rsquo;examen.\n<\/p>\n<p>      lire plus tard<\/p>\n<p id=\"dialog__title\" class=\"dialog__title\">Pour sauvegarder cet article, connectez-vous ou cr\u00e9ez un compte franceinfo<\/p>\n<p class=\"dialog__description\">Sans paiement. Sans abonnement.<\/p>\n<p>        Fermer la fen\u00eatre d\u2019activation des notifications France Info<\/p>\n<p>      cr\u00e9er votre compte<\/p>\n<p>      se connecter<\/p>\n<p>      :<\/p>\n<p>        Fermer la fen\u00eatre de pr\u00e9sentation<\/p>\n<p>    <img loading=\"lazy\" decoding=\"async\" class=\"signature__image lazyload\" width=\"100\" height=\"100\" data- alt=\"\" src=\"https:\/\/www.europesays.com\/fr\/wp-content\/uploads\/2025\/05\/64a68815cd1a7_placeholder-36b69ec8.png\"\/><\/p>\n<p>    Publi\u00e9 le 31\/12\/2025 08:34<\/p>\n<p>        Temps de lecture : 2min<\/p>\n<p>    <img decoding=\"async\"  alt=\"Un jeune migrant remplit sa demande de permis de s\u00e9jour dans les locaux d'une association, le 27 d\u00e9cembre 2023 \u00e0 Poitiers. (JEAN-FRANCOIS FORT \/ HANS LUCAS \/ AFP)\" width=\"432\" height=\"243\" src=\"https:\/\/www.europesays.com\/fr\/wp-content\/uploads\/2025\/12\/080-hl-jffort-2249584-6954d1c755219569045934.jpg\" fetchpriority=\"high\"\/><\/p>\n<p>      Un jeune migrant remplit sa demande de permis de s\u00e9jour dans les locaux d&rsquo;une association, le 27 d\u00e9cembre 2023 \u00e0 Poitiers. (JEAN-FRANCOIS FORT \/ HANS LUCAS \/ AFP)<\/p>\n<p>Un tour de vis.\u00a0A partir du 1er janvier, les \u00e9trangers souhaitant s&rsquo;installer durablement en France devront avoir r\u00e9ussi un examen civique et prouver qu&rsquo;ils ma\u00eetrisent un certain niveau de fran\u00e7ais. Ces deux examens seront obligatoires pour tout \u00e9tranger non europ\u00e9en en situation r\u00e9guli\u00e8re en France sollicitant pour la premi\u00e8re fois une carte de s\u00e9jour pluriannuelle (de deux \u00e0 quatre\u00a0ans) ou de r\u00e9sident, ainsi que pour les candidats \u00e0 la naturalisation (en plus de l&rsquo;entretien en pr\u00e9fecture qui reste en vigueur). Ils ont \u00e9t\u00e9 introduits par la derni\u00e8re <a href=\"https:\/\/www.franceinfo.fr\/societe\/immigration\/projet-de-loi-immigration-le-parlement-adopte-le-texte-issu-de-la-commission-mixte-paritaire_6255240.html\" rel=\"noopener noreferrer nofollow\" data-tooltip-url=\"https:\/\/www.franceinfo.fr\/societe\/immigration\/projet-de-loi-immigration-le-parlement-adopte-le-texte-issu-de-la-commission-mixte-paritaire_6255240.html\" target=\"_blank\">loi immigration<\/a> promulgu\u00e9e en janvier 2024, dans le cadre du \u00ab\u00a0Contrat d&rsquo;int\u00e9gration r\u00e9publicaine\u00a0\u00bb.<\/p>\n<p>Le test civique, d&rsquo;une dur\u00e9e de quarante-cinq minutes, se d\u00e9roulera sur support num\u00e9rique dans des centres d&rsquo;examen agr\u00e9\u00e9s. Les candidats devront r\u00e9pondre \u00e0 40 questions \u00e0 choix multiples au travers de cinq th\u00e9matiques\u00a0: \u00ab\u00a0principes et valeurs de la R\u00e9publique\u00a0\u00bb (devise, la\u00efcit\u00e9), \u00ab\u00a0droits et devoirs de la vie en France\u00a0\u00bb, \u00ab\u00a0syst\u00e8me institutionnel et politique\u00a0\u00bb (droit de vote, fondements de l&rsquo;Union europ\u00e9enne), \u00ab\u00a0histoire, g\u00e9ographie et culture\u00a0\u00bb et \u00ab\u00a0vie de la soci\u00e9t\u00e9 fran\u00e7aise\u00a0\u00bb (acc\u00e8s aux soins, droit du travail).<\/p>\n<p>Un taux de 80% de bonnes r\u00e9ponses est exig\u00e9 pour valider l&rsquo;examen, qui devient donc un pr\u00e9requis incontournable pour obtenir un titre longue dur\u00e9e, sans limite du nombre de tentatives. Diff\u00e9rents niveaux de difficult\u00e9 sont pr\u00e9vus en fonction du titre de s\u00e9jour demand\u00e9 et du niveau de langue requis pour chacun d&rsquo;eux.\u00a0<\/p>\n<p>Quant au test de langue, si auparavant il suffisait de justifier d&rsquo;avoir assist\u00e9 \u00e0 des cours de fran\u00e7ais, les \u00e9trangers souhaitant s&rsquo;installer pour plusieurs ann\u00e9es sur le territoire devront dor\u00e9navant avoir valid\u00e9 un dipl\u00f4me. Les niveaux ont par ailleurs \u00e9t\u00e9 relev\u00e9s. Il faudra avoir valid\u00e9 un niveau A2 (interm\u00e9diaire) pour la carte de s\u00e9jour pluriannuelle, B1 (seuil) pour celle de r\u00e9sident et B2 (avanc\u00e9) pour les candidats \u00e0 la naturalisation. L&rsquo;Etat ne financera plus l&rsquo;examen, dont le prix oscille entre 100 et 200\u00a0euros.<\/p>\n<p>Des cours sur une plateforme num\u00e9rique, en acc\u00e8s gratuit, sont \u00e0 disposition des candidats. L&rsquo;Office fran\u00e7ais de l&rsquo;immigration et de l&rsquo;int\u00e9gration propose \u00e9galement 600 heures de cours de langue en pr\u00e9sentiel pour les personnes ne sachant ni lire, ni \u00e9crire et ayant un niveau grand d\u00e9butant \u00e0 l&rsquo;oral.<\/p>\n","protected":false},"excerpt":{"rendered":"Le test civique, d&rsquo;une dur\u00e9e de quarante-cinq minutes, se d\u00e9roulera sur support num\u00e9rique dans des centres d&rsquo;examen agr\u00e9\u00e9s.&hellip;\n","protected":false},"author":2,"featured_media":632038,"comment_status":"","ping_status":"","sticky":false,"template":"","format":"standard","meta":{"footnotes":""},"categories":[4],"tags":[11,1011,27,12,25],"class_list":{"0":"post-632037","1":"post","2":"type-post","3":"status-publish","4":"format-standard","5":"has-post-thumbnail","7":"category-france","8":"tag-actualites","9":"tag-fr","10":"tag-france","11":"tag-news","12":"tag-republique-francaise"},"share_on_mastodon":{"url":"https:\/\/pubeurope.com\/@fr\/115814093695667096","error":""},"_links":{"self":[{"href":"https:\/\/www.europesays.com\/fr\/wp-json\/wp\/v2\/posts\/632037","targetHints":{"allow":["GET"]}}],"collection":[{"href":"https:\/\/www.europesays.com\/fr\/wp-json\/wp\/v2\/posts"}],"about":[{"href":"https:\/\/www.europesays.com\/fr\/wp-json\/wp\/v2\/types\/post"}],"author":[{"embeddable":true,"href":"https:\/\/www.europesays.com\/fr\/wp-json\/wp\/v2\/users\/2"}],"replies":[{"embeddable":true,"href":"https:\/\/www.europesays.com\/fr\/wp-json\/wp\/v2\/comments?post=632037"}],"version-history":[{"count":0,"href":"https:\/\/www.europesays.com\/fr\/wp-json\/wp\/v2\/posts\/632037\/revisions"}],"wp:featuredmedia":[{"embeddable":true,"href":"https:\/\/www.europesays.com\/fr\/wp-json\/wp\/v2\/media\/632038"}],"wp:attachment":[{"href":"https:\/\/www.europesays.com\/fr\/wp-json\/wp\/v2\/media?parent=632037"}],"wp:term":[{"taxonomy":"category","embeddable":true,"href":"https:\/\/www.europesays.com\/fr\/wp-json\/wp\/v2\/categories?post=632037"},{"taxonomy":"post_tag","embeddable":true,"href":"https:\/\/www.europesays.com\/fr\/wp-json\/wp\/v2\/tags?post=632037"}],"curies":[{"name":"wp","href":"https:\/\/api.w.org\/{rel}","templated":true}]}}