{"id":632058,"date":"2025-12-31T12:19:10","date_gmt":"2025-12-31T12:19:10","guid":{"rendered":"https:\/\/www.europesays.com\/fr\/632058\/"},"modified":"2025-12-31T12:19:10","modified_gmt":"2025-12-31T12:19:10","slug":"stupide-sans-mobile-sans-raison-ce-crime-du-reveillon-avait-tenu-en-haleine-tous-les-habitants-de-rennes-en-1934","status":"publish","type":"post","link":"https:\/\/www.europesays.com\/fr\/632058\/","title":{"rendered":"\u00ab\u00a0Stupide, sans mobile, sans raison\u00a0\u00bb\u00a0: ce crime du r\u00e9veillon avait tenu en haleine tous les habitants de Rennes en 1934"},"content":{"rendered":"<p>Nous sommes le 1er janvier 1934 et Rennes s\u2019emmitoufle. Le mercure tutoie le z\u00e9ro, les manteaux froufroutent dans les rues gel\u00e9es, on rend visite \u00e0 la famille, on se souhaite bonne sant\u00e9. Mais \u00e0 Saint-H\u00e9lier, deux personnes ne conna\u00eetront jamais l\u2019ann\u00e9e qui vient de na\u00eetre.<\/p>\n<p>Une peccadille \u00e0 l\u2019origine du crime<\/p>\n<p>\u00ab Lui, il s\u2019est fait agresser dans la rue. \u00bb Voil\u00e0 ce que pensent les policiers de permanence dans le commissariat place de la mairie, lorsqu\u2019ils voient entrer, vers 20h45, un sexagn\u00e9naire au visage tum\u00e9fi\u00e9. Ils sont loin du compte. L\u2019inconnu s\u2019effondre sur un banc. Il sanglote : \u00ab Je viens de tuer un homme. \u00bb<\/p>\n<p>Celui qui triture sa casquette tach\u00e9e de sang s\u2019appelle Elie Brou, m\u00e9cano retrait\u00e9 de son \u00e9tat. Sa victime n\u2019est autre que son beau-fils. Elie vit avec sa nouvelle conjointe dans une de ces petites maisons avec jardinet de l\u2019impasse du Verger. C\u2019est l\u00e0 qu\u2019a eu lieu la trag\u00e9die. Vers 20h, raconte Elie, Pierre Honor\u00e9, 24 ans, d\u00e9barque chez lui. Cet enfant que sa femme a eu d\u2019un premier lit demande qu\u2019on lui pr\u00eate des ventouses -un dispositif traditionnel cens\u00e9 aspirer \u00ab le mauvais sang \u00bb. Maman va les chercher, quand soudain le ton monte avec Elie. Pour une peccadille.<\/p>\n<p>Un portrait moins flatteur<\/p>\n<p>\u00ab Sa femme qui \u00e9tait venue ce matin souhaiter la bonne ann\u00e9e (\u2026) avait refus\u00e9 de me serrer la main. \u00bb Pierre frappe Elie, qui sort un pistolet pour l\u2019intimider. Dans la cohue, deux coups partent. Pierre, touch\u00e9 \u00e0 la t\u00eate, s\u2019effondre. \u00ab Un crime stupide, sans mobile, sans raison \u00bb, narre l\u2019Ouest-\u00c9clair, qui d\u00e9crit Elie comme \u00ab un brave homme \u00bb, assassin malgr\u00e9 lui. Vraiment ? Ne sortez pas tout de suite les violons.<\/p>\n<p>La police perquisitionne la maison. Et d\u00e9couvre\u2026 Qu\u2019il y a un deuxi\u00e8me corps. La mamie de Pierre, qui vit sur place, a vu le cadavre de son petit-fils et le choc l\u2019a tu\u00e9e. Reste la m\u00e8re, hagarde, avec son paquet de ventouses inutiles. \u00c0 la presse, elle brosse un portrait beaucoup moins flatteur d\u2019Elie Brou. Un homme brutal, qui lui fait vivre \u00ab un v\u00e9ritable martyre \u00bb et se ruine en prostitu\u00e9es -ce que les voisins ignorent. Pierre, c\u2019\u00e9tait son \u00ab souffre douleur \u00bb depuis l\u2019enfance. D\u00e9tail crucial : la maison et les meubles ont \u00e9t\u00e9 achet\u00e9s avec l\u2019h\u00e9ritage de Pierre, qui est pupille de la nation. Elie ne supportait pas que le beau-fils honni soit son logeur. Il aurait envenim\u00e9 une dispute pour mieux s\u2019en d\u00e9barrasser.<\/p>\n<p>Interrog\u00e9e aussi, la veuve de Pierre enfonce le clou : Elie \u00e9tait jaloux\u2026 Car il avait des vues sur elle. On comprend mieux pourquoi elle refusait de lui serrer la main.<\/p>\n<p>Le 30 mai, la Cour d\u2019assise (qui n\u2019a pas retenu la pr\u00e9m\u00e9ditation) condamne Elie Brou \u00e0 trois ans de prison et \u00e0 indemniser la famille de sa victime. La veuve soupire : \u00ab On aurait souhait\u00e9 \u00eatre heureux. \u00bb Elie : \u00ab Je l\u2019aurais souhait\u00e9 aussi. \u00bb \u00ab Non, M. Brou. Vous l\u2019avez souhait\u00e9 d\u2019une tout autre mani\u00e8re pour moi et mon enfant. \u00bb Car Pierre a laiss\u00e9 derri\u00e8re lui un orphelin d\u2019un mois. Qu\u2019est devenu ce nourrisson ? Nous l\u2019avons cherch\u00e9. Les registres r\u00e9v\u00e8lent que le fils de Pierre a surv\u00e9cu au drame. Il est mort en 2022, \u00e0 l\u2019\u00e2ge de 88 ans.<\/p>\n","protected":false},"excerpt":{"rendered":"Nous sommes le 1er janvier 1934 et Rennes s\u2019emmitoufle. Le mercure tutoie le z\u00e9ro, les manteaux froufroutent dans&hellip;\n","protected":false},"author":2,"featured_media":632059,"comment_status":"","ping_status":"","sticky":false,"template":"","format":"standard","meta":{"footnotes":""},"categories":[2821],"tags":[1111,11,829,1777,674,1011,27,848,12,584,25],"class_list":{"0":"post-632058","1":"post","2":"type-post","3":"status-publish","4":"format-standard","5":"has-post-thumbnail","7":"category-rennes","8":"tag-actu","9":"tag-actualites","10":"tag-bretagne","11":"tag-eu","12":"tag-europe","13":"tag-fr","14":"tag-france","15":"tag-ille-et-vilaine","16":"tag-news","17":"tag-rennes","18":"tag-republique-francaise"},"share_on_mastodon":{"url":"https:\/\/pubeurope.com\/@fr\/115814148585952596","error":""},"_links":{"self":[{"href":"https:\/\/www.europesays.com\/fr\/wp-json\/wp\/v2\/posts\/632058","targetHints":{"allow":["GET"]}}],"collection":[{"href":"https:\/\/www.europesays.com\/fr\/wp-json\/wp\/v2\/posts"}],"about":[{"href":"https:\/\/www.europesays.com\/fr\/wp-json\/wp\/v2\/types\/post"}],"author":[{"embeddable":true,"href":"https:\/\/www.europesays.com\/fr\/wp-json\/wp\/v2\/users\/2"}],"replies":[{"embeddable":true,"href":"https:\/\/www.europesays.com\/fr\/wp-json\/wp\/v2\/comments?post=632058"}],"version-history":[{"count":0,"href":"https:\/\/www.europesays.com\/fr\/wp-json\/wp\/v2\/posts\/632058\/revisions"}],"wp:featuredmedia":[{"embeddable":true,"href":"https:\/\/www.europesays.com\/fr\/wp-json\/wp\/v2\/media\/632059"}],"wp:attachment":[{"href":"https:\/\/www.europesays.com\/fr\/wp-json\/wp\/v2\/media?parent=632058"}],"wp:term":[{"taxonomy":"category","embeddable":true,"href":"https:\/\/www.europesays.com\/fr\/wp-json\/wp\/v2\/categories?post=632058"},{"taxonomy":"post_tag","embeddable":true,"href":"https:\/\/www.europesays.com\/fr\/wp-json\/wp\/v2\/tags?post=632058"}],"curies":[{"name":"wp","href":"https:\/\/api.w.org\/{rel}","templated":true}]}}