{"id":63206,"date":"2025-04-30T01:43:08","date_gmt":"2025-04-30T01:43:08","guid":{"rendered":"https:\/\/www.europesays.com\/fr\/63206\/"},"modified":"2025-04-30T01:43:08","modified_gmt":"2025-04-30T01:43:08","slug":"sans-langue-de-bois-brigitte-macron-balance-sur-carla-bruni-je-nessaie-meme-pas","status":"publish","type":"post","link":"https:\/\/www.europesays.com\/fr\/63206\/","title":{"rendered":"Sans langue de bois, Brigitte Macron balance sur Carla Bruni : \u00ab\u00a0Je n\u2019essaie m\u00eame pas\u00a0\u00bb"},"content":{"rendered":"<p>Voil\u00e0 huit ans que Brigitte Macron a int\u00e9gr\u00e9 le palais de<br \/>\nl\u2019Elys\u00e9e. En remportant l\u2019\u00e9lection pr\u00e9sidentielle en mai 2017,<br \/>\nEmmanuel Macron a par cons\u00e9quent impos\u00e9 un nouveau r\u00f4le \u00e0 son<br \/>\n\u00e9pouse : celui de Premi\u00e8re dame. Un statut public difficile \u00e0 g\u00e9rer<br \/>\npour n\u2019importe quelle femme dont le mari a \u00e9t\u00e9 nomm\u00e9 chef d\u2019Etat.<br \/>\nHeureusement, Brigitte a pu compter sur le soutien sans faille de<br \/>\nCarla Bruni qui a v\u00e9cu la m\u00eame exp\u00e9rience qu\u2019elle durant le mandat<br \/>\nde Nicolas Sarkozy.<\/p>\n<p>Ce moment o\u00f9 Brigitte Macron a pris contact avec Carla Bruni<br \/>\npour la premi\u00e8re fois<\/p>\n<p>Dans un entretien accord\u00e9 \u00e0 Gala le 24 juin 2021, les deux<br \/>\nfemmes ont \u00e9voqu\u00e9 ensemble <strong>leur profonde amiti\u00e9<\/strong>.<br \/>\n\u00ab\u00a0Il y a une complicit\u00e9. Une certaine connivence m\u00eame, comme il<br \/>\nen existe entre <strong>des personnes qui, sans se conna\u00eetre, ont<br \/>\nv\u00e9cu des exp\u00e9riences proches\u00a0\u00bb<\/strong>, a d\u2019abord rappel\u00e9<br \/>\ncelle <a href=\"https:\/\/www.melty.fr\/people\/taclee-sur-son-physique-brigitte-macron-explose-je-trouve-ca-insense-2229592.html\" rel=\"nofollow noopener\" target=\"_blank\"><br \/>\ndont le physique a souvent \u00e9t\u00e9 tacl\u00e9<\/a>.<\/p>\n<p>Brigitte Macron assure par ailleurs que \u00ab\u00a0les conjoints ne<br \/>\nsont pas pr\u00e9par\u00e9s \u00e0 cette fonction qui n\u00a0\u00bben est d&rsquo;ailleurs pas<br \/>\nune\u00a0\u00bb. Pour <strong>s\u2019acclimater au mieux \u00e0 cette nouvelle<br \/>\nvie<\/strong> loin des salles de classe, l\u2019\u00e9pouse du pr\u00e9sident est<br \/>\ndonc <strong>pass\u00e9e \u00e0 l\u2019action<\/strong> : \u00ab\u00a0Tr\u00e8s vite apr\u00e8s \u00eatre<br \/>\narriv\u00e9e \u00e0 l&rsquo;Elys\u00e9e, <strong>j&rsquo;ai \u00e9chang\u00e9 avec les premi\u00e8res<br \/>\ndames<\/strong> qui m&rsquo;avaient pr\u00e9c\u00e9d\u00e9e [Anne-Aymone Giscard<br \/>\nd&rsquo;Estaing, Bernadette Chirac, Val\u00e9rie Trierweiler, NDLR]. J&rsquo;ai<br \/>\n\u00e9cout\u00e9 tr\u00e8s attentivement et retenu ce qu&rsquo;elles m&rsquo;ont<br \/>\ndit\u00a0\u00bb.<\/p>\n<p>Brigitte Macron : \u00ab\u00a0personne ne peut r\u00e9sister \u00e0 Carla\u00a0\u00bb<\/p>\n<p>Selon Carla Bruni, peu de femmes ont finalement connu cette<br \/>\nposition de Premi\u00e8re dame. \u00ab\u00a0Donc cette complicit\u00e9,<br \/>\n<strong>cette amiti\u00e9 est imm\u00e9diate\u00a0\u00bb<\/strong>, assure-t-elle.<br \/>\nElle et Brigitte Macron s\u2019entendent particuli\u00e8rement bien et<br \/>\n<strong>entretiennent depuis leur rencontre d\u2019excellentes<br \/>\nrelations<\/strong>.<\/p>\n<p>Il faut dire que l&rsquo;humour \u00ab\u00a0d\u00e9capant\u00a0\u00bb de Carla Bruni est<br \/>\naussi unique que s\u00e9duisant. <strong>\u00ab\u00a0Personne ne peut r\u00e9sister<br \/>\n\u00e0 Carla. Je n&rsquo;essaie m\u00eame pas\u00a0\u00bb<\/strong>, d\u00e9voilait alors<br \/>\nBrigitte Macron aupr\u00e8s de nos confr\u00e8res \u00e0 l\u2019\u00e9poque. Et de pr\u00e9ciser<br \/>\nau sujet de <a href=\"https:\/\/www.melty.fr\/people\/17-ans-apres-nicolas-sarkozy-balance-sur-son-mariage-avec-carla-bruni-rien-nest-acquis-2223693.html\" rel=\"nofollow noopener\" target=\"_blank\"><br \/>\nl\u2019\u00e9pouse de Nicolas Sarkozy<\/a> : \u00ab\u00a0On se rencontre dans les<br \/>\n\u00e9v\u00e9nements officiels. Malheureusement aussi \u00e0 des enterrements o\u00f9<br \/>\non ne peut pas du tout se parler\u00a0\u00bb.<\/p>\n<p>Nicolas Sarkozy et Emmanuel Macron<br \/>\nvolontairement mis de c\u00f4t\u00e9<\/p>\n<p>Brigitte Macron et Carla Bruni ne se contentent pas des<br \/>\n\u00e9v\u00e9nements officiels pour \u00e9changer. Ensemble, les deux femmes<br \/>\n<strong>partagent leurs emplois du temps<\/strong>. <strong>\u00ab\u00a0On<br \/>\nse voit en priv\u00e9<\/strong>. On organise des d\u00e9jeuners. Et l\u00e0, je<br \/>\npeux vous garantir que <strong>la parole est totalement<br \/>\nlibre\u00a0\u00bb<\/strong>, r\u00e9v\u00e8le la femme de l\u2019actuel pr\u00e9sident de la<br \/>\nR\u00e9publique. Des moments intimes durant lesquels <strong>leurs \u00e9poux<br \/>\nrespectifs ne sont pas convi\u00e9s<\/strong> comme le rappelle Carla<br \/>\nBruni :\u00a0\u00ab\u00a0Nous sommes entre nous : <strong>sans maris, ni<br \/>\npr\u00e9sidents<\/strong>. Et ils se demandent vraiment ce que<br \/>\nl&rsquo;on se raconte. Nicolas essaie toujours de venir tendre l&rsquo;oreille<br \/>\n!\u00a0\u00bb.<\/p>\n<p>Mieux encore, <strong>les deux femmes \u00e9changent souvent des<br \/>\ntextos<\/strong>, du moins d\u00e8s \u00ab\u00a0que l&rsquo;une a un moment fort dans<br \/>\nson actualit\u00e9\u00a0\u00bb. Proche de Brigitte Macron, la chanteuse de 57<br \/>\nans n\u2019h\u00e9site pas \u00e0 lui venir en aide lorsqu\u2019elle en ressent le<br \/>\nbesoin : \u00ab\u00a0Si je peux faire quoique ce soit pour aider Brigitte,<br \/>\nje le ferai. Je le ferai parce que <strong>c&rsquo;est une femme d&rsquo;une<br \/>\nhumanit\u00e9, d&rsquo;une gentillesse et d&rsquo;une simplicit\u00e9<br \/>\nextraordinaire\u00a0\u00bb<\/strong>. Une amiti\u00e9 comme \u00e7a ou rien !<\/p>\n","protected":false},"excerpt":{"rendered":"Voil\u00e0 huit ans que Brigitte Macron a int\u00e9gr\u00e9 le palais de l\u2019Elys\u00e9e. En remportant l\u2019\u00e9lection pr\u00e9sidentielle en mai&hellip;\n","protected":false},"author":2,"featured_media":63207,"comment_status":"","ping_status":"","sticky":false,"template":"","format":"standard","meta":{"footnotes":""},"categories":[1359],"tags":[905,986,12667,58,59,1011,27,973],"class_list":{"0":"post-63206","1":"post","2":"type-post","3":"status-publish","4":"format-standard","5":"has-post-thumbnail","7":"category-people","8":"tag-a-la-une-melty","9":"tag-brigitte-macron","10":"tag-carla-bruni","11":"tag-divertissement","12":"tag-entertainment","13":"tag-fr","14":"tag-france","15":"tag-people"},"share_on_mastodon":{"url":"https:\/\/pubeurope.com\/@fr\/114424381649658713","error":""},"_links":{"self":[{"href":"https:\/\/www.europesays.com\/fr\/wp-json\/wp\/v2\/posts\/63206","targetHints":{"allow":["GET"]}}],"collection":[{"href":"https:\/\/www.europesays.com\/fr\/wp-json\/wp\/v2\/posts"}],"about":[{"href":"https:\/\/www.europesays.com\/fr\/wp-json\/wp\/v2\/types\/post"}],"author":[{"embeddable":true,"href":"https:\/\/www.europesays.com\/fr\/wp-json\/wp\/v2\/users\/2"}],"replies":[{"embeddable":true,"href":"https:\/\/www.europesays.com\/fr\/wp-json\/wp\/v2\/comments?post=63206"}],"version-history":[{"count":0,"href":"https:\/\/www.europesays.com\/fr\/wp-json\/wp\/v2\/posts\/63206\/revisions"}],"wp:featuredmedia":[{"embeddable":true,"href":"https:\/\/www.europesays.com\/fr\/wp-json\/wp\/v2\/media\/63207"}],"wp:attachment":[{"href":"https:\/\/www.europesays.com\/fr\/wp-json\/wp\/v2\/media?parent=63206"}],"wp:term":[{"taxonomy":"category","embeddable":true,"href":"https:\/\/www.europesays.com\/fr\/wp-json\/wp\/v2\/categories?post=63206"},{"taxonomy":"post_tag","embeddable":true,"href":"https:\/\/www.europesays.com\/fr\/wp-json\/wp\/v2\/tags?post=63206"}],"curies":[{"name":"wp","href":"https:\/\/api.w.org\/{rel}","templated":true}]}}